{"id":6702,"date":"2019-04-23T07:00:52","date_gmt":"2019-04-23T05:00:52","guid":{"rendered":"http:\/\/www.creusonslabible.fr\/?p=6702"},"modified":"2025-01-23T12:17:10","modified_gmt":"2025-01-23T10:17:10","slug":"amos-5-21-27-le-veritable-culte-4","status":"publish","type":"post","link":"https:\/\/www.creusonslabible.fr\/?p=6702","title":{"rendered":"Amos 9.11-15 &#8211; ESPOIR"},"content":{"rendered":"<blockquote><p>11 En ce jour-l\u00e0, je rel\u00e8verai la hutte chancelante de David,<\/p>\n<p>j&rsquo;en r\u00e9parerai les br\u00e8ches,<\/p>\n<p>j&rsquo;en rel\u00e8verai les ruines<\/p>\n<p>et je la reb\u00e2tirai comme elle \u00e9tait autrefois,<\/p>\n<p>12 afin qu&rsquo;ils prennent possession<\/p>\n<p>du reste d&rsquo;Edom et de toutes les nations<\/p>\n<p>sur lesquelles mon nom a \u00e9t\u00e9 invoqu\u00e9<\/p>\n<p>\u2013 d\u00e9claration du SEIGNEUR, qui fait tout cela.<\/p>\n<p>13 Les jours viennent<\/p>\n<p>\u2013 d\u00e9claration du SEIGNEUR \u2013<\/p>\n<p>o\u00f9 le laboureur suivra de pr\u00e8s le moissonneur,<\/p>\n<p>o\u00f9 celui qui foule le raisin suivra de pr\u00e8s celui qui r\u00e9pand la semence,<\/p>\n<p>o\u00f9 le jus du raisin ruissellera des montagnes<\/p>\n<p>et o\u00f9 toutes les collines s&rsquo;\u00e9pancheront.<\/p>\n<p>14 Je r\u00e9tablirai la situation d&rsquo;Isra\u00ebl, mon peuple ;<\/p>\n<p>ils reb\u00e2tiront les villes d\u00e9vast\u00e9es<\/p>\n<p>et ils les habiteront,<\/p>\n<p>ils planteront des vignes<\/p>\n<p>et ils en boiront le vin,<\/p>\n<p>ils feront des jardins<\/p>\n<p>et ils en mangeront le fruit.<\/p>\n<p>15 Je les planterai sur leur terre,<\/p>\n<p>et ils ne seront plus d\u00e9racin\u00e9s<\/p>\n<p>de la terre que je leur ai donn\u00e9e,<\/p>\n<p>dit le SEIGNEUR, ton Dieu.<\/p>\n<p>&nbsp;<\/p><\/blockquote>\n<h3>Fin de royaume<\/h3>\n<p>En 722, les assyriens vont d\u00e9porter la haute soci\u00e9t\u00e9 samaritaine et en 587 les babyloniens emporteront la population de Juda. Et c&rsquo;est un reste de ces derniers, habitants du royaume du sud, qui va revenir dans le pays promis (11) ! Les interlocuteurs d&rsquo;Amos ne reviendront jamais sur leur terre et la population qui n&rsquo;a pas \u00e9t\u00e9 exil\u00e9e va se m\u00e9langer \u00e0 d&rsquo;autres peuplades pa\u00efennes ce qui donnera les samaritains si m\u00e9pris\u00e9s par les juifs du temps de J\u00e9sus.<\/p>\n<h3>Renouveau<\/h3>\n<p>En 520, Zorobabel, un descendant de David, va revenir \u00e0 J\u00e9rusalem et reconstruire le temple. En 445 N\u00e9h\u00e9mie va quant \u00e0 lui reb\u00e2tir la ville avec ses remparts. De 164 \u00e0 63 il y aura m\u00eame un royaume juif ind\u00e9pendant&#8230; jusqu&rsquo;\u00e0 ce que les romains dominent la r\u00e9gion. Cette pr\u00e9diction faite par Amos en 760 s&rsquo;est donc bien r\u00e9alis\u00e9e !<\/p>\n<h3>Probl\u00e8me historique<\/h3>\n<p>Il reste tout de m\u00eame le v.15 qui pose probl\u00e8me ! M\u00eame s\u2019ils avaient \u00e9t\u00e9 replant\u00e9s, les juifs ont commenc\u00e9 \u00e0 \u00eatre de nouveau d\u00e9racin\u00e9s en 70 de notre \u00e8re avec la destruction d\u00e9finitive du temple et la fin de la dynastie huronienne mais surtout en 135 apr\u00e8s la d\u00e9faite de Bar Kochba qui provoque l\u2019expulsion des juifs de Jud\u00e9e. Dieu est-il revenu sur sa promesse ? Si l\u2019on tient compte qu\u2019avec l\u2019oeuvre du Roi J\u00e9sus nous sommes pass\u00e9s dans <a href=\"http:\/\/www.creusonslabible.fr\/?p=5062\">une Nouvelle Alliance, bien meilleure, les promesses li\u00e9es au pays ont-elles aussi \u00e9volu\u00e9 dans une dimension sup\u00e9rieure.<\/a> Aujourd\u2019hui, les chr\u00e9tiens esp\u00e8rent une Nouvelle Terre sur laquelle J\u00e9sus, David parfait (11), r\u00e8gnera pleinement et o\u00f9 la Cr\u00e9ation elle-m\u00eame sera renouvel\u00e9e de la m\u00eame mani\u00e8re que les corps ressuscit\u00e9s des \u00e9lus.<\/p>\n<p>&nbsp;<\/p>\n<ul>\n<li>Dieu reste fid\u00e8le \u00e0 son alliance&#8230; heureusement pour nous ! \u00ab\u00a0Si nous sommes infid\u00e8les, lui, il demeure fid\u00e8le, car il ne pourra jamais se renier lui-m\u00eame.\u00a0\u00bb (2 Tim 2.13)<\/li>\n<\/ul>\n<ul>\n<li>La Nouvelle Terre commence d\u00e8s aujourd\u2019hui quand la famille de J\u00e9sus se r\u00e9unit pour le louer, le servir, \u00eatre une communaut\u00e9 vivant selon sa volont\u00e9 et proclamant son nom \u00e0 ses contemporains. Les fruits de la moisson ne sont plus agricoles mais spirituels, ce ne sont plus des grains mais des humains qui, \u00e0 leur tour, portent du fruit.<\/li>\n<\/ul>\n","protected":false},"excerpt":{"rendered":"<p>11 En ce jour-l\u00e0, je rel\u00e8verai la hutte chancelante de David, j&rsquo;en r\u00e9parerai les br\u00e8ches, j&rsquo;en rel\u00e8verai les ruines et je la reb\u00e2tirai comme elle \u00e9tait autrefois, 12 afin qu&rsquo;ils prennent possession du reste d&rsquo;Edom et de toutes les nations sur lesquelles mon nom a \u00e9t\u00e9 invoqu\u00e9 \u2013 d\u00e9claration du SEIGNEUR, qui fait tout cela. [&hellip;]<\/p>\n","protected":false},"author":3,"featured_media":6704,"comment_status":"open","ping_status":"closed","sticky":false,"template":"","format":"standard","meta":{"_acf_changed":false,"_eb_attr":"","advgb_blocks_editor_width":"","advgb_blocks_columns_visual_guide":"","footnotes":""},"categories":[16],"tags":[439,651],"video":[],"audio":[],"ecrit":[],"mis-en-avant":[],"redacteur":[],"type-darticle":[],"class_list":["post-6702","post","type-post","status-publish","format-standard","has-post-thumbnail","hentry","category-meditations-bibliques","tag-amos","tag-ecrit"],"blocksy_meta":[],"acf":[],"featured_image_src":"https:\/\/www.creusonslabible.fr\/wp-content\/uploads\/2019\/04\/delfi-de-la-rua-702542-unsplash-e1554120773803-1-scaled-1.jpg","author_info":{"display_name":"Yoh","author_link":"https:\/\/www.creusonslabible.fr\/?author=3"},"author_meta":{"display_name":"Yoh","author_link":"https:\/\/www.creusonslabible.fr\/?author=3"},"featured_img":"https:\/\/www.creusonslabible.fr\/wp-content\/uploads\/2019\/04\/delfi-de-la-rua-702542-unsplash-e1554120773803-1-scaled-1-267x300.jpg","coauthors":[],"tax_additional":{"categories":{"linked":["<a href=\"https:\/\/www.creusonslabible.fr\/?cat=16\" class=\"advgb-post-tax-term\">M\u00e9ditations bibliques<\/a>"],"unlinked":["<span class=\"advgb-post-tax-term\">M\u00e9ditations bibliques<\/span>"]},"tags":{"linked":["<a href=\"https:\/\/www.creusonslabible.fr\/?cat=16\" class=\"advgb-post-tax-term\">Amos<\/a>","<a href=\"https:\/\/www.creusonslabible.fr\/?cat=16\" class=\"advgb-post-tax-term\">\u00e9crit<\/a>"],"unlinked":["<span class=\"advgb-post-tax-term\">Amos<\/span>","<span class=\"advgb-post-tax-term\">\u00e9crit<\/span>"]}},"comment_count":"0","relative_dates":{"created":"Publi\u00e9 7 ans il y a","modified":"Mis \u00e0 jour 1 an il y a"},"absolute_dates":{"created":"Publi\u00e9 le 23 avril 2019","modified":"Mise \u00e0 jour le 23 janvier 2025"},"absolute_dates_time":{"created":"Publi\u00e9 le 23 avril 2019 7h00","modified":"Mise \u00e0 jour le 23 janvier 2025 12h17"},"featured_img_caption":"","series_order":"","meta_box":[],"_links":{"self":[{"href":"https:\/\/www.creusonslabible.fr\/index.php?rest_route=\/wp\/v2\/posts\/6702","targetHints":{"allow":["GET"]}}],"collection":[{"href":"https:\/\/www.creusonslabible.fr\/index.php?rest_route=\/wp\/v2\/posts"}],"about":[{"href":"https:\/\/www.creusonslabible.fr\/index.php?rest_route=\/wp\/v2\/types\/post"}],"author":[{"embeddable":true,"href":"https:\/\/www.creusonslabible.fr\/index.php?rest_route=\/wp\/v2\/users\/3"}],"replies":[{"embeddable":true,"href":"https:\/\/www.creusonslabible.fr\/index.php?rest_route=%2Fwp%2Fv2%2Fcomments&post=6702"}],"version-history":[{"count":1,"href":"https:\/\/www.creusonslabible.fr\/index.php?rest_route=\/wp\/v2\/posts\/6702\/revisions"}],"predecessor-version":[{"id":10360,"href":"https:\/\/www.creusonslabible.fr\/index.php?rest_route=\/wp\/v2\/posts\/6702\/revisions\/10360"}],"wp:featuredmedia":[{"embeddable":true,"href":"https:\/\/www.creusonslabible.fr\/index.php?rest_route=\/wp\/v2\/media\/6704"}],"wp:attachment":[{"href":"https:\/\/www.creusonslabible.fr\/index.php?rest_route=%2Fwp%2Fv2%2Fmedia&parent=6702"}],"wp:term":[{"taxonomy":"category","embeddable":true,"href":"https:\/\/www.creusonslabible.fr\/index.php?rest_route=%2Fwp%2Fv2%2Fcategories&post=6702"},{"taxonomy":"post_tag","embeddable":true,"href":"https:\/\/www.creusonslabible.fr\/index.php?rest_route=%2Fwp%2Fv2%2Ftags&post=6702"},{"taxonomy":"video","embeddable":true,"href":"https:\/\/www.creusonslabible.fr\/index.php?rest_route=%2Fwp%2Fv2%2Fvideo&post=6702"},{"taxonomy":"audio","embeddable":true,"href":"https:\/\/www.creusonslabible.fr\/index.php?rest_route=%2Fwp%2Fv2%2Faudio&post=6702"},{"taxonomy":"ecrit","embeddable":true,"href":"https:\/\/www.creusonslabible.fr\/index.php?rest_route=%2Fwp%2Fv2%2Fecrit&post=6702"},{"taxonomy":"mis-en-avant","embeddable":true,"href":"https:\/\/www.creusonslabible.fr\/index.php?rest_route=%2Fwp%2Fv2%2Fmis-en-avant&post=6702"},{"taxonomy":"redacteur","embeddable":true,"href":"https:\/\/www.creusonslabible.fr\/index.php?rest_route=%2Fwp%2Fv2%2Fredacteur&post=6702"},{"taxonomy":"type-darticle","embeddable":true,"href":"https:\/\/www.creusonslabible.fr\/index.php?rest_route=%2Fwp%2Fv2%2Ftype-darticle&post=6702"}],"curies":[{"name":"wp","href":"https:\/\/api.w.org\/{rel}","templated":true}]}}