{"id":6706,"date":"2019-04-30T07:55:11","date_gmt":"2019-04-30T05:55:11","guid":{"rendered":"http:\/\/www.creusonslabible.fr\/?p=6706"},"modified":"2025-01-23T12:17:10","modified_gmt":"2025-01-23T10:17:10","slug":"amos-5-21-27-le-veritable-culte-4-2","status":"publish","type":"post","link":"https:\/\/www.creusonslabible.fr\/?p=6706","title":{"rendered":"Ps 98 &#8211; JUSTE JUGE"},"content":{"rendered":"<blockquote><p>&nbsp;<\/p>\n<p>Chantez pour le SEIGNEUR un chant nouveau,<\/p>\n<p>car il a fait des choses \u00e9tonnantes ;<\/p>\n<p>sa main droite et son bras saint lui ont donn\u00e9 la victoire.<\/p>\n<p>2 Le SEIGNEUR a fait conna\u00eetre son salut,<\/p>\n<p>il a d\u00e9voil\u00e9 sa justice sous les yeux des nations.<\/p>\n<p>3 Il s&rsquo;est souvenu de sa fid\u00e9lit\u00e9<\/p>\n<p>et de sa constance envers la maison d&rsquo;Isra\u00ebl ;<\/p>\n<p>toutes les extr\u00e9mit\u00e9s de la terre<\/p>\n<p>ont vu le salut de notre Dieu.<\/p>\n<p>4 Acclame le SEIGNEUR, terre enti\u00e8re !<\/p>\n<p>Eclatez en cris de joie, chantez !<\/p>\n<p>5 Jouez de la lyre pour le SEIGNEUR ;<\/p>\n<p>sur la lyre jouez une m\u00e9lodie ;<\/p>\n<p>6 avec des trompettes et au son de la trompe,<\/p>\n<p>lancez des acclamations devant le roi, le SEIGNEUR !<\/p>\n<p>7 Que la mer retentisse, avec tout ce qui s&rsquo;y trouve,<\/p>\n<p>le monde avec tous ceux qui l&rsquo;habitent !<\/p>\n<p>8 Que les fleuves battent des mains,<\/p>\n<p>qu&rsquo;avec eux les montagnes poussent des cris de joie,<\/p>\n<p>9 devant le SEIGNEUR, car il vient pour juger la terre !<\/p>\n<p>Il jugera le monde avec justice,<\/p>\n<p>il jugera les peuples avec droiture.<\/p><\/blockquote>\n<p>&nbsp;<\/p>\n<h3>Louange<\/h3>\n<p>Le fait d&rsquo;\u00eatre sauv\u00e9, pardonn\u00e9, aim\u00e9 par Dieu n&rsquo;a qu&rsquo;une seule issue : la louange. Et le psalmiste n&rsquo;y va pas de main morte : il y a le peuple mais aussi le monde entier (3), la mer, les rivi\u00e8res, les montagnes qui louent Dieu par le chant et la danse !<\/p>\n<h3>Amour droit<\/h3>\n<p>Le droit et la justice de Dieu sont mentionn\u00e9s quatre fois (2, 3, 9). Dieu aime et sauve&#8230; mais il ne le fait jamais en laissant le P\u00e9ch\u00e9 impuni. Les gens d&rsquo;Isra\u00ebl et de Juda en ont fait l&rsquo;exp\u00e9rience avec l&rsquo;exil. De m\u00eame, Dieu nous pardonne parce que J\u00e9sus a pay\u00e9 le prix de notre P\u00e9ch\u00e9 sur la croix.<\/p>\n<h3>Jugement dernier<\/h3>\n<p>\u00c0 la fin des temps, J\u00e9sus reviendra et jugera le monde (9). D&rsquo;apr\u00e8s Apocalypse 20.11-15 deux livres seront alors ouverts : celui qui contient tous les actes des humains (dont ceux qui les condamnent) et le livre de vie (dans lequel figurent ceux qui ont mis leur foi en J\u00e9sus).<\/p>\n<p>&nbsp;<\/p>\n<ul>\n<li>Merci J\u00e9sus parce que, rev\u00eatu de ta justice, je pourrai para\u00eetre pur et innocent devant le tr\u00f4ne du P\u00e8re !<\/li>\n<\/ul>\n<ul>\n<li>Quand J\u00e9sus r\u00e8gnera sur la Nouvelle Terre, tout le monde en sera heureux. M\u00eame ceux les perdus ? Probablement car dans un nouveau monde o\u00f9 seule la Justice habite et donc sans Mal ou Mensonge, on ne peut que se r\u00e9jouir que tout soit rentr\u00e9 dans l&rsquo;ordre. Si les r\u00e9prouv\u00e9s auront d&rsquo;amers regrets, ce ne sera pas \u00e0 cause du r\u00e8gne effectif de J\u00e9sus mais parce qu&rsquo;ils ne l&rsquo;auront pas laiss\u00e9 r\u00e9gner sur leur vie avant son Retour. On peut donc penser que m\u00eame ceux qui souffriront seront d&rsquo;accord avec la justice de Dieu \u00e0 leur \u00e9gard.<\/li>\n<\/ul>\n","protected":false},"excerpt":{"rendered":"<p>&nbsp; Chantez pour le SEIGNEUR un chant nouveau, car il a fait des choses \u00e9tonnantes ; sa main droite et son bras saint lui ont donn\u00e9 la victoire. 2 Le SEIGNEUR a fait conna\u00eetre son salut, il a d\u00e9voil\u00e9 sa justice sous les yeux des nations. 3 Il s&rsquo;est souvenu de sa fid\u00e9lit\u00e9 et de [&hellip;]<\/p>\n","protected":false},"author":3,"featured_media":6704,"comment_status":"open","ping_status":"closed","sticky":false,"template":"","format":"standard","meta":{"_acf_changed":false,"_eb_attr":"","advgb_blocks_editor_width":"","advgb_blocks_columns_visual_guide":"","footnotes":""},"categories":[16],"tags":[651,123,416],"video":[],"audio":[],"ecrit":[],"mis-en-avant":[],"redacteur":[],"type-darticle":[],"class_list":["post-6706","post","type-post","status-publish","format-standard","has-post-thumbnail","hentry","category-meditations-bibliques","tag-ecrit","tag-joie","tag-jugement"],"blocksy_meta":[],"acf":[],"featured_image_src":"https:\/\/www.creusonslabible.fr\/wp-content\/uploads\/2019\/04\/delfi-de-la-rua-702542-unsplash-e1554120773803-1-scaled-1.jpg","author_info":{"display_name":"Yoh","author_link":"https:\/\/www.creusonslabible.fr\/?author=3"},"author_meta":{"display_name":"Yoh","author_link":"https:\/\/www.creusonslabible.fr\/?author=3"},"featured_img":"https:\/\/www.creusonslabible.fr\/wp-content\/uploads\/2019\/04\/delfi-de-la-rua-702542-unsplash-e1554120773803-1-scaled-1-267x300.jpg","coauthors":[],"tax_additional":{"categories":{"linked":["<a href=\"https:\/\/www.creusonslabible.fr\/?cat=16\" class=\"advgb-post-tax-term\">M\u00e9ditations bibliques<\/a>"],"unlinked":["<span class=\"advgb-post-tax-term\">M\u00e9ditations bibliques<\/span>"]},"tags":{"linked":["<a href=\"https:\/\/www.creusonslabible.fr\/?cat=16\" class=\"advgb-post-tax-term\">\u00e9crit<\/a>","<a href=\"https:\/\/www.creusonslabible.fr\/?cat=16\" class=\"advgb-post-tax-term\">joie<\/a>","<a href=\"https:\/\/www.creusonslabible.fr\/?cat=16\" class=\"advgb-post-tax-term\">jugement<\/a>"],"unlinked":["<span class=\"advgb-post-tax-term\">\u00e9crit<\/span>","<span class=\"advgb-post-tax-term\">joie<\/span>","<span class=\"advgb-post-tax-term\">jugement<\/span>"]}},"comment_count":"0","relative_dates":{"created":"Publi\u00e9 7 ans il y a","modified":"Mis \u00e0 jour 1 an il y a"},"absolute_dates":{"created":"Publi\u00e9 le 30 avril 2019","modified":"Mise \u00e0 jour le 23 janvier 2025"},"absolute_dates_time":{"created":"Publi\u00e9 le 30 avril 2019 7h55","modified":"Mise \u00e0 jour le 23 janvier 2025 12h17"},"featured_img_caption":"","series_order":"","meta_box":[],"_links":{"self":[{"href":"https:\/\/www.creusonslabible.fr\/index.php?rest_route=\/wp\/v2\/posts\/6706","targetHints":{"allow":["GET"]}}],"collection":[{"href":"https:\/\/www.creusonslabible.fr\/index.php?rest_route=\/wp\/v2\/posts"}],"about":[{"href":"https:\/\/www.creusonslabible.fr\/index.php?rest_route=\/wp\/v2\/types\/post"}],"author":[{"embeddable":true,"href":"https:\/\/www.creusonslabible.fr\/index.php?rest_route=\/wp\/v2\/users\/3"}],"replies":[{"embeddable":true,"href":"https:\/\/www.creusonslabible.fr\/index.php?rest_route=%2Fwp%2Fv2%2Fcomments&post=6706"}],"version-history":[{"count":1,"href":"https:\/\/www.creusonslabible.fr\/index.php?rest_route=\/wp\/v2\/posts\/6706\/revisions"}],"predecessor-version":[{"id":10359,"href":"https:\/\/www.creusonslabible.fr\/index.php?rest_route=\/wp\/v2\/posts\/6706\/revisions\/10359"}],"wp:featuredmedia":[{"embeddable":true,"href":"https:\/\/www.creusonslabible.fr\/index.php?rest_route=\/wp\/v2\/media\/6704"}],"wp:attachment":[{"href":"https:\/\/www.creusonslabible.fr\/index.php?rest_route=%2Fwp%2Fv2%2Fmedia&parent=6706"}],"wp:term":[{"taxonomy":"category","embeddable":true,"href":"https:\/\/www.creusonslabible.fr\/index.php?rest_route=%2Fwp%2Fv2%2Fcategories&post=6706"},{"taxonomy":"post_tag","embeddable":true,"href":"https:\/\/www.creusonslabible.fr\/index.php?rest_route=%2Fwp%2Fv2%2Ftags&post=6706"},{"taxonomy":"video","embeddable":true,"href":"https:\/\/www.creusonslabible.fr\/index.php?rest_route=%2Fwp%2Fv2%2Fvideo&post=6706"},{"taxonomy":"audio","embeddable":true,"href":"https:\/\/www.creusonslabible.fr\/index.php?rest_route=%2Fwp%2Fv2%2Faudio&post=6706"},{"taxonomy":"ecrit","embeddable":true,"href":"https:\/\/www.creusonslabible.fr\/index.php?rest_route=%2Fwp%2Fv2%2Fecrit&post=6706"},{"taxonomy":"mis-en-avant","embeddable":true,"href":"https:\/\/www.creusonslabible.fr\/index.php?rest_route=%2Fwp%2Fv2%2Fmis-en-avant&post=6706"},{"taxonomy":"redacteur","embeddable":true,"href":"https:\/\/www.creusonslabible.fr\/index.php?rest_route=%2Fwp%2Fv2%2Fredacteur&post=6706"},{"taxonomy":"type-darticle","embeddable":true,"href":"https:\/\/www.creusonslabible.fr\/index.php?rest_route=%2Fwp%2Fv2%2Ftype-darticle&post=6706"}],"curies":[{"name":"wp","href":"https:\/\/api.w.org\/{rel}","templated":true}]}}