{"id":6719,"date":"2019-04-12T11:58:58","date_gmt":"2019-04-12T09:58:58","guid":{"rendered":"http:\/\/www.creusonslabible.fr\/?p=6719"},"modified":"2025-01-23T13:08:04","modified_gmt":"2025-01-23T11:08:04","slug":"regards-croises-sur-la-croix-3-2","status":"publish","type":"post","link":"https:\/\/www.creusonslabible.fr\/?p=6719","title":{"rendered":"Les derniers moments de J\u00e9sus dans l&rsquo;\u00e9vangile de Jean"},"content":{"rendered":"\n<h2 class=\"wp-block-heading\">L&rsquo;\u00e9vangile de Jean contient deux parties bien distinctes : les 12 premiers chapitres qui parlent de la vie du Fils de Dieu sur terre et les 9 derniers qui se focalisent sur ses derniers jours de vie. C&rsquo;est cette p\u00e9riode tr\u00e8s importante qu&rsquo;Interfac Paris a \u00e9tudi\u00e9 il y a quelques ann\u00e9es.<\/h2>\n\n\n\n<p>&nbsp;<\/p>\n\n\n\n<p>&nbsp;<\/p>\n\n\n\n<h3 class=\"wp-block-heading\">Jean 13.1-17, par Daniel Mullins<\/h3>\n\n\n\n<figure class=\"wp-block-audio\"><audio controls src=\"http:\/\/elearning.gbu.fr\/audio\/IDF\/Jean\/Jean_13.1-17_Mullins.mp3\"><\/audio><\/figure>\n\n\n\n<p><a href=\"http:\/\/elearning.gbu.fr\/audio\/IDF\/Jean\/Jean_13.1-17_Mullins.mp3\">t\u00e9l\u00e9charger (clic droit \u2013 enregistrer la cible du lien sous)<\/a><\/p>\n\n\n\n<hr class=\"wp-block-separator has-alpha-channel-opacity\"\/>\n\n\n\n<h3 class=\"wp-block-heading\">Jean 13.21-14.4, par Fabrice Mal\u00e9l\u00e9<\/h3>\n\n\n\n<figure class=\"wp-block-audio\"><audio controls src=\"http:\/\/elearning.gbu.fr\/audio\/IDF\/Jean\/Jean_13v21_-_14v4_Malele.mp3\"><\/audio><\/figure>\n\n\n\n<p><a href=\"http:\/\/elearning.gbu.fr\/audio\/IDF\/Jean\/Jean_13v21_-_14v4_Malele.mp3\">t\u00e9l\u00e9charger (clic droit \u2013 enregistrer la cible du lien sous)<\/a><\/p>\n\n\n\n<hr class=\"wp-block-separator has-alpha-channel-opacity\"\/>\n\n\n\n<h3 class=\"wp-block-heading\">Jean 14.5-14, par Daniel Mullins<\/h3>\n\n\n\n<figure class=\"wp-block-audio\"><audio controls src=\"http:\/\/elearning.gbu.fr\/audio\/IDF\/Jean\/Jean_14v5-14_Mullins.mp3\"><\/audio><\/figure>\n\n\n\n<p><a href=\"http:\/\/elearning.gbu.fr\/audio\/IDF\/Jean\/Jean_14v5-14_Mullins.mp3\">t\u00e9l\u00e9charger (clic droit \u2013 enregistrer la cible du lien sous)<\/a><\/p>\n\n\n\n<hr class=\"wp-block-separator has-alpha-channel-opacity\"\/>\n\n\n\n<h3 class=\"wp-block-heading\">Jean 15.1-17, par Matthieu Sanders<\/h3>\n\n\n\n<figure class=\"wp-block-audio\"><audio controls src=\"http:\/\/elearning.gbu.fr\/audio\/IDF\/Jean\/Jean_15v1-17_Sanders.mp3\"><\/audio><\/figure>\n\n\n\n<p><a href=\"http:\/\/elearning.gbu.fr\/audio\/IDF\/Jean\/Jean_15v1-17_Sanders.mp3\">t\u00e9l\u00e9charger (clic droit \u2013 enregistrer la cible du lien sous)<\/a><\/p>\n\n\n\n<hr class=\"wp-block-separator has-alpha-channel-opacity\"\/>\n\n\n\n<h3 class=\"wp-block-heading\">Jean 15.18-16.4, par Daniel Mullins<\/h3>\n\n\n\n<figure class=\"wp-block-audio\"><audio controls src=\"http:\/\/elearning.gbu.fr\/audio\/IDF\/Jean\/Jean_15.18-16.4_Mullins.mp3\"><\/audio><\/figure>\n\n\n\n<p><a href=\"http:\/\/elearning.gbu.fr\/audio\/IDF\/Jean\/Jean_15.18-16.4_Mullins.mp3\">t\u00e9l\u00e9charger (clic droit \u2013 enregistrer la cible du lien sous)<\/a><\/p>\n\n\n\n<hr class=\"wp-block-separator has-alpha-channel-opacity\"\/>\n\n\n\n<h3 class=\"wp-block-heading\">Jean 16.5-15, par Jonathan Chaintrier<\/h3>\n\n\n\n<figure class=\"wp-block-audio\"><audio controls src=\"http:\/\/elearning.gbu.fr\/audio\/IDF\/Jean\/Jean%2016.5-15_Chaintrier.mp3\"><\/audio><\/figure>\n\n\n\n<p><a href=\"http:\/\/elearning.gbu.fr\/audio\/IDF\/Jean\/Jean%2016.5-15_Chaintrier.mp3\">t\u00e9l\u00e9charger (clic droit \u2013 enregistrer la cible du lien sous)<\/a><\/p>\n\n\n\n<hr class=\"wp-block-separator has-alpha-channel-opacity\"\/>\n\n\n\n<h3 class=\"wp-block-heading\">Jean 17, par David Brown<\/h3>\n\n\n\n<figure class=\"wp-block-audio\"><audio controls src=\"http:\/\/elearning.gbu.fr\/audio\/IDF\/Jean\/Jean_17_Brown.mp3\"><\/audio><\/figure>\n\n\n\n<p><a href=\"http:\/\/elearning.gbu.fr\/audio\/IDF\/Jean\/Jean_17_Brown.mp3\">t\u00e9l\u00e9charger (clic droit \u2013 enregistrer la cible du lien sous)<\/a><\/p>\n\n\n\n<hr class=\"wp-block-separator has-alpha-channel-opacity\"\/>\n\n\n\n<h3 class=\"wp-block-heading\">Jean 18, par Keith Butler<\/h3>\n\n\n\n<figure class=\"wp-block-audio\"><audio controls src=\"http:\/\/elearning.gbu.fr\/audio\/IDF\/Jean\/John%2018v1-27%20Butler.mp3\"><\/audio><\/figure>\n\n\n\n<p><a href=\"http:\/\/elearning.gbu.fr\/audio\/IDF\/Jean\/John%2018v1-27%20Butler.mp3\">t\u00e9l\u00e9charger (clic droit \u2013 enregistrer la cible du lien sous)<\/a><\/p>\n\n\n\n<hr class=\"wp-block-separator has-alpha-channel-opacity\"\/>\n\n\n\n<h3 class=\"wp-block-heading\">Jean 19 par Daniel Mullins<\/h3>\n\n\n\n<figure class=\"wp-block-audio\"><audio controls src=\"http:\/\/elearning.gbu.fr\/audio\/IDF\/Jean\/Jean_19_Mullins.mp3\"><\/audio><\/figure>\n\n\n\n<p><a href=\"http:\/\/elearning.gbu.fr\/audio\/IDF\/Jean\/Jean_19_Mullins.mp3\">t\u00e9l\u00e9charger (clic droit \u2013 enregistrer la cible du lien sous)<\/a><\/p>\n\n\n\n<hr class=\"wp-block-separator has-alpha-channel-opacity\"\/>\n\n\n\n<h3 class=\"wp-block-heading\">Jean 20, par Freddy Nzamb\u00e9<\/h3>\n\n\n\n<figure class=\"wp-block-audio\"><audio controls src=\"http:\/\/elearning.gbu.fr\/audio\/IDF\/Jean\/Jean_20_Nzambe.mp3\"><\/audio><\/figure>\n\n\n\n<p><a href=\"http:\/\/elearning.gbu.fr\/audio\/IDF\/Jean\/Jean_20_Nzambe.mp3\">t\u00e9l\u00e9charger (clic droit \u2013 enregistrer la cible du lien sous)<\/a><\/p>\n\n\n\n<p>&nbsp;<\/p>\n","protected":false},"excerpt":{"rendered":"<p>L&rsquo;\u00e9vangile de Jean contient deux parties bien distinctes : les 12 premiers chapitres qui parlent de la vie du Fils de Dieu sur terre et les 9 derniers qui se focalisent sur ses derniers jours de vie. C&rsquo;est cette p\u00e9riode tr\u00e8s importante qu&rsquo;Interfac Paris a \u00e9tudi\u00e9 il y a quelques ann\u00e9es. &nbsp; &nbsp; Jean 13.1-17, [&hellip;]<\/p>\n","protected":false},"author":3,"featured_media":6236,"comment_status":"open","ping_status":"closed","sticky":false,"template":"","format":"audio","meta":{"_acf_changed":false,"_eb_attr":"","advgb_blocks_editor_width":"","advgb_blocks_columns_visual_guide":"","footnotes":""},"categories":[73,75,24],"tags":[657,131,23],"video":[],"audio":[],"ecrit":[],"mis-en-avant":[],"redacteur":[],"type-darticle":[],"class_list":["post-6719","post","type-post","status-publish","format-audio","has-post-thumbnail","hentry","category-comment-dieu-sauve","category-jesus-le-fils","category-textes-bibliques-commentes","tag-audio","tag-jean","tag-nouveau-testament","post_format-post-format-audio"],"blocksy_meta":[],"acf":[],"featured_image_src":"https:\/\/www.creusonslabible.fr\/wp-content\/uploads\/2018\/07\/aaron-burden-21616-unsplash-1-scaled-1.jpg","author_info":{"display_name":"Yoh","author_link":"https:\/\/www.creusonslabible.fr\/?author=3"},"author_meta":{"display_name":"Yoh","author_link":"https:\/\/www.creusonslabible.fr\/?author=3"},"featured_img":"https:\/\/www.creusonslabible.fr\/wp-content\/uploads\/2018\/07\/aaron-burden-21616-unsplash-1-scaled-1-300x173.jpg","coauthors":[],"tax_additional":{"categories":{"linked":["<a href=\"https:\/\/www.creusonslabible.fr\/?cat=73\" class=\"advgb-post-tax-term\">Comment Dieu sauve<\/a>","<a href=\"https:\/\/www.creusonslabible.fr\/?cat=75\" class=\"advgb-post-tax-term\">J\u00e9sus le Fils<\/a>","<a href=\"https:\/\/www.creusonslabible.fr\/?cat=24\" class=\"advgb-post-tax-term\">Textes Bibliques comment\u00e9s<\/a>"],"unlinked":["<span class=\"advgb-post-tax-term\">Comment Dieu sauve<\/span>","<span class=\"advgb-post-tax-term\">J\u00e9sus le Fils<\/span>","<span class=\"advgb-post-tax-term\">Textes Bibliques comment\u00e9s<\/span>"]},"tags":{"linked":["<a href=\"https:\/\/www.creusonslabible.fr\/?cat=24\" class=\"advgb-post-tax-term\">audio<\/a>","<a href=\"https:\/\/www.creusonslabible.fr\/?cat=24\" class=\"advgb-post-tax-term\">Jean<\/a>","<a href=\"https:\/\/www.creusonslabible.fr\/?cat=24\" class=\"advgb-post-tax-term\">Nouveau-Testament<\/a>"],"unlinked":["<span class=\"advgb-post-tax-term\">audio<\/span>","<span class=\"advgb-post-tax-term\">Jean<\/span>","<span class=\"advgb-post-tax-term\">Nouveau-Testament<\/span>"]}},"comment_count":"0","relative_dates":{"created":"Publi\u00e9 7 ans il y a","modified":"Mis \u00e0 jour 1 an il y a"},"absolute_dates":{"created":"Publi\u00e9 le 12 avril 2019","modified":"Mise \u00e0 jour le 23 janvier 2025"},"absolute_dates_time":{"created":"Publi\u00e9 le 12 avril 2019 11h58","modified":"Mise \u00e0 jour le 23 janvier 2025 13h08"},"featured_img_caption":"","series_order":"","meta_box":[],"_links":{"self":[{"href":"https:\/\/www.creusonslabible.fr\/index.php?rest_route=\/wp\/v2\/posts\/6719","targetHints":{"allow":["GET"]}}],"collection":[{"href":"https:\/\/www.creusonslabible.fr\/index.php?rest_route=\/wp\/v2\/posts"}],"about":[{"href":"https:\/\/www.creusonslabible.fr\/index.php?rest_route=\/wp\/v2\/types\/post"}],"author":[{"embeddable":true,"href":"https:\/\/www.creusonslabible.fr\/index.php?rest_route=\/wp\/v2\/users\/3"}],"replies":[{"embeddable":true,"href":"https:\/\/www.creusonslabible.fr\/index.php?rest_route=%2Fwp%2Fv2%2Fcomments&post=6719"}],"version-history":[{"count":1,"href":"https:\/\/www.creusonslabible.fr\/index.php?rest_route=\/wp\/v2\/posts\/6719\/revisions"}],"predecessor-version":[{"id":10434,"href":"https:\/\/www.creusonslabible.fr\/index.php?rest_route=\/wp\/v2\/posts\/6719\/revisions\/10434"}],"wp:featuredmedia":[{"embeddable":true,"href":"https:\/\/www.creusonslabible.fr\/index.php?rest_route=\/wp\/v2\/media\/6236"}],"wp:attachment":[{"href":"https:\/\/www.creusonslabible.fr\/index.php?rest_route=%2Fwp%2Fv2%2Fmedia&parent=6719"}],"wp:term":[{"taxonomy":"category","embeddable":true,"href":"https:\/\/www.creusonslabible.fr\/index.php?rest_route=%2Fwp%2Fv2%2Fcategories&post=6719"},{"taxonomy":"post_tag","embeddable":true,"href":"https:\/\/www.creusonslabible.fr\/index.php?rest_route=%2Fwp%2Fv2%2Ftags&post=6719"},{"taxonomy":"video","embeddable":true,"href":"https:\/\/www.creusonslabible.fr\/index.php?rest_route=%2Fwp%2Fv2%2Fvideo&post=6719"},{"taxonomy":"audio","embeddable":true,"href":"https:\/\/www.creusonslabible.fr\/index.php?rest_route=%2Fwp%2Fv2%2Faudio&post=6719"},{"taxonomy":"ecrit","embeddable":true,"href":"https:\/\/www.creusonslabible.fr\/index.php?rest_route=%2Fwp%2Fv2%2Fecrit&post=6719"},{"taxonomy":"mis-en-avant","embeddable":true,"href":"https:\/\/www.creusonslabible.fr\/index.php?rest_route=%2Fwp%2Fv2%2Fmis-en-avant&post=6719"},{"taxonomy":"redacteur","embeddable":true,"href":"https:\/\/www.creusonslabible.fr\/index.php?rest_route=%2Fwp%2Fv2%2Fredacteur&post=6719"},{"taxonomy":"type-darticle","embeddable":true,"href":"https:\/\/www.creusonslabible.fr\/index.php?rest_route=%2Fwp%2Fv2%2Ftype-darticle&post=6719"}],"curies":[{"name":"wp","href":"https:\/\/api.w.org\/{rel}","templated":true}]}}