{"id":6745,"date":"2019-05-07T07:47:09","date_gmt":"2019-05-07T05:47:09","guid":{"rendered":"http:\/\/www.creusonslabible.fr\/?p=6745"},"modified":"2025-01-23T12:17:10","modified_gmt":"2025-01-23T10:17:10","slug":"jean-18-1-11-le-moment-de-verite","status":"publish","type":"post","link":"https:\/\/www.creusonslabible.fr\/?p=6745","title":{"rendered":"Jean 18.1-11 :  LE MOMENT DE V\u00c9RIT\u00c9"},"content":{"rendered":"<blockquote><p>18.1 Apr\u00e8s avoir dit cela, J\u00e9sus sortit avec ses disciples pour aller de l&rsquo;autre c\u00f4t\u00e9 de l&rsquo;oued C\u00e9dron, o\u00f9 se trouvait un jardin dans lequel il entra, lui et ses disciples.<\/p>\n<p>2 Judas, qui le livrait, connaissait le lieu, parce que J\u00e9sus et ses disciples s&rsquo;y \u00e9taient souvent r\u00e9unis.<\/p>\n<p>3 Judas, donc, qui avait emmen\u00e9 la cohorte et des gardes fournis par les grands pr\u00eatres et par les pharisiens, arrive l\u00e0 avec des torches, des lanternes et des armes. 4 J\u00e9sus, sachant tout ce qui allait lui arriver, s&rsquo;avan\u00e7a et leur dit\u00a0: Qui cherchez-vous\u00a0? 5 Ils lui r\u00e9pondirent\u00a0: J\u00e9sus le Naz\u00f4r\u00e9en. Il leur dit\u00a0: C&rsquo;est moi. Judas, qui le livrait, se tenait avec eux. 6 Lorsqu&rsquo;il leur dit\u00a0: \u00ab\u00a0C&rsquo;est moi\u00a0\u00bb, ils recul\u00e8rent et tomb\u00e8rent par terre.<\/p>\n<p>7 Il leur demanda de nouveau\u00a0: Qui cherchez-vous\u00a0? Et ils dirent\u00a0: J\u00e9sus le Naz\u00f4r\u00e9en. 8 J\u00e9sus r\u00e9pondit\u00a0: Je vous l&rsquo;ai dit, c&rsquo;est moi. Si donc c&rsquo;est moi que vous cherchez, laissez-les s&rsquo;en aller. 9 C&rsquo;\u00e9tait pour que s&rsquo;accomplisse la parole qu&rsquo;il avait dite\u00a0: \u00ab\u00a0Je n&rsquo;ai perdu aucun de ceux que tu m&rsquo;as donn\u00e9s.\u00a0\u00bb<\/p>\n<p>10 Simon Pierre, qui avait une \u00e9p\u00e9e, la tira, frappa l&rsquo;esclave du grand pr\u00eatre et lui trancha l&rsquo;oreille droite. Le nom de l&rsquo;esclave \u00e9tait Malchos. 11 J\u00e9sus dit \u00e0 Pierre\u00a0: Remets ton \u00e9p\u00e9e dans son fourreau. La coupe que le P\u00e8re m&rsquo;a donn\u00e9e, ne la boirai-je pas\u00a0?<\/p><\/blockquote>\n<h3>Confrontation (1-3)<\/h3>\n<p>Dans le jardin, des torches s&rsquo;avancent. Juda est \u00e0 la t\u00eate d&rsquo;une troupe et les disciples doivent se demander comment va r\u00e9agir le Fils de Dieu face \u00e0 cette bande de traitres.<\/p>\n<h3>R\u00e9action inattendue (4-9)<\/h3>\n<p>J\u00e9sus va au devant de la milice : on n&rsquo;arr\u00eate pas le Fils, c&rsquo;est lui qui se donne ! Cela surprend tellement les gardes qu&rsquo;ils paniquent et ont l&rsquo;air plut\u00f4t ridicules (6) ! Et comme J\u00e9sus est en position de force, il exige qu&rsquo;on laisse partir les onze. Jean veut vraiment insister sur le fait que J\u00e9sus garde toujours la main sur son destin car il est le Ma\u00eetre.<\/p>\n<h3>Mais qu&rsquo;est-ce qu&rsquo;il fait ? (10-11)<\/h3>\n<p>On ne sait pas si Pierre n&rsquo;a pas compris les paroles du Seigneur des chapitres 13-18, s&rsquo;il voulait prouver sa fid\u00e9lit\u00e9 ou s&rsquo;il voulait punir ces mauvais juifs mais il d\u00e9sob\u00e9it en essayant d&#8217;emp\u00eacher le plan de Dieu de s\u2019accomplir. D\u2019ailleurs nous assistons \u00e0 une sc\u00e8ne tr\u00e8s ironique : si Juda trahit J\u00e9sus c\u2019est bien lui qui accomplit son plan et non Pierre qui veut courageusement le d\u00e9fendre !<\/p>\n<p>&nbsp;<\/p>\n<ul>\n<li>Le christianisme s&rsquo;est propag\u00e9 dans la pers\u00e9cution. C&rsquo;est l&rsquo;exemple des martyrs, imitateurs de J\u00e9sus, n&rsquo;ayant pas peur de la mort, qui a frapp\u00e9 les m\u00e9diterran\u00e9ens des 1ers si\u00e8cles et provoqu\u00e9 de nombreuses conversions ! Alors rangez vos \u00e9p\u00e9es !<\/li>\n<\/ul>\n<p>&nbsp;<\/p>\n<ul>\n<li>\n<blockquote><p>\u00abRecommande tes oeuvres \u00e0 l&rsquo;\u00c9ternel,<\/p><\/blockquote>\n<\/li>\n<\/ul>\n<blockquote><p>et tes projets se r\u00e9aliseront.<\/p>\n<p>L&rsquo;\u00c9ternel a tout fait pour un but,<\/p>\n<p>m\u00eame le m\u00e9chant pour le jour du malheur.\u00a0\u00bb Proverbes 16.3-4<\/p><\/blockquote>\n<p>&nbsp;<\/p>\n<ul>\n<li>J\u00e9sus nous montre \u00e0 quel point il se confie en son P\u00e8re ! Il ne fuit pas, il ne combat pas mais il va \u00e0 la rencontre de ses ennemis afin d\u2019accomplir sa (d\u00e9sagr\u00e9able) mission. Quel est notre degr\u00e9s d\u2019acceptation devant les vents contraires, les \u00e9preuves qui entravent notre parcours de t\u00e9moins de la V\u00e9rit\u00e9 ?<\/li>\n<\/ul>\n","protected":false},"excerpt":{"rendered":"<p>18.1 Apr\u00e8s avoir dit cela, J\u00e9sus sortit avec ses disciples pour aller de l&rsquo;autre c\u00f4t\u00e9 de l&rsquo;oued C\u00e9dron, o\u00f9 se trouvait un jardin dans lequel il entra, lui et ses disciples. 2 Judas, qui le livrait, connaissait le lieu, parce que J\u00e9sus et ses disciples s&rsquo;y \u00e9taient souvent r\u00e9unis. 3 Judas, donc, qui avait emmen\u00e9 [&hellip;]<\/p>\n","protected":false},"author":3,"featured_media":4810,"comment_status":"open","ping_status":"closed","sticky":false,"template":"","format":"standard","meta":{"_acf_changed":false,"_eb_attr":"","advgb_blocks_editor_width":"","advgb_blocks_columns_visual_guide":"","footnotes":""},"categories":[16],"tags":[462,651,131],"video":[],"audio":[],"ecrit":[],"mis-en-avant":[],"redacteur":[],"type-darticle":[],"class_list":["post-6745","post","type-post","status-publish","format-standard","has-post-thumbnail","hentry","category-meditations-bibliques","tag-arrestation","tag-ecrit","tag-jean"],"blocksy_meta":[],"acf":[],"featured_image_src":"https:\/\/www.creusonslabible.fr\/wp-content\/uploads\/2017\/01\/jesus-1186176_1280-1.png","author_info":{"display_name":"Yoh","author_link":"https:\/\/www.creusonslabible.fr\/?author=3"},"author_meta":{"display_name":"Yoh","author_link":"https:\/\/www.creusonslabible.fr\/?author=3"},"featured_img":"https:\/\/www.creusonslabible.fr\/wp-content\/uploads\/2017\/01\/jesus-1186176_1280-1-300x300.png","coauthors":[],"tax_additional":{"categories":{"linked":["<a href=\"https:\/\/www.creusonslabible.fr\/?cat=16\" class=\"advgb-post-tax-term\">M\u00e9ditations bibliques<\/a>"],"unlinked":["<span class=\"advgb-post-tax-term\">M\u00e9ditations bibliques<\/span>"]},"tags":{"linked":["<a href=\"https:\/\/www.creusonslabible.fr\/?cat=16\" class=\"advgb-post-tax-term\">arrestation<\/a>","<a href=\"https:\/\/www.creusonslabible.fr\/?cat=16\" class=\"advgb-post-tax-term\">\u00e9crit<\/a>","<a href=\"https:\/\/www.creusonslabible.fr\/?cat=16\" class=\"advgb-post-tax-term\">Jean<\/a>"],"unlinked":["<span class=\"advgb-post-tax-term\">arrestation<\/span>","<span class=\"advgb-post-tax-term\">\u00e9crit<\/span>","<span class=\"advgb-post-tax-term\">Jean<\/span>"]}},"comment_count":"0","relative_dates":{"created":"Publi\u00e9 7 ans il y a","modified":"Mis \u00e0 jour 1 an il y a"},"absolute_dates":{"created":"Publi\u00e9 le 7 mai 2019","modified":"Mise \u00e0 jour le 23 janvier 2025"},"absolute_dates_time":{"created":"Publi\u00e9 le 7 mai 2019 7h47","modified":"Mise \u00e0 jour le 23 janvier 2025 12h17"},"featured_img_caption":"","series_order":"","meta_box":[],"_links":{"self":[{"href":"https:\/\/www.creusonslabible.fr\/index.php?rest_route=\/wp\/v2\/posts\/6745","targetHints":{"allow":["GET"]}}],"collection":[{"href":"https:\/\/www.creusonslabible.fr\/index.php?rest_route=\/wp\/v2\/posts"}],"about":[{"href":"https:\/\/www.creusonslabible.fr\/index.php?rest_route=\/wp\/v2\/types\/post"}],"author":[{"embeddable":true,"href":"https:\/\/www.creusonslabible.fr\/index.php?rest_route=\/wp\/v2\/users\/3"}],"replies":[{"embeddable":true,"href":"https:\/\/www.creusonslabible.fr\/index.php?rest_route=%2Fwp%2Fv2%2Fcomments&post=6745"}],"version-history":[{"count":1,"href":"https:\/\/www.creusonslabible.fr\/index.php?rest_route=\/wp\/v2\/posts\/6745\/revisions"}],"predecessor-version":[{"id":10358,"href":"https:\/\/www.creusonslabible.fr\/index.php?rest_route=\/wp\/v2\/posts\/6745\/revisions\/10358"}],"wp:featuredmedia":[{"embeddable":true,"href":"https:\/\/www.creusonslabible.fr\/index.php?rest_route=\/wp\/v2\/media\/4810"}],"wp:attachment":[{"href":"https:\/\/www.creusonslabible.fr\/index.php?rest_route=%2Fwp%2Fv2%2Fmedia&parent=6745"}],"wp:term":[{"taxonomy":"category","embeddable":true,"href":"https:\/\/www.creusonslabible.fr\/index.php?rest_route=%2Fwp%2Fv2%2Fcategories&post=6745"},{"taxonomy":"post_tag","embeddable":true,"href":"https:\/\/www.creusonslabible.fr\/index.php?rest_route=%2Fwp%2Fv2%2Ftags&post=6745"},{"taxonomy":"video","embeddable":true,"href":"https:\/\/www.creusonslabible.fr\/index.php?rest_route=%2Fwp%2Fv2%2Fvideo&post=6745"},{"taxonomy":"audio","embeddable":true,"href":"https:\/\/www.creusonslabible.fr\/index.php?rest_route=%2Fwp%2Fv2%2Faudio&post=6745"},{"taxonomy":"ecrit","embeddable":true,"href":"https:\/\/www.creusonslabible.fr\/index.php?rest_route=%2Fwp%2Fv2%2Fecrit&post=6745"},{"taxonomy":"mis-en-avant","embeddable":true,"href":"https:\/\/www.creusonslabible.fr\/index.php?rest_route=%2Fwp%2Fv2%2Fmis-en-avant&post=6745"},{"taxonomy":"redacteur","embeddable":true,"href":"https:\/\/www.creusonslabible.fr\/index.php?rest_route=%2Fwp%2Fv2%2Fredacteur&post=6745"},{"taxonomy":"type-darticle","embeddable":true,"href":"https:\/\/www.creusonslabible.fr\/index.php?rest_route=%2Fwp%2Fv2%2Ftype-darticle&post=6745"}],"curies":[{"name":"wp","href":"https:\/\/api.w.org\/{rel}","templated":true}]}}