{"id":6763,"date":"2019-05-21T09:42:32","date_gmt":"2019-05-21T07:42:32","guid":{"rendered":"http:\/\/www.creusonslabible.fr\/?p=6763"},"modified":"2025-01-23T12:17:10","modified_gmt":"2025-01-23T10:17:10","slug":"jean-18-1-11-le-moment-de-verite-2-2","status":"publish","type":"post","link":"https:\/\/www.creusonslabible.fr\/?p=6763","title":{"rendered":"Jean 18.19-27 :  NUIT DE GARDE \u00c0 VUE"},"content":{"rendered":"<blockquote><p>&nbsp;<\/p>\n<p>19\u00a0De son c\u00f4t\u00e9, le grand-pr\u00eatre commen\u00e7a \u00e0 interroger J\u00e9sus sur ses disciples et sur son enseignement.<\/p>\n<p>20\u00a0J\u00e9sus lui r\u00e9pondit\u00a0:<\/p>\n<p>\u2013 J&rsquo;ai parl\u00e9 ouvertement devant tout le monde. J&rsquo;ai toujours enseign\u00e9 dans les synagogues et dans la cour du Temple o\u00f9 tout le monde se r\u00e9unit. Je n&rsquo;ai rien dit en secret. 21\u00a0Pourquoi donc m&rsquo;interroges-tu\u00a0? Demande \u00e0 ceux qui m&rsquo;ont \u00e9cout\u00e9 comment je leur ai parl\u00e9. Ils savent fort bien ce que j&rsquo;ai dit.<\/p>\n<p>22\u00a0\u00c0 ces mots, un des gardes qui se tenait \u00e0 c\u00f4t\u00e9 de lui le gifla en disant\u00a0:<\/p>\n<p>\u2013 C&rsquo;est comme cela que tu r\u00e9ponds au grand-pr\u00eatre\u00a0?<\/p>\n<p>23\u00a0J\u00e9sus lui r\u00e9pondit\u00a0:<\/p>\n<p>\u2013 Si j&rsquo;ai mal parl\u00e9, montre o\u00f9 est le mal. Mais si ce que j&rsquo;ai dit est vrai, pourquoi me frappes-tu\u00a0?<\/p>\n<p>24\u00a0Hanne l&rsquo;envoya encha\u00een\u00e9 \u00e0 Ca\u00efphe, le grand-pr\u00eatre.<\/p>\n<p>25\u00a0Pendant ce temps, Simon Pierre se tenait toujours au m\u00eame endroit et se chauffait. Quelqu&rsquo;un lui dit\u00a0:<\/p>\n<p>\u2013 N&rsquo;es-tu pas, toi aussi, un des disciples de cet homme\u00a0?<\/p>\n<p>Mais Pierre le nia en disant\u00a0:<\/p>\n<p>\u2013 Non, je n&rsquo;en suis pas.<\/p>\n<p>26\u00a0Un des serviteurs du grand-pr\u00eatre, parent de celui \u00e0 qui Pierre avait coup\u00e9 l&rsquo;oreille, l&rsquo;interpella\u00a0:<\/p>\n<p>\u2013 Voyons, ne t&rsquo;ai-je pas vu avec lui dans le jardin\u00a0?<\/p>\n<p>27\u00a0Mais Pierre le nia de nouveau, et aussit\u00f4t, un coq se mit \u00e0 chanter.<\/p>\n<p>&nbsp;<\/p><\/blockquote>\n<h3><b>Interrogatoire<\/b><\/h3>\n<p>Cela fait trois ans que les religieux \u00e9pient, critiquent, essaient de pi\u00e9ger J\u00e9sus, Anne a donc toutes les informations n\u00e9cessaires pour se faire un avis le concernant ! J\u00e9sus ne se d\u00e9fend pas mais il est tout sauf passif : il laisse son interlocuteur prendre ses responsabilit\u00e9s&#8230; et en tant que chef religieux, elles sont \u00e9normes !<\/p>\n<h3><b>Premi\u00e8re baffe<\/b><\/h3>\n<p>J\u00e9sus n\u2019est pas impressionn\u00e9 par l\u2019ancien Grand-Pr\u00eatre, cela se voit dans sa mani\u00e8re de r\u00e9pondre. Il prend donc son premier coup\u2026 pas le dernier. Sa mani\u00e8re de r\u00e9agir, alors qu\u2019il a des milliers d\u2019anges \u00e0 sa disposition pour lui faire justice, est toujours aussi non violente : il commence \u00e0 boire la coupe que le P\u00e8re lui donne.<\/p>\n<h3><b>Et pendant ce temps-l\u00e0, pr\u00e8s du feu&#8230;<\/b><\/h3>\n<p>Pierre continue de se liqu\u00e9fier sous la pression de l&rsquo;\u00e9v\u00e9nement dramatique. Lui aussi subit un interrogatoire mais lui n&rsquo;est pas pr\u00eat \u00e0 donner sa vie, contrairement \u00e0 ce qu&rsquo;il croyait (13.37).<\/p>\n<h3><b>30 ans plus tard\u2026<\/b><\/h3>\n<p>&#8230;Pierre \u00e9crira \u00e0 des chr\u00e9tiens qui \u00e9taient pers\u00e9cut\u00e9s : \u00ab\u00a0Ne craignez pas les hommes, ne vous laissez pas troubler.\u00a0Reconnaissez, dans votre c\u0153ur, le Seigneur \u2013 c&rsquo;est-\u00e0-dire le Christ \u2013 comme le Saint\u00a0; si l&rsquo;on vous demande de justifier votre esp\u00e9rance, soyez toujours pr\u00eats \u00e0 la d\u00e9fendre, \u00a0avec humilit\u00e9 et respect, et veillez \u00e0 garder votre conscience pure.\u00a0\u00bb 1 Pierre 3.14-16<\/p>\n<ul>\n<li>Saviez-vous que les coqs qui dominent les \u00e9glises catholiques sont l\u00e0 pour rappeler le reniement de Pierre (consid\u00e9r\u00e9 par la m\u00eame institution comme le 1er pape) ?<\/li>\n<\/ul>\n<ul>\n<li>Face \u00e0 la violence et l\u2019injustice nous avons besoin de bien r\u00e9agir et il est extr\u00eamement difficile de savoir comment : ne pas \u00eatre impressionn\u00e9 sans \u00eatre trop agressif, \u00eatre non violent sans pour autant \u00eatre passif, \u00eatre malin et strat\u00e9gique sans \u00eatre manipulateur, dire la v\u00e9rit\u00e9 sans trop s\u2019exposer\u2026 nous avons besoin que l\u2019Esprit Saint nous guide pour ne pas \u00eatre envahis par nos propres instincts !<\/li>\n<\/ul>\n","protected":false},"excerpt":{"rendered":"<p>&nbsp; 19\u00a0De son c\u00f4t\u00e9, le grand-pr\u00eatre commen\u00e7a \u00e0 interroger J\u00e9sus sur ses disciples et sur son enseignement. 20\u00a0J\u00e9sus lui r\u00e9pondit\u00a0: \u2013 J&rsquo;ai parl\u00e9 ouvertement devant tout le monde. J&rsquo;ai toujours enseign\u00e9 dans les synagogues et dans la cour du Temple o\u00f9 tout le monde se r\u00e9unit. Je n&rsquo;ai rien dit en secret. 21\u00a0Pourquoi donc m&rsquo;interroges-tu\u00a0? [&hellip;]<\/p>\n","protected":false},"author":3,"featured_media":4810,"comment_status":"open","ping_status":"closed","sticky":false,"template":"","format":"standard","meta":{"_acf_changed":false,"_eb_attr":"","advgb_blocks_editor_width":"","advgb_blocks_columns_visual_guide":"","footnotes":""},"categories":[16],"tags":[462,651,131,469],"video":[],"audio":[],"ecrit":[],"mis-en-avant":[],"redacteur":[],"type-darticle":[],"class_list":["post-6763","post","type-post","status-publish","format-standard","has-post-thumbnail","hentry","category-meditations-bibliques","tag-arrestation","tag-ecrit","tag-jean","tag-reniement"],"blocksy_meta":[],"acf":[],"featured_image_src":"https:\/\/www.creusonslabible.fr\/wp-content\/uploads\/2017\/01\/jesus-1186176_1280-1.png","author_info":{"display_name":"Yoh","author_link":"https:\/\/www.creusonslabible.fr\/?author=3"},"author_meta":{"display_name":"Yoh","author_link":"https:\/\/www.creusonslabible.fr\/?author=3"},"featured_img":"https:\/\/www.creusonslabible.fr\/wp-content\/uploads\/2017\/01\/jesus-1186176_1280-1-300x300.png","coauthors":[],"tax_additional":{"categories":{"linked":["<a href=\"https:\/\/www.creusonslabible.fr\/?cat=16\" class=\"advgb-post-tax-term\">M\u00e9ditations bibliques<\/a>"],"unlinked":["<span class=\"advgb-post-tax-term\">M\u00e9ditations bibliques<\/span>"]},"tags":{"linked":["<a href=\"https:\/\/www.creusonslabible.fr\/?cat=16\" class=\"advgb-post-tax-term\">arrestation<\/a>","<a href=\"https:\/\/www.creusonslabible.fr\/?cat=16\" class=\"advgb-post-tax-term\">\u00e9crit<\/a>","<a href=\"https:\/\/www.creusonslabible.fr\/?cat=16\" class=\"advgb-post-tax-term\">Jean<\/a>","<a href=\"https:\/\/www.creusonslabible.fr\/?cat=16\" class=\"advgb-post-tax-term\">reniement<\/a>"],"unlinked":["<span class=\"advgb-post-tax-term\">arrestation<\/span>","<span class=\"advgb-post-tax-term\">\u00e9crit<\/span>","<span class=\"advgb-post-tax-term\">Jean<\/span>","<span class=\"advgb-post-tax-term\">reniement<\/span>"]}},"comment_count":"0","relative_dates":{"created":"Publi\u00e9 7 ans il y a","modified":"Mis \u00e0 jour 1 an il y a"},"absolute_dates":{"created":"Publi\u00e9 le 21 mai 2019","modified":"Mise \u00e0 jour le 23 janvier 2025"},"absolute_dates_time":{"created":"Publi\u00e9 le 21 mai 2019 9h42","modified":"Mise \u00e0 jour le 23 janvier 2025 12h17"},"featured_img_caption":"","series_order":"","meta_box":[],"_links":{"self":[{"href":"https:\/\/www.creusonslabible.fr\/index.php?rest_route=\/wp\/v2\/posts\/6763","targetHints":{"allow":["GET"]}}],"collection":[{"href":"https:\/\/www.creusonslabible.fr\/index.php?rest_route=\/wp\/v2\/posts"}],"about":[{"href":"https:\/\/www.creusonslabible.fr\/index.php?rest_route=\/wp\/v2\/types\/post"}],"author":[{"embeddable":true,"href":"https:\/\/www.creusonslabible.fr\/index.php?rest_route=\/wp\/v2\/users\/3"}],"replies":[{"embeddable":true,"href":"https:\/\/www.creusonslabible.fr\/index.php?rest_route=%2Fwp%2Fv2%2Fcomments&post=6763"}],"version-history":[{"count":1,"href":"https:\/\/www.creusonslabible.fr\/index.php?rest_route=\/wp\/v2\/posts\/6763\/revisions"}],"predecessor-version":[{"id":10356,"href":"https:\/\/www.creusonslabible.fr\/index.php?rest_route=\/wp\/v2\/posts\/6763\/revisions\/10356"}],"wp:featuredmedia":[{"embeddable":true,"href":"https:\/\/www.creusonslabible.fr\/index.php?rest_route=\/wp\/v2\/media\/4810"}],"wp:attachment":[{"href":"https:\/\/www.creusonslabible.fr\/index.php?rest_route=%2Fwp%2Fv2%2Fmedia&parent=6763"}],"wp:term":[{"taxonomy":"category","embeddable":true,"href":"https:\/\/www.creusonslabible.fr\/index.php?rest_route=%2Fwp%2Fv2%2Fcategories&post=6763"},{"taxonomy":"post_tag","embeddable":true,"href":"https:\/\/www.creusonslabible.fr\/index.php?rest_route=%2Fwp%2Fv2%2Ftags&post=6763"},{"taxonomy":"video","embeddable":true,"href":"https:\/\/www.creusonslabible.fr\/index.php?rest_route=%2Fwp%2Fv2%2Fvideo&post=6763"},{"taxonomy":"audio","embeddable":true,"href":"https:\/\/www.creusonslabible.fr\/index.php?rest_route=%2Fwp%2Fv2%2Faudio&post=6763"},{"taxonomy":"ecrit","embeddable":true,"href":"https:\/\/www.creusonslabible.fr\/index.php?rest_route=%2Fwp%2Fv2%2Fecrit&post=6763"},{"taxonomy":"mis-en-avant","embeddable":true,"href":"https:\/\/www.creusonslabible.fr\/index.php?rest_route=%2Fwp%2Fv2%2Fmis-en-avant&post=6763"},{"taxonomy":"redacteur","embeddable":true,"href":"https:\/\/www.creusonslabible.fr\/index.php?rest_route=%2Fwp%2Fv2%2Fredacteur&post=6763"},{"taxonomy":"type-darticle","embeddable":true,"href":"https:\/\/www.creusonslabible.fr\/index.php?rest_route=%2Fwp%2Fv2%2Ftype-darticle&post=6763"}],"curies":[{"name":"wp","href":"https:\/\/api.w.org\/{rel}","templated":true}]}}