{"id":6767,"date":"2019-05-28T16:30:13","date_gmt":"2019-05-28T14:30:13","guid":{"rendered":"http:\/\/www.creusonslabible.fr\/?p=6767"},"modified":"2025-01-23T12:17:10","modified_gmt":"2025-01-23T10:17:10","slug":"jean-18-1-11-le-moment-de-verite-2-2-2","status":"publish","type":"post","link":"https:\/\/www.creusonslabible.fr\/?p=6767","title":{"rendered":"Jean 18.28-38 :  TRIBUNAL"},"content":{"rendered":"<blockquote><p>28\u00a0De chez Ca\u00efphe, on amena J\u00e9sus au palais du gouverneur. C&rsquo;\u00e9tait l&rsquo;aube. Ceux qui l&rsquo;avaient amen\u00e9 n&rsquo;entr\u00e8rent pas eux-m\u00eames dans le palais pour conserver leur puret\u00e9 rituelle et pouvoir manger ainsi le repas de la P\u00e2que.<\/p>\n<p>29\u00a0C&rsquo;est pourquoi Pilate sortit du palais pour les voir et leur demanda\u00a0:<\/p>\n<p>\u2013 De quoi accusez-vous cet homme\u00a0?<\/p>\n<p>30\u00a0Ils lui r\u00e9pondirent\u00a0:<\/p>\n<p>\u2013 S&rsquo;il n&rsquo;avait rien fait de mal, nous ne te l&rsquo;aurions pas livr\u00e9.<\/p>\n<p>31\u00a0\u2013 Reprenez-le, r\u00e9pliqua Pilate, et jugez-le vous-m\u00eames d&rsquo;apr\u00e8s votre Loi.<\/p>\n<p>Mais ils lui r\u00e9pondirent\u00a0:<\/p>\n<p>\u2013 Nous n&rsquo;avons pas le droit de mettre quelqu&rsquo;un \u00e0 mort.<\/p>\n<p>32\u00a0La parole par laquelle J\u00e9sus avait annonc\u00e9 quelle mort il allait subir devait ainsi s&rsquo;accomplir.<\/p>\n<p>33\u00a0Pilate rentra donc dans le palais de justice et fit compara\u00eetre J\u00e9sus\u00a0:<\/p>\n<p>\u2013 Es-tu le roi des Juifs\u00a0? lui demanda-t-il.<\/p>\n<p>34\u00a0\u2013 Dis-tu cela de toi-m\u00eame ou d&rsquo;autres t&rsquo;ont-ils dit cela \u00e0 mon sujet\u00a0? r\u00e9pondit J\u00e9sus.<\/p>\n<p>35\u00a0\u2013 Est-ce que je suis juif, moi\u00a0? r\u00e9pliqua Pilate. Ce sont ceux de ta nation et les chefs des pr\u00eatres qui t&rsquo;ont livr\u00e9 \u00e0 moi.<\/p>\n<p>Qu&rsquo;as- tu fait\u00a0?<\/p>\n<p>36\u00a0J\u00e9sus lui r\u00e9pondit\u00a0:<\/p>\n<p>\u2013 Mon royaume n&rsquo;est pas de ce monde. Si mon royaume appartenait \u00e0 ce monde, mes serviteurs se seraient battus pour que je ne tombe pas aux mains des chefs des Juifs. Non, r\u00e9ellement, mon royaume n&rsquo;est pas d&rsquo;ici.<\/p>\n<p>37\u00a0\u2013 Es-tu donc roi\u00a0? reprit Pilate.<\/p>\n<p>\u2013 Tu le dis toi-m\u00eame\u00a0: je suis roi\u00a0! Si je suis n\u00e9 et si je suis venu dans ce monde, c&rsquo;est pour rendre t\u00e9moignage \u00e0 la v\u00e9rit\u00e9. Celui qui appartient \u00e0 la v\u00e9rit\u00e9 \u00e9coute ce que je dis.<\/p>\n<p>38\u00a0\u2013 Qu&rsquo;est-ce que la v\u00e9rit\u00e9\u00a0? lui r\u00e9pondit Pilate.<\/p>\n<p>L\u00e0-dessus, il alla de nouveau trouver les Juifs et leur dit\u00a0:<\/p>\n<p>\u2013 En ce qui me concerne, je ne trouve chez cet homme aucune raison de le condamner.<\/p><\/blockquote>\n<p>&nbsp;<\/p>\n<h3>Hypocrisie<\/h3>\n<p>Les juifs n&rsquo;entrent pas dans un lieu pa\u00efen afin de ne pas se souiller, pourtant leur projet est de tuer le Fils de Dieu lui-m\u00eame ! La v\u00e9ritable P\u00e2que, ce sera finalement lui.<\/p>\n<h3>L&rsquo;inqui\u00e9tude de Pilate<\/h3>\n<p>Pour le gouverneur, il n&rsquo;y a qu&rsquo;une seule chose \u00e0 savoir : J\u00e9sus revendique-t-il une position qui d\u00e9stabiliserait le pouvoir romain dans la r\u00e9gion ? Si c&rsquo;est le cas il m\u00e9rite la crucifixion, sinon le probl\u00e8me n\u2019est pas de son ressort.<\/p>\n<h3>Verdict<\/h3>\n<p>J\u00e9sus n&rsquo;a rien du r\u00e9volutionnaire dangereux, pour Pilate c&rsquo;est encore un de ces juifs bizarres qui lui parle de trucs religieux incompr\u00e9hensibles. Il n&rsquo;y a donc aucune raison de le mettre \u00e0 mort ! On voit bien ici que le Seigneur est mieux trait\u00e9 par le magistrat romain que par le Grand-Pr\u00eatre juif.<\/p>\n<p>&nbsp;<\/p>\n<ul>\n<li>Beaucoup de nos contemporains sont aussi incr\u00e9dules que Pilate quand on leur parle de v\u00e9rit\u00e9. Tout le monde pense que c&rsquo;est une question de point de vue et c&rsquo;est vrai&#8230; c&rsquo;est le point de vue de Dieu qui \u00e9tablit la v\u00e9rit\u00e9 ! J\u00e9sus est Dieu, il est la v\u00e9rit\u00e9. Ne pas croire en lui c&rsquo;est se tromper.<\/li>\n<li>Le christianisme ne menace pas la s\u00fbret\u00e9 de l\u2019\u00e9tat, il peut m\u00eame apaiser les rapports au sein d\u2019un pays ! Un chr\u00e9tien est un bon citoyen ! Cette v\u00e9rit\u00e9 doit \u00eatre proclam\u00e9e. D\u2019ailleurs, les diff\u00e9rentes aum\u00f4neries (prisons, arm\u00e9es, h\u00f4pitaux) sont reconnues d\u2019utilit\u00e9 publique.<\/li>\n<\/ul>\n<ul>\n<li>Le christianisme peut entra\u00eener un certain nombre de bouleversements soci\u00e9taux. Ces changements seront bien s\u00fbr positifs (aimer son prochain comme soi-m\u00eame, \u00e7a aide \u00e0 aller dans le bon sens !) mais aussi n\u00e9gatifs car, comme le disait J\u00e9sus, les familles ou les autorit\u00e9s n\u2019appr\u00e9cient gu\u00e8re qu\u2019on fasse trop bouger les lignes traditionnelles. Comme J\u00e9sus, nous sommes appel\u00e9s \u00e0 faire le bien de nos contemporains\u2026 tout en subissant leur peur\/col\u00e8re\/incr\u00e9dulit\u00e9 face \u00e0 notre foi. Nous ne sommes pas plus grand que notre Ma\u00eetre alors nous sommes pr\u00e9venus (et nous ob\u00e9issons en connaissance de cause).<\/li>\n<\/ul>\n","protected":false},"excerpt":{"rendered":"<p>28\u00a0De chez Ca\u00efphe, on amena J\u00e9sus au palais du gouverneur. C&rsquo;\u00e9tait l&rsquo;aube. Ceux qui l&rsquo;avaient amen\u00e9 n&rsquo;entr\u00e8rent pas eux-m\u00eames dans le palais pour conserver leur puret\u00e9 rituelle et pouvoir manger ainsi le repas de la P\u00e2que. 29\u00a0C&rsquo;est pourquoi Pilate sortit du palais pour les voir et leur demanda\u00a0: \u2013 De quoi accusez-vous cet homme\u00a0? 30\u00a0Ils [&hellip;]<\/p>\n","protected":false},"author":3,"featured_media":4810,"comment_status":"open","ping_status":"closed","sticky":false,"template":"","format":"standard","meta":{"_acf_changed":false,"_eb_attr":"","advgb_blocks_editor_width":"","advgb_blocks_columns_visual_guide":"","footnotes":""},"categories":[16],"tags":[651,131,470,248],"video":[],"audio":[],"ecrit":[],"mis-en-avant":[],"redacteur":[],"type-darticle":[],"class_list":["post-6767","post","type-post","status-publish","format-standard","has-post-thumbnail","hentry","category-meditations-bibliques","tag-ecrit","tag-jean","tag-pilate","tag-verite"],"blocksy_meta":[],"acf":[],"featured_image_src":"https:\/\/www.creusonslabible.fr\/wp-content\/uploads\/2017\/01\/jesus-1186176_1280-1.png","author_info":{"display_name":"Yoh","author_link":"https:\/\/www.creusonslabible.fr\/?author=3"},"author_meta":{"display_name":"Yoh","author_link":"https:\/\/www.creusonslabible.fr\/?author=3"},"featured_img":"https:\/\/www.creusonslabible.fr\/wp-content\/uploads\/2017\/01\/jesus-1186176_1280-1-300x300.png","coauthors":[],"tax_additional":{"categories":{"linked":["<a href=\"https:\/\/www.creusonslabible.fr\/?cat=16\" class=\"advgb-post-tax-term\">M\u00e9ditations bibliques<\/a>"],"unlinked":["<span class=\"advgb-post-tax-term\">M\u00e9ditations bibliques<\/span>"]},"tags":{"linked":["<a href=\"https:\/\/www.creusonslabible.fr\/?cat=16\" class=\"advgb-post-tax-term\">\u00e9crit<\/a>","<a href=\"https:\/\/www.creusonslabible.fr\/?cat=16\" class=\"advgb-post-tax-term\">Jean<\/a>","<a href=\"https:\/\/www.creusonslabible.fr\/?cat=16\" class=\"advgb-post-tax-term\">pilate<\/a>","<a href=\"https:\/\/www.creusonslabible.fr\/?cat=16\" class=\"advgb-post-tax-term\">v\u00e9rit\u00e9<\/a>"],"unlinked":["<span class=\"advgb-post-tax-term\">\u00e9crit<\/span>","<span class=\"advgb-post-tax-term\">Jean<\/span>","<span class=\"advgb-post-tax-term\">pilate<\/span>","<span class=\"advgb-post-tax-term\">v\u00e9rit\u00e9<\/span>"]}},"comment_count":"0","relative_dates":{"created":"Publi\u00e9 7 ans il y a","modified":"Mis \u00e0 jour 1 an il y a"},"absolute_dates":{"created":"Publi\u00e9 le 28 mai 2019","modified":"Mise \u00e0 jour le 23 janvier 2025"},"absolute_dates_time":{"created":"Publi\u00e9 le 28 mai 2019 16h30","modified":"Mise \u00e0 jour le 23 janvier 2025 12h17"},"featured_img_caption":"","series_order":"","meta_box":[],"_links":{"self":[{"href":"https:\/\/www.creusonslabible.fr\/index.php?rest_route=\/wp\/v2\/posts\/6767","targetHints":{"allow":["GET"]}}],"collection":[{"href":"https:\/\/www.creusonslabible.fr\/index.php?rest_route=\/wp\/v2\/posts"}],"about":[{"href":"https:\/\/www.creusonslabible.fr\/index.php?rest_route=\/wp\/v2\/types\/post"}],"author":[{"embeddable":true,"href":"https:\/\/www.creusonslabible.fr\/index.php?rest_route=\/wp\/v2\/users\/3"}],"replies":[{"embeddable":true,"href":"https:\/\/www.creusonslabible.fr\/index.php?rest_route=%2Fwp%2Fv2%2Fcomments&post=6767"}],"version-history":[{"count":1,"href":"https:\/\/www.creusonslabible.fr\/index.php?rest_route=\/wp\/v2\/posts\/6767\/revisions"}],"predecessor-version":[{"id":10355,"href":"https:\/\/www.creusonslabible.fr\/index.php?rest_route=\/wp\/v2\/posts\/6767\/revisions\/10355"}],"wp:featuredmedia":[{"embeddable":true,"href":"https:\/\/www.creusonslabible.fr\/index.php?rest_route=\/wp\/v2\/media\/4810"}],"wp:attachment":[{"href":"https:\/\/www.creusonslabible.fr\/index.php?rest_route=%2Fwp%2Fv2%2Fmedia&parent=6767"}],"wp:term":[{"taxonomy":"category","embeddable":true,"href":"https:\/\/www.creusonslabible.fr\/index.php?rest_route=%2Fwp%2Fv2%2Fcategories&post=6767"},{"taxonomy":"post_tag","embeddable":true,"href":"https:\/\/www.creusonslabible.fr\/index.php?rest_route=%2Fwp%2Fv2%2Ftags&post=6767"},{"taxonomy":"video","embeddable":true,"href":"https:\/\/www.creusonslabible.fr\/index.php?rest_route=%2Fwp%2Fv2%2Fvideo&post=6767"},{"taxonomy":"audio","embeddable":true,"href":"https:\/\/www.creusonslabible.fr\/index.php?rest_route=%2Fwp%2Fv2%2Faudio&post=6767"},{"taxonomy":"ecrit","embeddable":true,"href":"https:\/\/www.creusonslabible.fr\/index.php?rest_route=%2Fwp%2Fv2%2Fecrit&post=6767"},{"taxonomy":"mis-en-avant","embeddable":true,"href":"https:\/\/www.creusonslabible.fr\/index.php?rest_route=%2Fwp%2Fv2%2Fmis-en-avant&post=6767"},{"taxonomy":"redacteur","embeddable":true,"href":"https:\/\/www.creusonslabible.fr\/index.php?rest_route=%2Fwp%2Fv2%2Fredacteur&post=6767"},{"taxonomy":"type-darticle","embeddable":true,"href":"https:\/\/www.creusonslabible.fr\/index.php?rest_route=%2Fwp%2Fv2%2Ftype-darticle&post=6767"}],"curies":[{"name":"wp","href":"https:\/\/api.w.org\/{rel}","templated":true}]}}