{"id":6788,"date":"2019-06-11T09:41:12","date_gmt":"2019-06-11T07:41:12","guid":{"rendered":"http:\/\/www.creusonslabible.fr\/?p=6788"},"modified":"2025-01-23T12:17:09","modified_gmt":"2025-01-23T10:17:09","slug":"matthieu-1214-21-demagogue-ou-serviteur","status":"publish","type":"post","link":"https:\/\/www.creusonslabible.fr\/?p=6788","title":{"rendered":"Matthieu 12:14-21\u00a0: D\u00c9MAGOGUE OU SERVITEUR ?"},"content":{"rendered":"<h3>Quelles sont les caract\u00e9ristiques d&rsquo;un grand leader, d&rsquo;apr\u00e8s vous ?<\/h3>\n<p>&nbsp;<\/p>\n<blockquote><p>[Apr\u00e8s que J\u00e9sus eut gu\u00e9ri un homme un jour de Sabbat] 14 Les pharisiens sortirent et tinrent conseil contre lui, sur les moyens de le faire dispara\u00eetre. 15 Mais J\u00e9sus l&rsquo;apprit et se retira de l\u00e0. De grandes foules de gens le suivirent\u00a0; il les gu\u00e9rit tous, 16 en les rabrouant pour qu&rsquo;ils ne parlent pas de lui, 17 afin que s&rsquo;accomplisse ce qui avait \u00e9t\u00e9 dit par l&rsquo;entremise du proph\u00e8te Esa\u00efe\u00a0:<\/p>\n<p>18 Voici mon serviteur, celui que j&rsquo;ai choisi,<span class=\"Apple-converted-space\">\u00a0<\/span><\/p>\n<p>mon bien-aim\u00e9, celui en qui j&rsquo;ai pris plaisir.<span class=\"Apple-converted-space\">\u00a0<\/span><\/p>\n<p>Je mettrai mon Esprit sur lui<span class=\"Apple-converted-space\">\u00a0<\/span><\/p>\n<p>et il annoncera la justice aux nations.<\/p>\n<p>19 Il ne cherchera pas la dispute, il ne criera pas,<span class=\"Apple-converted-space\">\u00a0<\/span><\/p>\n<p>et personne n&rsquo;entendra sa voix dans les grandes rues.<\/p>\n<p>20 Il ne brisera pas le roseau froiss\u00e9,<span class=\"Apple-converted-space\">\u00a0<\/span><\/p>\n<p>et il n&rsquo;\u00e9teindra pas le lumignon qui fume<span class=\"Apple-converted-space\">\u00a0<\/span><\/p>\n<p>jusqu&rsquo;\u00e0 ce qu&rsquo;il ait port\u00e9 la justice \u00e0 la victoire\u00a0;<\/p>\n<p>21 et les nations mettront leur esp\u00e9rance en son nom.<\/p><\/blockquote>\n<p>&nbsp;<\/p>\n<p>Quelles sont les caract\u00e9ristiques du serviteur, d&rsquo;apr\u00e8s \u00c9sa\u00efe ?<\/p>\n<h3>Recette pour \u00eatre suivi<\/h3>\n<p>\u00catre discret et pond\u00e9r\u00e9 (19), redonner leur chance \u00e0 tous les caboss\u00e9s de la vie (20) et travailler pour la justice (18 et 20), voil\u00e0 ce que J\u00e9sus a fait. Cela suffit-il pour \u00a0s\u00e9duire les foules ? Non. Ce qu&rsquo;avait J\u00e9sus, c&rsquo;est l&rsquo;Esprit (18) qui convainc, attire, permet de faire des miracles restaurateurs.<\/p>\n<h3><b>Comparaison :<\/b><\/h3>\n<ul>\n<li>Alors que le populiste-d\u00e9magogue\u00a0a tout int\u00e9r\u00eat \u00e0 se faire remarquer pour \u00eatre entendu, le serviteur se m\u00e9fie du succ\u00e8s ;<\/li>\n<li>Alors que<span class=\"Apple-converted-space\">\u00a0<\/span>le populiste-d\u00e9magogue sera pr\u00eat \u00e0 tout pour arriver \u00e0 ses fins, le serviteur annonce la justice ;<\/li>\n<li>Alors que<span class=\"Apple-converted-space\">\u00a0<\/span>le populiste-d\u00e9magogue se sert des faibles comme d&rsquo;un tremplin, le serviteur passe son temps \u00e0 les relever.<\/li>\n<\/ul>\n<h3>Un peu plus t\u00f4t dans cet \u00e9vangile&#8230;<\/h3>\n<p>J\u00e9sus avait d\u00e9j\u00e0 parl\u00e9 de cette th\u00e9matique dans son premier grand discours : \u00ab\u00a0Gardez-vous de pratiquer votre justice devant les gens, pour \u00eatre vus par eux&#8230;\u00a0\u00bb (6.1), \u00ab\u00a0Lorsque vous priez, ne soyez pas comme les hypocrites, qui aiment prier debout dans les synagogues et aux coins des grandes rues, pour se montrer aux gens.\u00a0\u00bb (6.5), \u00ab\u00a0Lorsque vous je\u00fbnez, ne prenez pas un air sombre, comme les hypocrites\u00a0; ils arborent un visage d\u00e9fait pour montrer aux gens qu&rsquo;ils je\u00fbnent.\u00a0\u00bb (6.16)<\/p>\n<h3><b>Pr\u00e9jug\u00e9s<\/b><\/h3>\n<p>Les juifs de l&rsquo;\u00e9poque de J\u00e9sus n&rsquo;attendaient pas trop le serviteur d&rsquo;Esa\u00efe mais plut\u00f4t un grand leader, un Zorro, un Napol\u00e9on&#8230; Maintes fois J\u00e9sus a remis les choses au point \u00e0 propos du but de sa venue sur Terre mais m\u00eame ses disciples n&rsquo;ont pas compris quand il a clairement d\u00e9clar\u00e9 qu&rsquo;il Lui fallait passer par la croix ! C&rsquo;est tellement surprenant que ce Messie\/Christ\/Roi soit aussi un serviteur !<\/p>\n<h3>Un peu plus tard dans cet \u00e9vangile&#8230;<\/h3>\n<p>Dans les paraboles de la fin (24.37-25.46), J\u00e9sus est tr\u00e8s clair : le seul crit\u00e8re pour \u00eatre sauv\u00e9, c&rsquo;est l&rsquo;ob\u00e9issance et la fid\u00e9lit\u00e9 alors que le Ma\u00eetre n&rsquo;est pas encore revenu. Notre comportement quotidien est le r\u00e9v\u00e9lateur de notre foi qui doit \u00eatre r\u00e9elle, consistante, d\u00e9montrable.<\/p>\n<p>&nbsp;<\/p>\n<ul>\n<li>Si J\u00e9sus est votre Ma\u00eetre, vous devez l&rsquo;imiter&#8230; et donc \u00eatre serviteurs !<\/li>\n<li>Les responsables chr\u00e9tiens autour de vous sont-ils plut\u00f4t des serviteurs ou bien des plut\u00f4t des\u00a0populistes-d\u00e9magogues ? Prennent-ils soin des brebis \u00e9gar\u00e9es ou bien s&rsquo;int\u00e9ressent-ils plus \u00e0 ceux qui vont (ou ont l&rsquo;air d&rsquo;aller) bien ?<\/li>\n<\/ul>\n","protected":false},"excerpt":{"rendered":"<p>Quelles sont les caract\u00e9ristiques d&rsquo;un grand leader, d&rsquo;apr\u00e8s vous ? &nbsp; [Apr\u00e8s que J\u00e9sus eut gu\u00e9ri un homme un jour de Sabbat] 14 Les pharisiens sortirent et tinrent conseil contre lui, sur les moyens de le faire dispara\u00eetre. 15 Mais J\u00e9sus l&rsquo;apprit et se retira de l\u00e0. De grandes foules de gens le suivirent\u00a0; il [&hellip;]<\/p>\n","protected":false},"author":3,"featured_media":6807,"comment_status":"open","ping_status":"closed","sticky":false,"template":"","format":"standard","meta":{"_acf_changed":false,"_eb_attr":"","advgb_blocks_editor_width":"","advgb_blocks_columns_visual_guide":"","footnotes":""},"categories":[16],"tags":[651,408],"video":[],"audio":[],"ecrit":[],"mis-en-avant":[],"redacteur":[],"type-darticle":[],"class_list":["post-6788","post","type-post","status-publish","format-standard","has-post-thumbnail","hentry","category-meditations-bibliques","tag-ecrit","tag-matthieu"],"blocksy_meta":[],"acf":[],"featured_image_src":"https:\/\/www.creusonslabible.fr\/wp-content\/uploads\/2019\/06\/statue-2393168_640-1.jpg","author_info":{"display_name":"Yoh","author_link":"https:\/\/www.creusonslabible.fr\/?author=3"},"author_meta":{"display_name":"Yoh","author_link":"https:\/\/www.creusonslabible.fr\/?author=3"},"featured_img":"https:\/\/www.creusonslabible.fr\/wp-content\/uploads\/2019\/06\/statue-2393168_640-1-300x200.jpg","coauthors":[],"tax_additional":{"categories":{"linked":["<a href=\"https:\/\/www.creusonslabible.fr\/?cat=16\" class=\"advgb-post-tax-term\">M\u00e9ditations bibliques<\/a>"],"unlinked":["<span class=\"advgb-post-tax-term\">M\u00e9ditations bibliques<\/span>"]},"tags":{"linked":["<a href=\"https:\/\/www.creusonslabible.fr\/?cat=16\" class=\"advgb-post-tax-term\">\u00e9crit<\/a>","<a href=\"https:\/\/www.creusonslabible.fr\/?cat=16\" class=\"advgb-post-tax-term\">Matthieu<\/a>"],"unlinked":["<span class=\"advgb-post-tax-term\">\u00e9crit<\/span>","<span class=\"advgb-post-tax-term\">Matthieu<\/span>"]}},"comment_count":"0","relative_dates":{"created":"Publi\u00e9 7 ans il y a","modified":"Mis \u00e0 jour 1 an il y a"},"absolute_dates":{"created":"Publi\u00e9 le 11 juin 2019","modified":"Mise \u00e0 jour le 23 janvier 2025"},"absolute_dates_time":{"created":"Publi\u00e9 le 11 juin 2019 9h41","modified":"Mise \u00e0 jour le 23 janvier 2025 12h17"},"featured_img_caption":"","series_order":"","meta_box":[],"_links":{"self":[{"href":"https:\/\/www.creusonslabible.fr\/index.php?rest_route=\/wp\/v2\/posts\/6788","targetHints":{"allow":["GET"]}}],"collection":[{"href":"https:\/\/www.creusonslabible.fr\/index.php?rest_route=\/wp\/v2\/posts"}],"about":[{"href":"https:\/\/www.creusonslabible.fr\/index.php?rest_route=\/wp\/v2\/types\/post"}],"author":[{"embeddable":true,"href":"https:\/\/www.creusonslabible.fr\/index.php?rest_route=\/wp\/v2\/users\/3"}],"replies":[{"embeddable":true,"href":"https:\/\/www.creusonslabible.fr\/index.php?rest_route=%2Fwp%2Fv2%2Fcomments&post=6788"}],"version-history":[{"count":1,"href":"https:\/\/www.creusonslabible.fr\/index.php?rest_route=\/wp\/v2\/posts\/6788\/revisions"}],"predecessor-version":[{"id":10353,"href":"https:\/\/www.creusonslabible.fr\/index.php?rest_route=\/wp\/v2\/posts\/6788\/revisions\/10353"}],"wp:featuredmedia":[{"embeddable":true,"href":"https:\/\/www.creusonslabible.fr\/index.php?rest_route=\/wp\/v2\/media\/6807"}],"wp:attachment":[{"href":"https:\/\/www.creusonslabible.fr\/index.php?rest_route=%2Fwp%2Fv2%2Fmedia&parent=6788"}],"wp:term":[{"taxonomy":"category","embeddable":true,"href":"https:\/\/www.creusonslabible.fr\/index.php?rest_route=%2Fwp%2Fv2%2Fcategories&post=6788"},{"taxonomy":"post_tag","embeddable":true,"href":"https:\/\/www.creusonslabible.fr\/index.php?rest_route=%2Fwp%2Fv2%2Ftags&post=6788"},{"taxonomy":"video","embeddable":true,"href":"https:\/\/www.creusonslabible.fr\/index.php?rest_route=%2Fwp%2Fv2%2Fvideo&post=6788"},{"taxonomy":"audio","embeddable":true,"href":"https:\/\/www.creusonslabible.fr\/index.php?rest_route=%2Fwp%2Fv2%2Faudio&post=6788"},{"taxonomy":"ecrit","embeddable":true,"href":"https:\/\/www.creusonslabible.fr\/index.php?rest_route=%2Fwp%2Fv2%2Fecrit&post=6788"},{"taxonomy":"mis-en-avant","embeddable":true,"href":"https:\/\/www.creusonslabible.fr\/index.php?rest_route=%2Fwp%2Fv2%2Fmis-en-avant&post=6788"},{"taxonomy":"redacteur","embeddable":true,"href":"https:\/\/www.creusonslabible.fr\/index.php?rest_route=%2Fwp%2Fv2%2Fredacteur&post=6788"},{"taxonomy":"type-darticle","embeddable":true,"href":"https:\/\/www.creusonslabible.fr\/index.php?rest_route=%2Fwp%2Fv2%2Ftype-darticle&post=6788"}],"curies":[{"name":"wp","href":"https:\/\/api.w.org\/{rel}","templated":true}]}}