{"id":6792,"date":"2019-07-02T14:44:30","date_gmt":"2019-07-02T12:44:30","guid":{"rendered":"http:\/\/www.creusonslabible.fr\/?p=6792"},"modified":"2025-01-23T12:17:09","modified_gmt":"2025-01-23T10:17:09","slug":"matthieu-1230-32-serieuse-mise-au-point","status":"publish","type":"post","link":"https:\/\/www.creusonslabible.fr\/?p=6792","title":{"rendered":"Matthieu 12:30-32\u00a0: S\u00e9rieuse mise au point !"},"content":{"rendered":"<blockquote><p>30 Celui qui n&rsquo;est pas avec moi est contre moi, et celui qui ne rassemble pas avec moi disperse.<\/p>\n<p>31 C&rsquo;est pourquoi, je vous le dis, tout p\u00e9ch\u00e9, tout blasph\u00e8me sera pardonn\u00e9 aux humains, mais le blasph\u00e8me contre l&rsquo;Esprit ne sera pas pardonn\u00e9. 32 Quiconque parlera contre le Fils de l&rsquo;homme, il lui sera pardonn\u00e9, mais quiconque parlera contre l&rsquo;Esprit saint, il ne lui sera pardonn\u00e9 ni dans ce monde-ci, ni dans le monde \u00e0 venir.<\/p><\/blockquote>\n<p>Apr\u00e8s avoir cass\u00e9 les pharisiens, J\u00e9sus change de ton.<\/p>\n<h3><b>Attitude coupable<\/b><\/h3>\n<p>Apr\u00e8s avoir vu tous les miracles extraordinaires de J\u00e9sus, apr\u00e8s avoir entendu son enseignement profond et pleinement fond\u00e9 sur les \u00c9critures, les pharisiens savent \u00e0 qui ils ont \u00e0 faire. Mais ils choisissent de nier l&rsquo;\u00e9vidence.<span class=\"Apple-converted-space\">\u00a0<\/span><\/p>\n<h3><b>Le P\u00e9ch\u00e9 impardonnable<\/b><\/h3>\n<p>J\u00e9sus les pr\u00e9vient parce que le bout de cette logique conduit \u00e0 endurcir son coeur jusqu&rsquo;\u00e0 rejeter sciemment la V\u00e9rit\u00e9 venant de l&rsquo;Esprit de Dieu, \u00e0 rejeter le Fils de Dieu. Le P\u00e9ch\u00e9 contre le St Esprit, le P\u00e9ch\u00e9 sans espoir de retour, c&rsquo;est \u00e7a !<span class=\"Apple-converted-space\">\u00a0<\/span><\/p>\n<h3><b>Inquiets ?<\/b><\/h3>\n<p><i>Si vous craignez d&rsquo;avoir commis ce P\u00e9ch\u00e9, c&rsquo;est plut\u00f4t bon signe : c&rsquo;est la preuve qu&rsquo;il y a de grandes chances pour que vous ne l&rsquo;ayez pas commis !<span class=\"Apple-converted-space\">\u00a0<\/span><\/i><\/p>\n","protected":false},"excerpt":{"rendered":"<p>30 Celui qui n&rsquo;est pas avec moi est contre moi, et celui qui ne rassemble pas avec moi disperse. 31 C&rsquo;est pourquoi, je vous le dis, tout p\u00e9ch\u00e9, tout blasph\u00e8me sera pardonn\u00e9 aux humains, mais le blasph\u00e8me contre l&rsquo;Esprit ne sera pas pardonn\u00e9. 32 Quiconque parlera contre le Fils de l&rsquo;homme, il lui sera pardonn\u00e9, [&hellip;]<\/p>\n","protected":false},"author":3,"featured_media":6816,"comment_status":"open","ping_status":"closed","sticky":false,"template":"","format":"standard","meta":{"_acf_changed":false,"_eb_attr":"","advgb_blocks_editor_width":"","advgb_blocks_columns_visual_guide":"","footnotes":""},"categories":[16],"tags":[651,408,474],"video":[],"audio":[],"ecrit":[],"mis-en-avant":[],"redacteur":[],"type-darticle":[],"class_list":["post-6792","post","type-post","status-publish","format-standard","has-post-thumbnail","hentry","category-meditations-bibliques","tag-ecrit","tag-matthieu","tag-peche-contre-la-saint-esprit"],"blocksy_meta":[],"acf":[],"featured_image_src":"https:\/\/www.creusonslabible.fr\/wp-content\/uploads\/2019\/07\/heart-1463424_640-1.jpg","author_info":{"display_name":"Yoh","author_link":"https:\/\/www.creusonslabible.fr\/?author=3"},"author_meta":{"display_name":"Yoh","author_link":"https:\/\/www.creusonslabible.fr\/?author=3"},"featured_img":"https:\/\/www.creusonslabible.fr\/wp-content\/uploads\/2019\/07\/heart-1463424_640-1-300x240.jpg","coauthors":[],"tax_additional":{"categories":{"linked":["<a href=\"https:\/\/www.creusonslabible.fr\/?cat=16\" class=\"advgb-post-tax-term\">M\u00e9ditations bibliques<\/a>"],"unlinked":["<span class=\"advgb-post-tax-term\">M\u00e9ditations bibliques<\/span>"]},"tags":{"linked":["<a href=\"https:\/\/www.creusonslabible.fr\/?cat=16\" class=\"advgb-post-tax-term\">\u00e9crit<\/a>","<a href=\"https:\/\/www.creusonslabible.fr\/?cat=16\" class=\"advgb-post-tax-term\">Matthieu<\/a>","<a href=\"https:\/\/www.creusonslabible.fr\/?cat=16\" class=\"advgb-post-tax-term\">P\u00e9ch\u00e9 contre la saint Esprit<\/a>"],"unlinked":["<span class=\"advgb-post-tax-term\">\u00e9crit<\/span>","<span class=\"advgb-post-tax-term\">Matthieu<\/span>","<span class=\"advgb-post-tax-term\">P\u00e9ch\u00e9 contre la saint Esprit<\/span>"]}},"comment_count":"0","relative_dates":{"created":"Publi\u00e9 7 ans il y a","modified":"Mis \u00e0 jour 1 an il y a"},"absolute_dates":{"created":"Publi\u00e9 le 2 juillet 2019","modified":"Mise \u00e0 jour le 23 janvier 2025"},"absolute_dates_time":{"created":"Publi\u00e9 le 2 juillet 2019 14h44","modified":"Mise \u00e0 jour le 23 janvier 2025 12h17"},"featured_img_caption":"","series_order":"","meta_box":[],"_links":{"self":[{"href":"https:\/\/www.creusonslabible.fr\/index.php?rest_route=\/wp\/v2\/posts\/6792","targetHints":{"allow":["GET"]}}],"collection":[{"href":"https:\/\/www.creusonslabible.fr\/index.php?rest_route=\/wp\/v2\/posts"}],"about":[{"href":"https:\/\/www.creusonslabible.fr\/index.php?rest_route=\/wp\/v2\/types\/post"}],"author":[{"embeddable":true,"href":"https:\/\/www.creusonslabible.fr\/index.php?rest_route=\/wp\/v2\/users\/3"}],"replies":[{"embeddable":true,"href":"https:\/\/www.creusonslabible.fr\/index.php?rest_route=%2Fwp%2Fv2%2Fcomments&post=6792"}],"version-history":[{"count":1,"href":"https:\/\/www.creusonslabible.fr\/index.php?rest_route=\/wp\/v2\/posts\/6792\/revisions"}],"predecessor-version":[{"id":10351,"href":"https:\/\/www.creusonslabible.fr\/index.php?rest_route=\/wp\/v2\/posts\/6792\/revisions\/10351"}],"wp:featuredmedia":[{"embeddable":true,"href":"https:\/\/www.creusonslabible.fr\/index.php?rest_route=\/wp\/v2\/media\/6816"}],"wp:attachment":[{"href":"https:\/\/www.creusonslabible.fr\/index.php?rest_route=%2Fwp%2Fv2%2Fmedia&parent=6792"}],"wp:term":[{"taxonomy":"category","embeddable":true,"href":"https:\/\/www.creusonslabible.fr\/index.php?rest_route=%2Fwp%2Fv2%2Fcategories&post=6792"},{"taxonomy":"post_tag","embeddable":true,"href":"https:\/\/www.creusonslabible.fr\/index.php?rest_route=%2Fwp%2Fv2%2Ftags&post=6792"},{"taxonomy":"video","embeddable":true,"href":"https:\/\/www.creusonslabible.fr\/index.php?rest_route=%2Fwp%2Fv2%2Fvideo&post=6792"},{"taxonomy":"audio","embeddable":true,"href":"https:\/\/www.creusonslabible.fr\/index.php?rest_route=%2Fwp%2Fv2%2Faudio&post=6792"},{"taxonomy":"ecrit","embeddable":true,"href":"https:\/\/www.creusonslabible.fr\/index.php?rest_route=%2Fwp%2Fv2%2Fecrit&post=6792"},{"taxonomy":"mis-en-avant","embeddable":true,"href":"https:\/\/www.creusonslabible.fr\/index.php?rest_route=%2Fwp%2Fv2%2Fmis-en-avant&post=6792"},{"taxonomy":"redacteur","embeddable":true,"href":"https:\/\/www.creusonslabible.fr\/index.php?rest_route=%2Fwp%2Fv2%2Fredacteur&post=6792"},{"taxonomy":"type-darticle","embeddable":true,"href":"https:\/\/www.creusonslabible.fr\/index.php?rest_route=%2Fwp%2Fv2%2Ftype-darticle&post=6792"}],"curies":[{"name":"wp","href":"https:\/\/api.w.org\/{rel}","templated":true}]}}