{"id":6796,"date":"2019-07-16T12:13:42","date_gmt":"2019-07-16T10:13:42","guid":{"rendered":"http:\/\/www.creusonslabible.fr\/?p=6796"},"modified":"2025-01-23T12:17:09","modified_gmt":"2025-01-23T10:17:09","slug":"matthieu-1238-42-lecons-du-passe","status":"publish","type":"post","link":"https:\/\/www.creusonslabible.fr\/?p=6796","title":{"rendered":"Matthieu 12:38-42\u00a0: LE\u00c7ONS DU PASS\u00c9"},"content":{"rendered":"<blockquote><p>38 Alors quelques-uns des scribes et des pharisiens dirent\u00a0: Ma\u00eetre, nous voudrions voir un signe de ta part. 39 Il leur r\u00e9pondit\u00a0: Une g\u00e9n\u00e9ration mauvaise et adult\u00e8re recherche un signe\u00a0; il ne lui sera pas donn\u00e9 d&rsquo;autre signe que le signe du proph\u00e8te Jonas. 40 En effet, tout comme Jonas fut trois jours et trois nuits dans le ventre du grand poisson, de m\u00eame le Fils de l&rsquo;homme sera trois jours et trois nuits dans le coeur de la terre. 41 Les hommes de Ninive se l\u00e8veront, lors du jugement, avec cette g\u00e9n\u00e9ration, et ils la condamneront, parce qu&rsquo;ils ont chang\u00e9 radicalement \u00e0 la proclamation de Jonas\u00a0; et pourtant il y a ici plus que Jonas. 42 La reine du Sud se r\u00e9veillera, lors du jugement, avec cette g\u00e9n\u00e9ration, et elle la condamnera, parce qu&rsquo;elle est venue des extr\u00e9mit\u00e9s de la terre pour entendre la sagesse de Salomon\u00a0; et pourtant il y a ici plus que Salomon.<\/p><\/blockquote>\n<h3><b>Les 2 principaux points communs entre Jonas et J\u00e9sus :<\/b><\/h3>\n<ul>\n<li>Ils ont \u00e9t\u00e9 \u00ab\u00a0enferm\u00e9s\u00a0\u00bb 3 jours et s&rsquo;en sont miraculeusement sortis<\/li>\n<li>Ils ont \u00ab\u00a0offert\u00a0\u00bb le Salut \u00e0 leur contemporains en les appelant \u00e0 changer de vie.<\/li>\n<\/ul>\n<h3><b>Les 2 diff\u00e9rences entre Jonas et J\u00e9sus :<\/b><\/h3>\n<ul>\n<li>Jonas a \u00e9t\u00e9 forc\u00e9 d&rsquo;aller dans le poisson et le poisson l&rsquo;a forc\u00e9 \u00e0 aller \u00e0 Ninive. J\u00e9sus a donn\u00e9 sa vie volontairement pour le Salut de ceux qui croiraient en Lui.<\/li>\n<li>Jonas a pr\u00each\u00e9 \u00e0 Ninive, une ville pa\u00efenne alors que J\u00e9sus a pr\u00each\u00e9 au sein du peuple de Dieu.<\/li>\n<\/ul>\n<h3><b>Les juges pa\u00efens du peuple de Dieu !<\/b><\/h3>\n<p>Du temps o\u00f9 Isra\u00ebl \u00e9tait \u00ab\u00a0la lumi\u00e8re des nations\u00a0\u00bb, des peuples non juifs avaient acc\u00e8s \u00e0 la Parole de Dieu et agissaient en cons\u00e9quence. Mais l\u00e0, l&rsquo;exemple des pharisiens est affligeant : Le Messie est rejet\u00e9 par son propre peuple ! \u00c0 la fin des temps, Ninive et la reine de Saba jugeront donc ces gens indignes de l&rsquo;Alliance.<\/p>\n<h3><b>Enfant de chr\u00e9tien ?<\/b><\/h3>\n<p><i>Te rends-tu compte que tu as la chance d&rsquo;avoir acc\u00e8s \u00e0 la Parole de Dieu depuis tout petit ? Qu&rsquo;en fais-tu ?<\/i><\/p>\n<h3><b>Des pa\u00efens au GBU ?<\/b><\/h3>\n<p>Quelle chance de voir des \u00e9tudiants se mettre pour la premi\u00e8re fois devant une Bible et d\u00e9couvrir son style, son message ! Souvent, ils per\u00e7oivent mieux que les chr\u00e9tiens le c\u00f4t\u00e9 extraordinaire, r\u00e9volutionnaire de la Parole de Dieu. Il faut donc des non chr\u00e9tiens lors des Discussions Autour de la Bible ! Ce sera bon pour eux et pour vous !<\/p>\n","protected":false},"excerpt":{"rendered":"<p>38 Alors quelques-uns des scribes et des pharisiens dirent\u00a0: Ma\u00eetre, nous voudrions voir un signe de ta part. 39 Il leur r\u00e9pondit\u00a0: Une g\u00e9n\u00e9ration mauvaise et adult\u00e8re recherche un signe\u00a0; il ne lui sera pas donn\u00e9 d&rsquo;autre signe que le signe du proph\u00e8te Jonas. 40 En effet, tout comme Jonas fut trois jours et trois [&hellip;]<\/p>\n","protected":false},"author":3,"featured_media":5895,"comment_status":"open","ping_status":"closed","sticky":false,"template":"","format":"standard","meta":{"_acf_changed":false,"_eb_attr":"","advgb_blocks_editor_width":"","advgb_blocks_columns_visual_guide":"","footnotes":""},"categories":[16],"tags":[651,273,479,289],"video":[],"audio":[],"ecrit":[],"mis-en-avant":[],"redacteur":[],"type-darticle":[],"class_list":["post-6796","post","type-post","status-publish","format-standard","has-post-thumbnail","hentry","category-meditations-bibliques","tag-ecrit","tag-jonas","tag-reine-de-saba","tag-repentance"],"blocksy_meta":[],"acf":[],"featured_image_src":"https:\/\/www.creusonslabible.fr\/wp-content\/uploads\/2018\/02\/pardon_prodigue_g-1.jpg","author_info":{"display_name":"Yoh","author_link":"https:\/\/www.creusonslabible.fr\/?author=3"},"author_meta":{"display_name":"Yoh","author_link":"https:\/\/www.creusonslabible.fr\/?author=3"},"featured_img":"https:\/\/www.creusonslabible.fr\/wp-content\/uploads\/2018\/02\/pardon_prodigue_g-1-238x300.jpg","coauthors":[],"tax_additional":{"categories":{"linked":["<a href=\"https:\/\/www.creusonslabible.fr\/?cat=16\" class=\"advgb-post-tax-term\">M\u00e9ditations bibliques<\/a>"],"unlinked":["<span class=\"advgb-post-tax-term\">M\u00e9ditations bibliques<\/span>"]},"tags":{"linked":["<a href=\"https:\/\/www.creusonslabible.fr\/?cat=16\" class=\"advgb-post-tax-term\">\u00e9crit<\/a>","<a href=\"https:\/\/www.creusonslabible.fr\/?cat=16\" class=\"advgb-post-tax-term\">Jonas<\/a>","<a href=\"https:\/\/www.creusonslabible.fr\/?cat=16\" class=\"advgb-post-tax-term\">reine de saba<\/a>","<a href=\"https:\/\/www.creusonslabible.fr\/?cat=16\" class=\"advgb-post-tax-term\">repentance<\/a>"],"unlinked":["<span class=\"advgb-post-tax-term\">\u00e9crit<\/span>","<span class=\"advgb-post-tax-term\">Jonas<\/span>","<span class=\"advgb-post-tax-term\">reine de saba<\/span>","<span class=\"advgb-post-tax-term\">repentance<\/span>"]}},"comment_count":"1","relative_dates":{"created":"Publi\u00e9 7 ans il y a","modified":"Mis \u00e0 jour 1 an il y a"},"absolute_dates":{"created":"Publi\u00e9 le 16 juillet 2019","modified":"Mise \u00e0 jour le 23 janvier 2025"},"absolute_dates_time":{"created":"Publi\u00e9 le 16 juillet 2019 12h13","modified":"Mise \u00e0 jour le 23 janvier 2025 12h17"},"featured_img_caption":"","series_order":"","meta_box":[],"_links":{"self":[{"href":"https:\/\/www.creusonslabible.fr\/index.php?rest_route=\/wp\/v2\/posts\/6796","targetHints":{"allow":["GET"]}}],"collection":[{"href":"https:\/\/www.creusonslabible.fr\/index.php?rest_route=\/wp\/v2\/posts"}],"about":[{"href":"https:\/\/www.creusonslabible.fr\/index.php?rest_route=\/wp\/v2\/types\/post"}],"author":[{"embeddable":true,"href":"https:\/\/www.creusonslabible.fr\/index.php?rest_route=\/wp\/v2\/users\/3"}],"replies":[{"embeddable":true,"href":"https:\/\/www.creusonslabible.fr\/index.php?rest_route=%2Fwp%2Fv2%2Fcomments&post=6796"}],"version-history":[{"count":1,"href":"https:\/\/www.creusonslabible.fr\/index.php?rest_route=\/wp\/v2\/posts\/6796\/revisions"}],"predecessor-version":[{"id":10349,"href":"https:\/\/www.creusonslabible.fr\/index.php?rest_route=\/wp\/v2\/posts\/6796\/revisions\/10349"}],"wp:featuredmedia":[{"embeddable":true,"href":"https:\/\/www.creusonslabible.fr\/index.php?rest_route=\/wp\/v2\/media\/5895"}],"wp:attachment":[{"href":"https:\/\/www.creusonslabible.fr\/index.php?rest_route=%2Fwp%2Fv2%2Fmedia&parent=6796"}],"wp:term":[{"taxonomy":"category","embeddable":true,"href":"https:\/\/www.creusonslabible.fr\/index.php?rest_route=%2Fwp%2Fv2%2Fcategories&post=6796"},{"taxonomy":"post_tag","embeddable":true,"href":"https:\/\/www.creusonslabible.fr\/index.php?rest_route=%2Fwp%2Fv2%2Ftags&post=6796"},{"taxonomy":"video","embeddable":true,"href":"https:\/\/www.creusonslabible.fr\/index.php?rest_route=%2Fwp%2Fv2%2Fvideo&post=6796"},{"taxonomy":"audio","embeddable":true,"href":"https:\/\/www.creusonslabible.fr\/index.php?rest_route=%2Fwp%2Fv2%2Faudio&post=6796"},{"taxonomy":"ecrit","embeddable":true,"href":"https:\/\/www.creusonslabible.fr\/index.php?rest_route=%2Fwp%2Fv2%2Fecrit&post=6796"},{"taxonomy":"mis-en-avant","embeddable":true,"href":"https:\/\/www.creusonslabible.fr\/index.php?rest_route=%2Fwp%2Fv2%2Fmis-en-avant&post=6796"},{"taxonomy":"redacteur","embeddable":true,"href":"https:\/\/www.creusonslabible.fr\/index.php?rest_route=%2Fwp%2Fv2%2Fredacteur&post=6796"},{"taxonomy":"type-darticle","embeddable":true,"href":"https:\/\/www.creusonslabible.fr\/index.php?rest_route=%2Fwp%2Fv2%2Ftype-darticle&post=6796"}],"curies":[{"name":"wp","href":"https:\/\/api.w.org\/{rel}","templated":true}]}}