{"id":683,"date":"2012-07-06T20:10:40","date_gmt":"2012-07-06T20:10:40","guid":{"rendered":"http:\/\/elearning.gbu.fr\/?p=683"},"modified":"2025-01-24T11:25:15","modified_gmt":"2025-01-24T09:25:15","slug":"osee","status":"publish","type":"post","link":"https:\/\/www.creusonslabible.fr\/?p=683","title":{"rendered":"Os\u00e9e"},"content":{"rendered":"<p>(<strong>Pour l\u2019introduction, se r\u00e9f\u00e9rer \u00e0 l\u2019introduction d\u2019Amos)<\/strong><\/p>\n<p>&nbsp;<\/p>\n<p><strong>Os\u00e9e 1 et 3<\/strong><\/p>\n<p>La vie d\u2019Os\u00e9e est rapport\u00e9e dans ses grandes lignes dans ces deux chapitres.<\/p>\n<p align=\"JUSTIFY\">1. Quelles indications y trouvons-nous sur\u00a0:<\/p>\n<p align=\"JUSTIFY\">a) ce qu\u2019il savait de son appel proph\u00e9tique avant son mariage, et le fait qu\u2019\u00e0 chaque instant de sa vie il gardait les yeux fix\u00e9s sur le Seigneur, y compris lors de son union \u00e0 Gomer,<\/p>\n<p align=\"JUSTIFY\">b) le fait qu\u2019il ignorait au moment o\u00f9 il \u00e9pousait Gomer qu\u2019elle se montrerait infid\u00e8le,<\/p>\n<p align=\"JUSTIFY\">c) le fait qu\u2019apr\u00e8s-coup, il reconnaisse que Dieu l\u2019avait amen\u00e9 \u00e0 vivre cette exp\u00e9rience douloureuse dans le but de mieux comprendre la port\u00e9e de l\u2019infid\u00e9lit\u00e9 d\u2019Isra\u00ebl envers Dieu.<\/p>\n<p align=\"JUSTIFY\">Que pouvons-nous tirer d\u2019un tel r\u00e9cit\u00a0? <em>Cf<\/em><em>.<\/em> Gn 50.20.<\/p>\n<p align=\"JUSTIFY\">2. Apr\u00e8s son infid\u00e9lit\u00e9, il semble que Gomer a abandonn\u00e9 Os\u00e9e et se trouve rel\u00e9gu\u00e9e au rang d\u2019esclave. Os\u00e9e continue pourtant \u00e0 l\u2019aimer, et il la rach\u00e8te, mais il garde un \u0153il disciplinaire sur elle pendant quelque temps. Comment le proph\u00e8te se sert-il de cette exp\u00e9rience pour illustrer l\u2019amour de Dieu et l\u2019avenir d\u2019Isra\u00ebl\u00a0?<\/p>\n","protected":false},"excerpt":{"rendered":"<p>(Pour l\u2019introduction, se r\u00e9f\u00e9rer \u00e0 l\u2019introduction d\u2019Amos) &nbsp; Os\u00e9e 1 et 3 La vie d\u2019Os\u00e9e est rapport\u00e9e dans ses grandes lignes dans ces deux chapitres. 1. Quelles indications y trouvons-nous sur\u00a0: a) ce qu\u2019il savait de son appel proph\u00e9tique avant son mariage, et le fait qu\u2019\u00e0 chaque instant de sa vie il gardait les yeux [&hellip;]<\/p>\n","protected":false},"author":2,"featured_media":0,"comment_status":"open","ping_status":"open","sticky":false,"template":"","format":"standard","meta":{"_acf_changed":false,"_eb_attr":"","advgb_blocks_editor_width":"","advgb_blocks_columns_visual_guide":"","footnotes":""},"categories":[90],"tags":[651,67],"video":[],"audio":[],"ecrit":[],"mis-en-avant":[],"redacteur":[],"type-darticle":[],"class_list":["post-683","post","type-post","status-publish","format-standard","hentry","category-introduction-aux-livres-bibliques","tag-ecrit","tag-osee"],"blocksy_meta":[],"acf":[],"featured_image_src":null,"author_info":{"display_name":"caillou","author_link":"https:\/\/www.creusonslabible.fr\/?author=2"},"author_meta":{"display_name":"caillou","author_link":"https:\/\/www.creusonslabible.fr\/?author=2"},"featured_img":null,"coauthors":[],"tax_additional":{"categories":{"linked":["<a href=\"https:\/\/www.creusonslabible.fr\/?cat=90\" class=\"advgb-post-tax-term\">Introduction aux livres Bibliques<\/a>"],"unlinked":["<span class=\"advgb-post-tax-term\">Introduction aux livres Bibliques<\/span>"]},"tags":{"linked":["<a href=\"https:\/\/www.creusonslabible.fr\/?cat=90\" class=\"advgb-post-tax-term\">\u00e9crit<\/a>","<a href=\"https:\/\/www.creusonslabible.fr\/?cat=90\" class=\"advgb-post-tax-term\">Os\u00e9e<\/a>"],"unlinked":["<span class=\"advgb-post-tax-term\">\u00e9crit<\/span>","<span class=\"advgb-post-tax-term\">Os\u00e9e<\/span>"]}},"comment_count":"0","relative_dates":{"created":"Publi\u00e9 14 ans il y a","modified":"Mis \u00e0 jour 1 an il y a"},"absolute_dates":{"created":"Publi\u00e9 le 6 juillet 2012","modified":"Mise \u00e0 jour le 24 janvier 2025"},"absolute_dates_time":{"created":"Publi\u00e9 le 6 juillet 2012 20h10","modified":"Mise \u00e0 jour le 24 janvier 2025 11h25"},"featured_img_caption":"","series_order":"","meta_box":[],"_links":{"self":[{"href":"https:\/\/www.creusonslabible.fr\/index.php?rest_route=\/wp\/v2\/posts\/683","targetHints":{"allow":["GET"]}}],"collection":[{"href":"https:\/\/www.creusonslabible.fr\/index.php?rest_route=\/wp\/v2\/posts"}],"about":[{"href":"https:\/\/www.creusonslabible.fr\/index.php?rest_route=\/wp\/v2\/types\/post"}],"author":[{"embeddable":true,"href":"https:\/\/www.creusonslabible.fr\/index.php?rest_route=\/wp\/v2\/users\/2"}],"replies":[{"embeddable":true,"href":"https:\/\/www.creusonslabible.fr\/index.php?rest_route=%2Fwp%2Fv2%2Fcomments&post=683"}],"version-history":[{"count":1,"href":"https:\/\/www.creusonslabible.fr\/index.php?rest_route=\/wp\/v2\/posts\/683\/revisions"}],"predecessor-version":[{"id":10900,"href":"https:\/\/www.creusonslabible.fr\/index.php?rest_route=\/wp\/v2\/posts\/683\/revisions\/10900"}],"wp:attachment":[{"href":"https:\/\/www.creusonslabible.fr\/index.php?rest_route=%2Fwp%2Fv2%2Fmedia&parent=683"}],"wp:term":[{"taxonomy":"category","embeddable":true,"href":"https:\/\/www.creusonslabible.fr\/index.php?rest_route=%2Fwp%2Fv2%2Fcategories&post=683"},{"taxonomy":"post_tag","embeddable":true,"href":"https:\/\/www.creusonslabible.fr\/index.php?rest_route=%2Fwp%2Fv2%2Ftags&post=683"},{"taxonomy":"video","embeddable":true,"href":"https:\/\/www.creusonslabible.fr\/index.php?rest_route=%2Fwp%2Fv2%2Fvideo&post=683"},{"taxonomy":"audio","embeddable":true,"href":"https:\/\/www.creusonslabible.fr\/index.php?rest_route=%2Fwp%2Fv2%2Faudio&post=683"},{"taxonomy":"ecrit","embeddable":true,"href":"https:\/\/www.creusonslabible.fr\/index.php?rest_route=%2Fwp%2Fv2%2Fecrit&post=683"},{"taxonomy":"mis-en-avant","embeddable":true,"href":"https:\/\/www.creusonslabible.fr\/index.php?rest_route=%2Fwp%2Fv2%2Fmis-en-avant&post=683"},{"taxonomy":"redacteur","embeddable":true,"href":"https:\/\/www.creusonslabible.fr\/index.php?rest_route=%2Fwp%2Fv2%2Fredacteur&post=683"},{"taxonomy":"type-darticle","embeddable":true,"href":"https:\/\/www.creusonslabible.fr\/index.php?rest_route=%2Fwp%2Fv2%2Ftype-darticle&post=683"}],"curies":[{"name":"wp","href":"https:\/\/api.w.org\/{rel}","templated":true}]}}