{"id":6839,"date":"2019-09-12T18:30:45","date_gmt":"2019-09-12T16:30:45","guid":{"rendered":"http:\/\/www.creusonslabible.fr\/?p=6839"},"modified":"2025-01-23T12:17:08","modified_gmt":"2025-01-23T10:17:08","slug":"arbre-genealogique-des-eglises-evangeliques","status":"publish","type":"post","link":"https:\/\/www.creusonslabible.fr\/?p=6839","title":{"rendered":"Arbre g\u00e9n\u00e9alogique des \u00c9glises \u00e9vang\u00e9liques"},"content":{"rendered":"\n<h3 class=\"wp-block-heading\">Nous connaissons normalement tous nos racines familiales. Mais qu&rsquo;en est-il de nos racines eccl\u00e9siales ? <\/h3>\n\n\n\n<h4 class=\"wp-block-heading\">Avec cet arbre g\u00e9n\u00e9alogique, d\u00e9couvrez les origines des principales \u00c9glises \u00e9vang\u00e9liques fran\u00e7aises.<\/h4>\n\n\n\n<p>4 pr\u00e9cisions avant de le contempler :<\/p>\n\n\n\n<ul class=\"wp-block-list\"><li>Pour des raisons techniques, l&rsquo;arbre a la t\u00eate \u00e0 l&rsquo;envers ;<\/li><li>Les dates sont celles de la constitution officielle de chaque mouvement mais la plupart existait d\u00e9j\u00e0 officieusement depuis plusieurs ann\u00e9es ;<\/li><li>Cet arbre n&rsquo;est pas exhaustif mais c&rsquo;est d\u00e9j\u00e0 pas mal ;<\/li><li>Si les inscriptions sont trop petites (vous \u00eates au courant que vous pouvez zoomer en faisant ctrl + ?), <a href=\"https:\/\/www.creusonslabible.fr\/wp-content\/uploads\/2015\/10\/Arbre-genealogique-1.pdf\">vous pouvez t\u00e9l\u00e9charger l&rsquo;arbre en pdf.<\/a><\/li><\/ul>\n\n\n\n<ul class=\"wp-block-gallery columns-1 is-cropped wp-block-gallery-1\"><li class=\"blocks-gallery-item\"><figure><img loading=\"lazy\" decoding=\"async\" width=\"1024\" height=\"997\" src=\"https:\/\/www.creusonslabible.fr\/wp-content\/uploads\/2019\/08\/Arbre-genealogique-1-1-1024x997.png\" alt=\"\" data-id=\"6854\" data-link=\"http:\/\/www.creusonslabible.fr\/?attachment_id=6854\" class=\"wp-image-6854 is-layout-flex wp-block-gallery-is-layout-flex\" srcset=\"https:\/\/www.creusonslabible.fr\/wp-content\/uploads\/2019\/08\/Arbre-genealogique-1-1-1024x997.png 1024w, https:\/\/www.creusonslabible.fr\/wp-content\/uploads\/2019\/08\/Arbre-genealogique-1-1-300x292.png 300w, https:\/\/www.creusonslabible.fr\/wp-content\/uploads\/2019\/08\/Arbre-genealogique-1-1-768x748.png 768w, https:\/\/www.creusonslabible.fr\/wp-content\/uploads\/2019\/08\/Arbre-genealogique-1-1-1536x1495.png 1536w, https:\/\/www.creusonslabible.fr\/wp-content\/uploads\/2019\/08\/Arbre-genealogique-1-1-2048x1994.png 2048w\" sizes=\"auto, (max-width: 1024px) 100vw, 1024px\" \/><\/figure><\/li><\/ul>\n\n\n\n<div class=\"wp-block-file\"><a href=\"https:\/\/www.creusonslabible.fr\/wp-content\/uploads\/2015\/10\/Arbre-genealogique-1.pdf\">Arbre g\u00e9n\u00e9alogique en pdf<\/a><a href=\"https:\/\/www.creusonslabible.fr\/wp-content\/uploads\/2015\/10\/Arbre-genealogique-1.pdf\" class=\"wp-block-file__button\" download>Download<\/a><\/div>\n","protected":false},"excerpt":{"rendered":"<p>Nous connaissons normalement tous nos racines familiales. Mais qu&rsquo;en est-il de nos racines eccl\u00e9siales ? Avec cet arbre g\u00e9n\u00e9alogique, d\u00e9couvrez les origines des principales \u00c9glises \u00e9vang\u00e9liques fran\u00e7aises. 4 pr\u00e9cisions avant de le contempler : Pour des raisons techniques, l&rsquo;arbre a la t\u00eate \u00e0 l&rsquo;envers ; Les dates sont celles de la constitution officielle de chaque [&hellip;]<\/p>\n","protected":false},"author":3,"featured_media":4618,"comment_status":"open","ping_status":"closed","sticky":false,"template":"","format":"standard","meta":{"_acf_changed":false,"_eb_attr":"","advgb_blocks_editor_width":"","advgb_blocks_columns_visual_guide":"","footnotes":""},"categories":[26],"tags":[651,481],"video":[],"audio":[],"ecrit":[],"mis-en-avant":[],"redacteur":[],"type-darticle":[],"class_list":["post-6839","post","type-post","status-publish","format-standard","has-post-thumbnail","hentry","category-histoire-de-l-eglise","tag-ecrit","tag-origines-des-eglises"],"blocksy_meta":[],"acf":[],"featured_image_src":"https:\/\/www.creusonslabible.fr\/wp-content\/uploads\/2013\/08\/family-tree-295298_1280-1.png","author_info":{"display_name":"Yoh","author_link":"https:\/\/www.creusonslabible.fr\/?author=3"},"author_meta":{"display_name":"Yoh","author_link":"https:\/\/www.creusonslabible.fr\/?author=3"},"featured_img":"https:\/\/www.creusonslabible.fr\/wp-content\/uploads\/2013\/08\/family-tree-295298_1280-1-300x296.png","coauthors":[],"tax_additional":{"categories":{"linked":["<a href=\"https:\/\/www.creusonslabible.fr\/?cat=26\" class=\"advgb-post-tax-term\">Histoire de l&#039;\u00c9glise<\/a>"],"unlinked":["<span class=\"advgb-post-tax-term\">Histoire de l&#039;\u00c9glise<\/span>"]},"tags":{"linked":["<a href=\"https:\/\/www.creusonslabible.fr\/?cat=26\" class=\"advgb-post-tax-term\">\u00e9crit<\/a>","<a href=\"https:\/\/www.creusonslabible.fr\/?cat=26\" class=\"advgb-post-tax-term\">origines des \u00e9glises<\/a>"],"unlinked":["<span class=\"advgb-post-tax-term\">\u00e9crit<\/span>","<span class=\"advgb-post-tax-term\">origines des \u00e9glises<\/span>"]}},"comment_count":"2","relative_dates":{"created":"Publi\u00e9 7 ans il y a","modified":"Mis \u00e0 jour 1 an il y a"},"absolute_dates":{"created":"Publi\u00e9 le 12 septembre 2019","modified":"Mise \u00e0 jour le 23 janvier 2025"},"absolute_dates_time":{"created":"Publi\u00e9 le 12 septembre 2019 18h30","modified":"Mise \u00e0 jour le 23 janvier 2025 12h17"},"featured_img_caption":"","series_order":"","meta_box":[],"_links":{"self":[{"href":"https:\/\/www.creusonslabible.fr\/index.php?rest_route=\/wp\/v2\/posts\/6839","targetHints":{"allow":["GET"]}}],"collection":[{"href":"https:\/\/www.creusonslabible.fr\/index.php?rest_route=\/wp\/v2\/posts"}],"about":[{"href":"https:\/\/www.creusonslabible.fr\/index.php?rest_route=\/wp\/v2\/types\/post"}],"author":[{"embeddable":true,"href":"https:\/\/www.creusonslabible.fr\/index.php?rest_route=\/wp\/v2\/users\/3"}],"replies":[{"embeddable":true,"href":"https:\/\/www.creusonslabible.fr\/index.php?rest_route=%2Fwp%2Fv2%2Fcomments&post=6839"}],"version-history":[{"count":1,"href":"https:\/\/www.creusonslabible.fr\/index.php?rest_route=\/wp\/v2\/posts\/6839\/revisions"}],"predecessor-version":[{"id":10344,"href":"https:\/\/www.creusonslabible.fr\/index.php?rest_route=\/wp\/v2\/posts\/6839\/revisions\/10344"}],"wp:featuredmedia":[{"embeddable":true,"href":"https:\/\/www.creusonslabible.fr\/index.php?rest_route=\/wp\/v2\/media\/4618"}],"wp:attachment":[{"href":"https:\/\/www.creusonslabible.fr\/index.php?rest_route=%2Fwp%2Fv2%2Fmedia&parent=6839"}],"wp:term":[{"taxonomy":"category","embeddable":true,"href":"https:\/\/www.creusonslabible.fr\/index.php?rest_route=%2Fwp%2Fv2%2Fcategories&post=6839"},{"taxonomy":"post_tag","embeddable":true,"href":"https:\/\/www.creusonslabible.fr\/index.php?rest_route=%2Fwp%2Fv2%2Ftags&post=6839"},{"taxonomy":"video","embeddable":true,"href":"https:\/\/www.creusonslabible.fr\/index.php?rest_route=%2Fwp%2Fv2%2Fvideo&post=6839"},{"taxonomy":"audio","embeddable":true,"href":"https:\/\/www.creusonslabible.fr\/index.php?rest_route=%2Fwp%2Fv2%2Faudio&post=6839"},{"taxonomy":"ecrit","embeddable":true,"href":"https:\/\/www.creusonslabible.fr\/index.php?rest_route=%2Fwp%2Fv2%2Fecrit&post=6839"},{"taxonomy":"mis-en-avant","embeddable":true,"href":"https:\/\/www.creusonslabible.fr\/index.php?rest_route=%2Fwp%2Fv2%2Fmis-en-avant&post=6839"},{"taxonomy":"redacteur","embeddable":true,"href":"https:\/\/www.creusonslabible.fr\/index.php?rest_route=%2Fwp%2Fv2%2Fredacteur&post=6839"},{"taxonomy":"type-darticle","embeddable":true,"href":"https:\/\/www.creusonslabible.fr\/index.php?rest_route=%2Fwp%2Fv2%2Ftype-darticle&post=6839"}],"curies":[{"name":"wp","href":"https:\/\/api.w.org\/{rel}","templated":true}]}}