{"id":685,"date":"2012-07-06T20:10:34","date_gmt":"2012-07-06T20:10:34","guid":{"rendered":"http:\/\/elearning.gbu.fr\/?p=685"},"modified":"2025-01-24T11:24:39","modified_gmt":"2025-01-24T09:24:39","slug":"joel","status":"publish","type":"post","link":"https:\/\/www.creusonslabible.fr\/?p=685","title":{"rendered":"Jo\u00ebl"},"content":{"rendered":"<p align=\"JUSTIFY\">On ne conna\u00eet rien de plus sur ce proph\u00e8te que ce qui est \u00e9crit dans le premier verset du livre, et le fait \u2013 \u00e9vident \u2013 qu\u2019il proph\u00e9tise pour Juda. Il est commun\u00e9ment accept\u00e9 qu\u2019il f\u00fbt soit l\u2019un des premiers proph\u00e8tes, soit l\u2019un des derniers. La date n\u2019est pas importante pour l\u2019\u00e9tude de son message.<\/p>\n<p align=\"JUSTIFY\">L\u2019\u00e9v\u00e9nement de cette proph\u00e9tie \u00e9tait une plaie de sauterelles sans pr\u00e9c\u00e9dent, accompagn\u00e9e apparemment d\u2019une s\u00e9cheresse (1.18-20). L\u2019auteur appelle le peuple \u00e0 une repentance nationale et \u00e0 s\u2019humilier\u00a0; ce faisant, il \u00e9tait autoris\u00e9 \u00e0 d\u00e9clarer le d\u00e9part rapide des sauterelles et la restauration du pays.<\/p>\n<p align=\"JUSTIFY\">Mais le proph\u00e8te re\u00e7ut aussi une vision plus lointaine. La plaie des sauterelles \u00e9tait un symbole du jour du Seigneur. Jo\u00ebl pr\u00e9voit que le Saint-Esprit sera r\u00e9pandu\u00a0; il annonce aussi le rassemblement des nations pour r\u00e9pondre de leurs m\u00e9faits envers Isra\u00ebl. Le Seigneur triomphera et Isra\u00ebl sera b\u00e9ni.<\/p>\n<p align=\"JUSTIFY\"><strong>Plan<\/strong><\/p>\n<p align=\"JUSTIFY\">1.17 \u2013 2.17 La plaie de sauterelles et un appel \u00e0 la repentance nationale<\/p>\n<p align=\"JUSTIFY\">2.18 \u2013 27 Les sauterelles seront d\u00e9truites et le pays retrouvera sa fertilit\u00e9<\/p>\n<p align=\"JUSTIFY\">3.1-5 Le Saint-Esprit sera r\u00e9pandu<\/p>\n<p align=\"JUSTIFY\">4.1-21 Le jour du Seigneur\u00a0: le jugement des nations, et les b\u00e9n\u00e9dictions pour Juda et J\u00e9rusalem<\/p>\n","protected":false},"excerpt":{"rendered":"<p>On ne conna\u00eet rien de plus sur ce proph\u00e8te que ce qui est \u00e9crit dans le premier verset du livre, et le fait \u2013 \u00e9vident \u2013 qu\u2019il proph\u00e9tise pour Juda. Il est commun\u00e9ment accept\u00e9 qu\u2019il f\u00fbt soit l\u2019un des premiers proph\u00e8tes, soit l\u2019un des derniers. La date n\u2019est pas importante pour l\u2019\u00e9tude de son message. [&hellip;]<\/p>\n","protected":false},"author":2,"featured_media":0,"comment_status":"open","ping_status":"open","sticky":false,"template":"","format":"standard","meta":{"_acf_changed":false,"_eb_attr":"","advgb_blocks_editor_width":"","advgb_blocks_columns_visual_guide":"","footnotes":""},"categories":[90],"tags":[651,551],"video":[],"audio":[],"ecrit":[],"mis-en-avant":[],"redacteur":[],"type-darticle":[],"class_list":["post-685","post","type-post","status-publish","format-standard","hentry","category-introduction-aux-livres-bibliques","tag-ecrit","tag-joel"],"blocksy_meta":[],"acf":[],"featured_image_src":null,"author_info":{"display_name":"caillou","author_link":"https:\/\/www.creusonslabible.fr\/?author=2"},"author_meta":{"display_name":"caillou","author_link":"https:\/\/www.creusonslabible.fr\/?author=2"},"featured_img":null,"coauthors":[],"tax_additional":{"categories":{"linked":["<a href=\"https:\/\/www.creusonslabible.fr\/?cat=90\" class=\"advgb-post-tax-term\">Introduction aux livres Bibliques<\/a>"],"unlinked":["<span class=\"advgb-post-tax-term\">Introduction aux livres Bibliques<\/span>"]},"tags":{"linked":["<a href=\"https:\/\/www.creusonslabible.fr\/?cat=90\" class=\"advgb-post-tax-term\">\u00e9crit<\/a>","<a href=\"https:\/\/www.creusonslabible.fr\/?cat=90\" class=\"advgb-post-tax-term\">Jo\u00ebl<\/a>"],"unlinked":["<span class=\"advgb-post-tax-term\">\u00e9crit<\/span>","<span class=\"advgb-post-tax-term\">Jo\u00ebl<\/span>"]}},"comment_count":"0","relative_dates":{"created":"Publi\u00e9 14 ans il y a","modified":"Mis \u00e0 jour 1 an il y a"},"absolute_dates":{"created":"Publi\u00e9 le 6 juillet 2012","modified":"Mise \u00e0 jour le 24 janvier 2025"},"absolute_dates_time":{"created":"Publi\u00e9 le 6 juillet 2012 20h10","modified":"Mise \u00e0 jour le 24 janvier 2025 11h24"},"featured_img_caption":"","series_order":"","meta_box":[],"_links":{"self":[{"href":"https:\/\/www.creusonslabible.fr\/index.php?rest_route=\/wp\/v2\/posts\/685","targetHints":{"allow":["GET"]}}],"collection":[{"href":"https:\/\/www.creusonslabible.fr\/index.php?rest_route=\/wp\/v2\/posts"}],"about":[{"href":"https:\/\/www.creusonslabible.fr\/index.php?rest_route=\/wp\/v2\/types\/post"}],"author":[{"embeddable":true,"href":"https:\/\/www.creusonslabible.fr\/index.php?rest_route=\/wp\/v2\/users\/2"}],"replies":[{"embeddable":true,"href":"https:\/\/www.creusonslabible.fr\/index.php?rest_route=%2Fwp%2Fv2%2Fcomments&post=685"}],"version-history":[{"count":1,"href":"https:\/\/www.creusonslabible.fr\/index.php?rest_route=\/wp\/v2\/posts\/685\/revisions"}],"predecessor-version":[{"id":10865,"href":"https:\/\/www.creusonslabible.fr\/index.php?rest_route=\/wp\/v2\/posts\/685\/revisions\/10865"}],"wp:attachment":[{"href":"https:\/\/www.creusonslabible.fr\/index.php?rest_route=%2Fwp%2Fv2%2Fmedia&parent=685"}],"wp:term":[{"taxonomy":"category","embeddable":true,"href":"https:\/\/www.creusonslabible.fr\/index.php?rest_route=%2Fwp%2Fv2%2Fcategories&post=685"},{"taxonomy":"post_tag","embeddable":true,"href":"https:\/\/www.creusonslabible.fr\/index.php?rest_route=%2Fwp%2Fv2%2Ftags&post=685"},{"taxonomy":"video","embeddable":true,"href":"https:\/\/www.creusonslabible.fr\/index.php?rest_route=%2Fwp%2Fv2%2Fvideo&post=685"},{"taxonomy":"audio","embeddable":true,"href":"https:\/\/www.creusonslabible.fr\/index.php?rest_route=%2Fwp%2Fv2%2Faudio&post=685"},{"taxonomy":"ecrit","embeddable":true,"href":"https:\/\/www.creusonslabible.fr\/index.php?rest_route=%2Fwp%2Fv2%2Fecrit&post=685"},{"taxonomy":"mis-en-avant","embeddable":true,"href":"https:\/\/www.creusonslabible.fr\/index.php?rest_route=%2Fwp%2Fv2%2Fmis-en-avant&post=685"},{"taxonomy":"redacteur","embeddable":true,"href":"https:\/\/www.creusonslabible.fr\/index.php?rest_route=%2Fwp%2Fv2%2Fredacteur&post=685"},{"taxonomy":"type-darticle","embeddable":true,"href":"https:\/\/www.creusonslabible.fr\/index.php?rest_route=%2Fwp%2Fv2%2Ftype-darticle&post=685"}],"curies":[{"name":"wp","href":"https:\/\/api.w.org\/{rel}","templated":true}]}}