{"id":6870,"date":"2019-09-05T19:00:15","date_gmt":"2019-09-05T17:00:15","guid":{"rendered":"http:\/\/www.creusonslabible.fr\/?p=6870"},"modified":"2025-01-23T13:09:44","modified_gmt":"2025-01-23T11:09:44","slug":"daniel-le-choc-des-empires","status":"publish","type":"post","link":"https:\/\/www.creusonslabible.fr\/?p=6870","title":{"rendered":"Daniel, le choc des empires"},"content":{"rendered":"\n<h3 class=\"wp-block-heading\">\u00c9coutez les interventions de Josh sur le livre de Daniel donn\u00e9es lors du camp \u00c0 Fond La Form\u2019 2019<\/h3>\n\n\n\n<h4 class=\"wp-block-heading\">Daniel 1 &#8211; Dieu, la soci\u00e9t\u00e9 et la r\u00e9sistance<\/h4>\n\n\n\n<figure class=\"wp-block-audio\"><audio controls src=\"http:\/\/elearning.gbu.fr\/audio\/AFLF2019_Daniel\/AFLF_08-19_Daniel_1.mp3\"><\/audio><\/figure>\n\n\n\n<p><a href=\"http:\/\/elearning.gbu.fr\/audio\/AFLF2019_Daniel\/AFLF_08-19_Daniel_1.mp3\">T\u00e9l\u00e9charger (clic droit \u2013 enregistrer la cible du lien sous)<\/a><\/p>\n\n\n\n<div class=\"wp-block-file aligncenter\"><a href=\"https:\/\/www.creusonslabible.fr\/wp-content\/uploads\/2019\/09\/Daniel-1-1.pptx\">Daniel-1<\/a><a href=\"https:\/\/www.creusonslabible.fr\/wp-content\/uploads\/2019\/09\/Daniel-1-1.pptx\" class=\"wp-block-file__button\" download>Download<\/a><\/div>\n\n\n\n<h4 class=\"wp-block-heading\">Daniel 3 et 6 &#8211; Dieu, la pers\u00e9cution et son peuple fid\u00e8le<\/h4>\n\n\n\n<figure class=\"wp-block-audio\"><audio controls src=\"http:\/\/elearning.gbu.fr\/audio\/AFLF2019_Daniel\/AFLF_08-19_Daniel_2.mp3\"><\/audio><\/figure>\n\n\n\n<p><a href=\"http:\/\/elearning.gbu.fr\/audio\/AFLF2019_Daniel\/AFLF_08-19_Daniel_2.mp3\">T\u00e9l\u00e9charger (clic droit &#8211; enregistrer la cible du lien sous)<\/a><\/p>\n\n\n\n<div class=\"wp-block-file\"><a href=\"https:\/\/www.creusonslabible.fr\/wp-content\/uploads\/2019\/09\/Daniel-3-et-6-1.pptx\">Daniel-3-et-6<\/a><a href=\"https:\/\/www.creusonslabible.fr\/wp-content\/uploads\/2019\/09\/Daniel-3-et-6-1.pptx\" class=\"wp-block-file__button\" download>Download<\/a><\/div>\n\n\n\n<h4 class=\"wp-block-heading\">Daniel 4 et 5 &#8211; Dieu, les arrogants et les humbles<\/h4>\n\n\n\n<figure class=\"wp-block-audio\"><audio controls src=\"http:\/\/elearning.gbu.fr\/audio\/AFLF2019_Daniel\/AFLF_08-19_Daniel_3.mp3\"><\/audio><\/figure>\n\n\n\n<p><a href=\"http:\/\/elearning.gbu.fr\/audio\/AFLF2019_Daniel\/AFLF_08-19_Daniel_3.mp3\"> T\u00e9l\u00e9charger (clic droit &#8211; enregistrer la cible du lien sous) <\/a><\/p>\n\n\n\n<div class=\"wp-block-file\"><a href=\"https:\/\/www.creusonslabible.fr\/wp-content\/uploads\/2019\/09\/Daniel-4-et-5-1.pptx\">Daniel-4-et-5<\/a><a href=\"https:\/\/www.creusonslabible.fr\/wp-content\/uploads\/2019\/09\/Daniel-4-et-5-1.pptx\" class=\"wp-block-file__button\" download>Download<\/a><\/div>\n\n\n\n<h4 class=\"wp-block-heading\">Daniel 2 et 7 &#8211; Dieu, les empires du monde et le fils de l\u2019homme<\/h4>\n\n\n\n<figure class=\"wp-block-audio\"><audio controls src=\"http:\/\/elearning.gbu.fr\/audio\/AFLF2019_Daniel\/AFLF_08-19_Daniel_4.mp3\"><\/audio><\/figure>\n\n\n\n<p><a href=\"http:\/\/elearning.gbu.fr\/audio\/AFLF2019_Daniel\/AFLF_08-19_Daniel_4.mp3\"> T\u00e9l\u00e9charger (clic droit &#8211; enregistrer la cible du lien sous) <\/a><\/p>\n\n\n\n<div class=\"wp-block-file\"><a href=\"https:\/\/www.creusonslabible.fr\/wp-content\/uploads\/2019\/09\/Daniel-2-et-7-1.pptx\">Daniel-2-et-7<\/a><a href=\"https:\/\/www.creusonslabible.fr\/wp-content\/uploads\/2019\/09\/Daniel-2-et-7-1.pptx\" class=\"wp-block-file__button\" download>Download<\/a><\/div>\n\n\n\n<h4 class=\"wp-block-heading\">Daniel 8 et 9 &#8211; Dieu, le p\u00e9ch\u00e9 et le pardon<\/h4>\n\n\n\n<figure class=\"wp-block-audio\"><audio controls src=\"http:\/\/elearning.gbu.fr\/audio\/AFLF2019_Daniel\/AFLF_08-19_Daniel_5.mp3\"><\/audio><\/figure>\n\n\n\n<p><a href=\"http:\/\/elearning.gbu.fr\/audio\/AFLF2019_Daniel\/AFLF_08-19_Daniel_5.mp3\"> T\u00e9l\u00e9charger (clic droit &#8211; enregistrer la cible du lien sous) <\/a><\/p>\n\n\n\n<div class=\"wp-block-file\"><a href=\"https:\/\/www.creusonslabible.fr\/wp-content\/uploads\/2019\/09\/Daniel-8-et-9-1.pptx\">Daniel-8-et-9<\/a><a href=\"https:\/\/www.creusonslabible.fr\/wp-content\/uploads\/2019\/09\/Daniel-8-et-9-1.pptx\" class=\"wp-block-file__button\" download>Download<\/a><\/div>\n\n\n\n<h4 class=\"wp-block-heading\">Daniel 10-12 &#8211; Dieu, le but de l\u2019histoire et la pers\u00e9v\u00e9rance<\/h4>\n\n\n\n<figure class=\"wp-block-audio\"><audio controls src=\"http:\/\/elearning.gbu.fr\/audio\/AFLF2019_Daniel\/AFLF_08-19_Daniel_6.mp3\"><\/audio><\/figure>\n\n\n\n<p><a href=\"http:\/\/elearning.gbu.fr\/audio\/AFLF2019_Daniel\/AFLF_08-19_Daniel_6.mp3\"> T\u00e9l\u00e9charger (clic droit &#8211; enregistrer la cible du lien sous) <\/a><\/p>\n\n\n\n<div class=\"wp-block-file\"><a href=\"https:\/\/www.creusonslabible.fr\/wp-content\/uploads\/2019\/09\/Daniel-10-12-1.pptx\">Daniel-10-12<\/a><a href=\"https:\/\/www.creusonslabible.fr\/wp-content\/uploads\/2019\/09\/Daniel-10-12-1.pptx\" class=\"wp-block-file__button\" download>Download<\/a><\/div>\n","protected":false},"excerpt":{"rendered":"<p>\u00c9coutez les interventions de Josh sur le livre de Daniel donn\u00e9es lors du camp \u00c0 Fond La Form\u2019 2019 Daniel 1 &#8211; Dieu, la soci\u00e9t\u00e9 et la r\u00e9sistance T\u00e9l\u00e9charger (clic droit \u2013 enregistrer la cible du lien sous) Daniel 3 et 6 &#8211; Dieu, la pers\u00e9cution et son peuple fid\u00e8le T\u00e9l\u00e9charger (clic droit &#8211; enregistrer [&hellip;]<\/p>\n","protected":false},"author":2,"featured_media":6873,"comment_status":"open","ping_status":"closed","sticky":false,"template":"","format":"standard","meta":{"_acf_changed":false,"_eb_attr":"","advgb_blocks_editor_width":"","advgb_blocks_columns_visual_guide":"","footnotes":""},"categories":[24],"tags":[657,81,145,482,321,483],"video":[],"audio":[],"ecrit":[],"mis-en-avant":[],"redacteur":[],"type-darticle":[],"class_list":["post-6870","post","type-post","status-publish","format-standard","has-post-thumbnail","hentry","category-textes-bibliques-commentes","tag-audio","tag-daniel","tag-histoire-du-monde","tag-persecution","tag-regne-de-dieu","tag-souverainete"],"blocksy_meta":[],"acf":[],"featured_image_src":"https:\/\/www.creusonslabible.fr\/wp-content\/uploads\/2019\/08\/lion-1-scaled-1.jpg","author_info":{"display_name":"caillou","author_link":"https:\/\/www.creusonslabible.fr\/?author=2"},"author_meta":{"display_name":"caillou","author_link":"https:\/\/www.creusonslabible.fr\/?author=2"},"featured_img":"https:\/\/www.creusonslabible.fr\/wp-content\/uploads\/2019\/08\/lion-1-scaled-1-300x89.jpg","coauthors":[],"tax_additional":{"categories":{"linked":["<a href=\"https:\/\/www.creusonslabible.fr\/?cat=24\" class=\"advgb-post-tax-term\">Textes Bibliques comment\u00e9s<\/a>"],"unlinked":["<span class=\"advgb-post-tax-term\">Textes Bibliques comment\u00e9s<\/span>"]},"tags":{"linked":["<a href=\"https:\/\/www.creusonslabible.fr\/?cat=24\" class=\"advgb-post-tax-term\">audio<\/a>","<a href=\"https:\/\/www.creusonslabible.fr\/?cat=24\" class=\"advgb-post-tax-term\">Daniel<\/a>","<a href=\"https:\/\/www.creusonslabible.fr\/?cat=24\" class=\"advgb-post-tax-term\">Histoire du monde<\/a>","<a href=\"https:\/\/www.creusonslabible.fr\/?cat=24\" class=\"advgb-post-tax-term\">pers\u00e9cution<\/a>","<a href=\"https:\/\/www.creusonslabible.fr\/?cat=24\" class=\"advgb-post-tax-term\">r\u00e8gne de dieu<\/a>","<a href=\"https:\/\/www.creusonslabible.fr\/?cat=24\" class=\"advgb-post-tax-term\">souverainet\u00e9<\/a>"],"unlinked":["<span class=\"advgb-post-tax-term\">audio<\/span>","<span class=\"advgb-post-tax-term\">Daniel<\/span>","<span class=\"advgb-post-tax-term\">Histoire du monde<\/span>","<span class=\"advgb-post-tax-term\">pers\u00e9cution<\/span>","<span class=\"advgb-post-tax-term\">r\u00e8gne de dieu<\/span>","<span class=\"advgb-post-tax-term\">souverainet\u00e9<\/span>"]}},"comment_count":"0","relative_dates":{"created":"Publi\u00e9 7 ans il y a","modified":"Mis \u00e0 jour 1 an il y a"},"absolute_dates":{"created":"Publi\u00e9 le 5 septembre 2019","modified":"Mise \u00e0 jour le 23 janvier 2025"},"absolute_dates_time":{"created":"Publi\u00e9 le 5 septembre 2019 19h00","modified":"Mise \u00e0 jour le 23 janvier 2025 13h09"},"featured_img_caption":"","series_order":"","meta_box":[],"_links":{"self":[{"href":"https:\/\/www.creusonslabible.fr\/index.php?rest_route=\/wp\/v2\/posts\/6870","targetHints":{"allow":["GET"]}}],"collection":[{"href":"https:\/\/www.creusonslabible.fr\/index.php?rest_route=\/wp\/v2\/posts"}],"about":[{"href":"https:\/\/www.creusonslabible.fr\/index.php?rest_route=\/wp\/v2\/types\/post"}],"author":[{"embeddable":true,"href":"https:\/\/www.creusonslabible.fr\/index.php?rest_route=\/wp\/v2\/users\/2"}],"replies":[{"embeddable":true,"href":"https:\/\/www.creusonslabible.fr\/index.php?rest_route=%2Fwp%2Fv2%2Fcomments&post=6870"}],"version-history":[{"count":1,"href":"https:\/\/www.creusonslabible.fr\/index.php?rest_route=\/wp\/v2\/posts\/6870\/revisions"}],"predecessor-version":[{"id":10436,"href":"https:\/\/www.creusonslabible.fr\/index.php?rest_route=\/wp\/v2\/posts\/6870\/revisions\/10436"}],"wp:featuredmedia":[{"embeddable":true,"href":"https:\/\/www.creusonslabible.fr\/index.php?rest_route=\/wp\/v2\/media\/6873"}],"wp:attachment":[{"href":"https:\/\/www.creusonslabible.fr\/index.php?rest_route=%2Fwp%2Fv2%2Fmedia&parent=6870"}],"wp:term":[{"taxonomy":"category","embeddable":true,"href":"https:\/\/www.creusonslabible.fr\/index.php?rest_route=%2Fwp%2Fv2%2Fcategories&post=6870"},{"taxonomy":"post_tag","embeddable":true,"href":"https:\/\/www.creusonslabible.fr\/index.php?rest_route=%2Fwp%2Fv2%2Ftags&post=6870"},{"taxonomy":"video","embeddable":true,"href":"https:\/\/www.creusonslabible.fr\/index.php?rest_route=%2Fwp%2Fv2%2Fvideo&post=6870"},{"taxonomy":"audio","embeddable":true,"href":"https:\/\/www.creusonslabible.fr\/index.php?rest_route=%2Fwp%2Fv2%2Faudio&post=6870"},{"taxonomy":"ecrit","embeddable":true,"href":"https:\/\/www.creusonslabible.fr\/index.php?rest_route=%2Fwp%2Fv2%2Fecrit&post=6870"},{"taxonomy":"mis-en-avant","embeddable":true,"href":"https:\/\/www.creusonslabible.fr\/index.php?rest_route=%2Fwp%2Fv2%2Fmis-en-avant&post=6870"},{"taxonomy":"redacteur","embeddable":true,"href":"https:\/\/www.creusonslabible.fr\/index.php?rest_route=%2Fwp%2Fv2%2Fredacteur&post=6870"},{"taxonomy":"type-darticle","embeddable":true,"href":"https:\/\/www.creusonslabible.fr\/index.php?rest_route=%2Fwp%2Fv2%2Ftype-darticle&post=6870"}],"curies":[{"name":"wp","href":"https:\/\/api.w.org\/{rel}","templated":true}]}}