{"id":689,"date":"2012-07-06T20:00:20","date_gmt":"2012-07-06T20:00:20","guid":{"rendered":"http:\/\/elearning.gbu.fr\/?p=689"},"modified":"2025-01-24T11:24:39","modified_gmt":"2025-01-24T09:24:39","slug":"amos","status":"publish","type":"post","link":"https:\/\/www.creusonslabible.fr\/?p=689","title":{"rendered":"Amos"},"content":{"rendered":"<p align=\"JUSTIFY\"><strong>Introduction aux livres d\u2019Amos et Os\u00e9e<\/strong><\/p>\n<p align=\"JUSTIFY\">Les deux proph\u00e8tes ont ceci en commun qu&rsquo;ils ont tous les deux proph\u00e9tis\u00e9 en Isra\u00ebl, le royaume du nord d&rsquo;Isra\u00ebl, \u00e0 la m\u00eame p\u00e9riode. Amos commen\u00e7a quelques ann\u00e9es avant Os\u00e9e\u00a0; le minist\u00e8re d\u2019Os\u00e9e eut lieu dans la derni\u00e8re partie du r\u00e8gne de J\u00e9roboam II. Amos appartenait lui-m\u00eame \u00e0 Juda et \u00e9tait gardien de troupeau quand Dieu l&rsquo;appela \u00e0 proph\u00e9tiser au royaume du nord (Am 7.14-15). \u00c0 cette \u00e9poque, le royaume semblait conna\u00eetre une pleine prosp\u00e9rit\u00e9, mais toutes sortes de maux \u00e9taient r\u00e9pandus dans le pays\u00a0; se pensant eux-m\u00eames en s\u00e9curit\u00e9 et ayant la faveur de Dieu, n\u2019acceptant aucun reproche (Am 5.10), les Isra\u00e9lites ne se rendaient pas compte qu&rsquo;ils n\u2019adoraient pas Dieu de la mani\u00e8re dont il le souhaitait, et que leurs p\u00e9ch\u00e9s am\u00e8neraient bient\u00f4t le jugement. Amos, rempli d&rsquo;une vision de la majest\u00e9 et de la droiture du Seigneur, d\u00e9non\u00e7ait les p\u00e9ch\u00e9s du pays, et la fausse adoration qui lui \u00e9tait offerte \u00e0 Dieu. Qu&rsquo;ils ne s&rsquo;imaginent pas que parce qu\u2019ils \u00e9taient le peuple de Yahweh, ils \u00e9chapperaient donc \u00e0 la punition (Am 3.2).<\/p>\n<p align=\"JUSTIFY\">Les trois premiers chapitres d\u2019Os\u00e9e appartiennent aussi aux ann\u00e9es de la fin de r\u00e8gne de J\u00e9roboam II, mais les chapitres suivants refl\u00e8tent les conditions chaotiques de la p\u00e9riode qui suivit la mort du roi. Os\u00e9e \u00e9tait originaire du royaume du Nord et avait beaucoup appris \u00e0 l&rsquo;\u00e9cole de la souffrance. Sa propre histoire, bien triste, fut utilis\u00e9e par le Saint-Esprit pour le fa\u00e7onner d&rsquo;une mani\u00e8re unique pour comprendre le c\u0153ur de Dieu, et d\u00e9crire la peine que les ingratitudes et les infid\u00e9lit\u00e9s de son peuple avaient caus\u00e9e. Aucun proph\u00e8te ne nous avait aussi clairement parl\u00e9 de l&rsquo;amour de Dieu, sans affaiblir en aucune mani\u00e8re les exigences de sa saintet\u00e9. Il a ainsi pr\u00e9par\u00e9 le chemin pour la r\u00e9v\u00e9lation parfaite de cet amour de Dieu et de sa saintet\u00e9 en notre Seigneur J\u00e9sus-Christ. Pour comprendre le message d\u2019Os\u00e9e, cependant, on doit garder \u00e0 l\u2019esprit que les Isra\u00e9lites avaient adopt\u00e9 de nombreuses pratiques religieuses chald\u00e9ennes, dont celle d&rsquo;une grande immoralit\u00e9 sexuelle dans l&rsquo;adoration. \u00c0 la lumi\u00e8re de cela, le th\u00e8me de \u00ab\u00a0prostitu\u00e9e\u00a0\u00bb dans Os\u00e9e a un double sens : litt\u00e9ral et m\u00e9taphorique.<\/p>\n<p lang=\"en-US\"><strong>Plans<\/strong><\/p>\n<p><strong>Amos<\/strong><\/p>\n<p>1.1-2 Introduction.<\/p>\n<p>1.3-2.16 Oracles contre les nations voisines, puis contre Juda et Isra\u00ebl.<\/p>\n<p>3-6 Une s\u00e9rie de discours qui commencent tous par\u00a0\u00ab\u00a0\u00c9coutez cette parole\u00a0\u00bb (3.1; 4.1; 5.1), et se finissent avec une menace introduite par un \u00ab\u00a0c\u2019est pourquoi\u00a0\u00bb (3.11\u00a0; 4.12\u00a0; 5.11, 16)\u00a0; deux discours commencent par \u00ab\u00a0Malheur\u00a0\u00bb (5.18\u00a0; 6.1). Une exposition compl\u00e8te des crimes d\u2019Isra\u00ebl et du jugement imminent.<\/p>\n<p>7.1-9 Trois visions.<\/p>\n<p>7.10-17 Amos chass\u00e9 de B\u00e9thel.<\/p>\n<p>8.1-9.10 Deux autres visions de la d\u00e9solation qui va s\u2019abattre.<\/p>\n<p>9.11-15 La restauration ultime.<\/p>\n","protected":false},"excerpt":{"rendered":"<p>Introduction aux livres d\u2019Amos et Os\u00e9e Les deux proph\u00e8tes ont ceci en commun qu&rsquo;ils ont tous les deux proph\u00e9tis\u00e9 en Isra\u00ebl, le royaume du nord d&rsquo;Isra\u00ebl, \u00e0 la m\u00eame p\u00e9riode. Amos commen\u00e7a quelques ann\u00e9es avant Os\u00e9e\u00a0; le minist\u00e8re d\u2019Os\u00e9e eut lieu dans la derni\u00e8re partie du r\u00e8gne de J\u00e9roboam II. Amos appartenait lui-m\u00eame \u00e0 Juda [&hellip;]<\/p>\n","protected":false},"author":2,"featured_media":1137,"comment_status":"open","ping_status":"open","sticky":false,"template":"","format":"standard","meta":{"_acf_changed":false,"_eb_attr":"","advgb_blocks_editor_width":"","advgb_blocks_columns_visual_guide":"","footnotes":""},"categories":[90],"tags":[439,651,67],"video":[],"audio":[],"ecrit":[],"mis-en-avant":[],"redacteur":[],"type-darticle":[],"class_list":["post-689","post","type-post","status-publish","format-standard","has-post-thumbnail","hentry","category-introduction-aux-livres-bibliques","tag-amos","tag-ecrit","tag-osee"],"blocksy_meta":[],"acf":[],"featured_image_src":"https:\/\/www.creusonslabible.fr\/wp-content\/uploads\/2012\/07\/Amos-1.jpg","author_info":{"display_name":"caillou","author_link":"https:\/\/www.creusonslabible.fr\/?author=2"},"author_meta":{"display_name":"caillou","author_link":"https:\/\/www.creusonslabible.fr\/?author=2"},"featured_img":"https:\/\/www.creusonslabible.fr\/wp-content\/uploads\/2012\/07\/Amos-1.jpg","coauthors":[],"tax_additional":{"categories":{"linked":["<a href=\"https:\/\/www.creusonslabible.fr\/?cat=90\" class=\"advgb-post-tax-term\">Introduction aux livres Bibliques<\/a>"],"unlinked":["<span class=\"advgb-post-tax-term\">Introduction aux livres Bibliques<\/span>"]},"tags":{"linked":["<a href=\"https:\/\/www.creusonslabible.fr\/?cat=90\" class=\"advgb-post-tax-term\">Amos<\/a>","<a href=\"https:\/\/www.creusonslabible.fr\/?cat=90\" class=\"advgb-post-tax-term\">\u00e9crit<\/a>","<a href=\"https:\/\/www.creusonslabible.fr\/?cat=90\" class=\"advgb-post-tax-term\">Os\u00e9e<\/a>"],"unlinked":["<span class=\"advgb-post-tax-term\">Amos<\/span>","<span class=\"advgb-post-tax-term\">\u00e9crit<\/span>","<span class=\"advgb-post-tax-term\">Os\u00e9e<\/span>"]}},"comment_count":"0","relative_dates":{"created":"Publi\u00e9 14 ans il y a","modified":"Mis \u00e0 jour 1 an il y a"},"absolute_dates":{"created":"Publi\u00e9 le 6 juillet 2012","modified":"Mise \u00e0 jour le 24 janvier 2025"},"absolute_dates_time":{"created":"Publi\u00e9 le 6 juillet 2012 20h00","modified":"Mise \u00e0 jour le 24 janvier 2025 11h24"},"featured_img_caption":"","series_order":"","meta_box":[],"_links":{"self":[{"href":"https:\/\/www.creusonslabible.fr\/index.php?rest_route=\/wp\/v2\/posts\/689","targetHints":{"allow":["GET"]}}],"collection":[{"href":"https:\/\/www.creusonslabible.fr\/index.php?rest_route=\/wp\/v2\/posts"}],"about":[{"href":"https:\/\/www.creusonslabible.fr\/index.php?rest_route=\/wp\/v2\/types\/post"}],"author":[{"embeddable":true,"href":"https:\/\/www.creusonslabible.fr\/index.php?rest_route=\/wp\/v2\/users\/2"}],"replies":[{"embeddable":true,"href":"https:\/\/www.creusonslabible.fr\/index.php?rest_route=%2Fwp%2Fv2%2Fcomments&post=689"}],"version-history":[{"count":1,"href":"https:\/\/www.creusonslabible.fr\/index.php?rest_route=\/wp\/v2\/posts\/689\/revisions"}],"predecessor-version":[{"id":10866,"href":"https:\/\/www.creusonslabible.fr\/index.php?rest_route=\/wp\/v2\/posts\/689\/revisions\/10866"}],"wp:featuredmedia":[{"embeddable":true,"href":"https:\/\/www.creusonslabible.fr\/index.php?rest_route=\/wp\/v2\/media\/1137"}],"wp:attachment":[{"href":"https:\/\/www.creusonslabible.fr\/index.php?rest_route=%2Fwp%2Fv2%2Fmedia&parent=689"}],"wp:term":[{"taxonomy":"category","embeddable":true,"href":"https:\/\/www.creusonslabible.fr\/index.php?rest_route=%2Fwp%2Fv2%2Fcategories&post=689"},{"taxonomy":"post_tag","embeddable":true,"href":"https:\/\/www.creusonslabible.fr\/index.php?rest_route=%2Fwp%2Fv2%2Ftags&post=689"},{"taxonomy":"video","embeddable":true,"href":"https:\/\/www.creusonslabible.fr\/index.php?rest_route=%2Fwp%2Fv2%2Fvideo&post=689"},{"taxonomy":"audio","embeddable":true,"href":"https:\/\/www.creusonslabible.fr\/index.php?rest_route=%2Fwp%2Fv2%2Faudio&post=689"},{"taxonomy":"ecrit","embeddable":true,"href":"https:\/\/www.creusonslabible.fr\/index.php?rest_route=%2Fwp%2Fv2%2Fecrit&post=689"},{"taxonomy":"mis-en-avant","embeddable":true,"href":"https:\/\/www.creusonslabible.fr\/index.php?rest_route=%2Fwp%2Fv2%2Fmis-en-avant&post=689"},{"taxonomy":"redacteur","embeddable":true,"href":"https:\/\/www.creusonslabible.fr\/index.php?rest_route=%2Fwp%2Fv2%2Fredacteur&post=689"},{"taxonomy":"type-darticle","embeddable":true,"href":"https:\/\/www.creusonslabible.fr\/index.php?rest_route=%2Fwp%2Fv2%2Ftype-darticle&post=689"}],"curies":[{"name":"wp","href":"https:\/\/api.w.org\/{rel}","templated":true}]}}