{"id":6890,"date":"2019-09-17T12:31:42","date_gmt":"2019-09-17T10:31:42","guid":{"rendered":"http:\/\/www.creusonslabible.fr\/?p=6890"},"modified":"2025-01-23T12:17:08","modified_gmt":"2025-01-23T10:17:08","slug":"jean-12-12-26-la-gloire-2-2","status":"publish","type":"post","link":"https:\/\/www.creusonslabible.fr\/?p=6890","title":{"rendered":"JEAN 12.37-43 : LE G\u00c9NIE DE JEAN"},"content":{"rendered":"\n<blockquote class=\"wp-block-quote is-layout-flow wp-block-quote-is-layout-flow\"><p><a href=\"file:\/\/\/var\/folders\/l1\/f43k7wyx4vg1cb5mcn4jx4d80000gn\/T\/bibliauniversalis2\/**12.37\">37\u00a0<\/a>Malgr\u00e9 tous les signes qu&rsquo;il avait produits devant eux, ils ne mettaient pas leur foi en lui,\u00a0<a href=\"file:\/\/\/var\/folders\/l1\/f43k7wyx4vg1cb5mcn4jx4d80000gn\/T\/bibliauniversalis2\/**12.38\">38\u00a0<\/a>de sorte que soit accomplie la parole du proph\u00e8te Esa\u00efe, qui a dit\u00a0:<br \/><br \/><em>Seigneur, qui a cru ce qu&rsquo;il nous a entendus dire\u00a0?\u00a0<br \/>Et \u00e0 qui le bras du Seigneur a-t-il \u00e9t\u00e9 r\u00e9v\u00e9l\u00e9\u00a0?<\/em><br \/><a href=\"file:\/\/\/var\/folders\/l1\/f43k7wyx4vg1cb5mcn4jx4d80000gn\/T\/bibliauniversalis2\/**12.39\">39\u00a0<\/a>S&rsquo;ils ne pouvaient pas croire, c&rsquo;est qu&rsquo;Esa\u00efe a encore dit\u00a0:\u00a0<br \/><br \/><a href=\"file:\/\/\/var\/folders\/l1\/f43k7wyx4vg1cb5mcn4jx4d80000gn\/T\/bibliauniversalis2\/**12.40\">40\u00a0<\/a>Il a rendu\u00a0<em>leurs yeux<\/em>\u00a0aveugles\u00a0<br \/>et leur\u00a0<em>coeur<\/em>\u00a0obtus,\u00a0<br \/><em>pour qu&rsquo;ils ne voient pas avec leurs yeux,\u00a0<br \/>qu&rsquo;ils ne comprennent pas avec leur coeur\u00a0<br \/>et qu&rsquo;ils ne fassent pas demi-tour\u00a0:\u00a0<br \/>je les aurais gu\u00e9ris\u00a0!<\/em><br \/><a href=\"file:\/\/\/var\/folders\/l1\/f43k7wyx4vg1cb5mcn4jx4d80000gn\/T\/bibliauniversalis2\/**12.41\">41\u00a0<\/a>C&rsquo;est ce qu&rsquo;a dit Esa\u00efe, parce qu&rsquo;il a vu sa gloire et qu&rsquo;il a parl\u00e9 de lui.\u00a0<a href=\"file:\/\/\/var\/folders\/l1\/f43k7wyx4vg1cb5mcn4jx4d80000gn\/T\/bibliauniversalis2\/**12.42\">42\u00a0<\/a>Cependant, m\u00eame parmi les chefs, beaucoup mirent leur foi en lui\u00a0; mais \u00e0 cause des pharisiens, ils ne le reconnaissaient pas publiquement, pour ne pas \u00eatre exclus de la synagogue.\u00a0<a href=\"file:\/\/\/var\/folders\/l1\/f43k7wyx4vg1cb5mcn4jx4d80000gn\/T\/bibliauniversalis2\/**12.43\">43\u00a0<\/a>Car ils aim\u00e8rent la gloire des humains plus que la gloire de Dieu.<\/p><\/blockquote>\n\n\n\n<h4 class=\"wp-block-heading\"><strong>Un bon \u00e9crivain ! (37)<\/strong><\/h4>\n\n\n\n<p>En d\u00e9crivant l&rsquo;entr\u00e9e de J\u00e9sus \u00e0 J\u00e9rusalem et son cort\u00e8ge de r\u00e9actions positives, l&rsquo;\u00e9vang\u00e9liste a voulu qu&rsquo;on la compare avec cette conclusion du v.37. Quel contraste, quel retournement de situation !\u00a0<\/p>\n\n\n\n<h4 class=\"wp-block-heading\"><strong>Diagnostique (38-40)<\/strong><\/h4>\n\n\n\n<p>Une fois ce triste constat fait, l&rsquo;auteur pr\u00e9cise tout de suite la raison de cet \u00e9chec apparent de J\u00e9sus. Ce n&rsquo;est pas que le Seigneur a \u00e9t\u00e9 mauvais dans sa communication : 1) il a en fait accompli la proph\u00e9tie d&rsquo;\u00c9sa\u00efe et 2) c&rsquo;est un jugement de Dieu sur Isra\u00ebl.&nbsp;<\/p>\n\n\n\n<h4 class=\"wp-block-heading\"><strong>Nouveau contraste (42-43)<\/strong><\/h4>\n\n\n\n<p>Il y a quand m\u00eame des gens qui ont cru, des dirigeants m\u00eame (au chapitre 19, Jean nous parle notamment de Joseph d&rsquo;Arimath\u00e9e et Nicod\u00e8me)  ! Seulement, \u00e0 l&rsquo;inverse de J\u00e9sus, ils n&rsquo;ont pas pris le risque de se griller avec les pharisiens. Toujours cette fausse id\u00e9e de la gloire&#8230;<\/p>\n\n\n\n<ul class=\"wp-block-list\"><li>Si tu n&rsquo;as pas pris position pour J\u00e9sus : n&rsquo;attends pas un signe extraordinaire pour t&rsquo;engager avec Dieu ! Tu peux r\u00e9pondre \u00e0 son appel maintenant.<\/li><li>Si tu as pris position pour J\u00e9sus : Tes amis savent-ils que tu es chr\u00e9tien ? As-tu peur de leur regard ?<br \/><\/li><\/ul>\n","protected":false},"excerpt":{"rendered":"<p>37\u00a0Malgr\u00e9 tous les signes qu&rsquo;il avait produits devant eux, ils ne mettaient pas leur foi en lui,\u00a038\u00a0de sorte que soit accomplie la parole du proph\u00e8te Esa\u00efe, qui a dit\u00a0: Seigneur, qui a cru ce qu&rsquo;il nous a entendus dire\u00a0?\u00a0Et \u00e0 qui le bras du Seigneur a-t-il \u00e9t\u00e9 r\u00e9v\u00e9l\u00e9\u00a0?39\u00a0S&rsquo;ils ne pouvaient pas croire, c&rsquo;est qu&rsquo;Esa\u00efe a [&hellip;]<\/p>\n","protected":false},"author":3,"featured_media":6885,"comment_status":"open","ping_status":"closed","sticky":false,"template":"","format":"standard","meta":{"_acf_changed":false,"_eb_attr":"","advgb_blocks_editor_width":"","advgb_blocks_columns_visual_guide":"","footnotes":""},"categories":[16],"tags":[651,484,485],"video":[],"audio":[],"ecrit":[],"mis-en-avant":[],"redacteur":[],"type-darticle":[],"class_list":["post-6890","post","type-post","status-publish","format-standard","has-post-thumbnail","hentry","category-meditations-bibliques","tag-ecrit","tag-gloire","tag-succes"],"blocksy_meta":[],"acf":[],"featured_image_src":"https:\/\/www.creusonslabible.fr\/wp-content\/uploads\/2019\/09\/zac-durant-_6HzPU9Hyfg-unsplash-1.jpg","author_info":{"display_name":"Yoh","author_link":"https:\/\/www.creusonslabible.fr\/?author=3"},"author_meta":{"display_name":"Yoh","author_link":"https:\/\/www.creusonslabible.fr\/?author=3"},"featured_img":"https:\/\/www.creusonslabible.fr\/wp-content\/uploads\/2019\/09\/zac-durant-_6HzPU9Hyfg-unsplash-1-300x200.jpg","coauthors":[],"tax_additional":{"categories":{"linked":["<a href=\"https:\/\/www.creusonslabible.fr\/?cat=16\" class=\"advgb-post-tax-term\">M\u00e9ditations bibliques<\/a>"],"unlinked":["<span class=\"advgb-post-tax-term\">M\u00e9ditations bibliques<\/span>"]},"tags":{"linked":["<a href=\"https:\/\/www.creusonslabible.fr\/?cat=16\" class=\"advgb-post-tax-term\">\u00e9crit<\/a>","<a href=\"https:\/\/www.creusonslabible.fr\/?cat=16\" class=\"advgb-post-tax-term\">gloire<\/a>","<a href=\"https:\/\/www.creusonslabible.fr\/?cat=16\" class=\"advgb-post-tax-term\">Succ\u00e8s<\/a>"],"unlinked":["<span class=\"advgb-post-tax-term\">\u00e9crit<\/span>","<span class=\"advgb-post-tax-term\">gloire<\/span>","<span class=\"advgb-post-tax-term\">Succ\u00e8s<\/span>"]}},"comment_count":"0","relative_dates":{"created":"Publi\u00e9 7 ans il y a","modified":"Mis \u00e0 jour 1 an il y a"},"absolute_dates":{"created":"Publi\u00e9 le 17 septembre 2019","modified":"Mise \u00e0 jour le 23 janvier 2025"},"absolute_dates_time":{"created":"Publi\u00e9 le 17 septembre 2019 12h31","modified":"Mise \u00e0 jour le 23 janvier 2025 12h17"},"featured_img_caption":"","series_order":"","meta_box":[],"_links":{"self":[{"href":"https:\/\/www.creusonslabible.fr\/index.php?rest_route=\/wp\/v2\/posts\/6890","targetHints":{"allow":["GET"]}}],"collection":[{"href":"https:\/\/www.creusonslabible.fr\/index.php?rest_route=\/wp\/v2\/posts"}],"about":[{"href":"https:\/\/www.creusonslabible.fr\/index.php?rest_route=\/wp\/v2\/types\/post"}],"author":[{"embeddable":true,"href":"https:\/\/www.creusonslabible.fr\/index.php?rest_route=\/wp\/v2\/users\/3"}],"replies":[{"embeddable":true,"href":"https:\/\/www.creusonslabible.fr\/index.php?rest_route=%2Fwp%2Fv2%2Fcomments&post=6890"}],"version-history":[{"count":1,"href":"https:\/\/www.creusonslabible.fr\/index.php?rest_route=\/wp\/v2\/posts\/6890\/revisions"}],"predecessor-version":[{"id":10343,"href":"https:\/\/www.creusonslabible.fr\/index.php?rest_route=\/wp\/v2\/posts\/6890\/revisions\/10343"}],"wp:featuredmedia":[{"embeddable":true,"href":"https:\/\/www.creusonslabible.fr\/index.php?rest_route=\/wp\/v2\/media\/6885"}],"wp:attachment":[{"href":"https:\/\/www.creusonslabible.fr\/index.php?rest_route=%2Fwp%2Fv2%2Fmedia&parent=6890"}],"wp:term":[{"taxonomy":"category","embeddable":true,"href":"https:\/\/www.creusonslabible.fr\/index.php?rest_route=%2Fwp%2Fv2%2Fcategories&post=6890"},{"taxonomy":"post_tag","embeddable":true,"href":"https:\/\/www.creusonslabible.fr\/index.php?rest_route=%2Fwp%2Fv2%2Ftags&post=6890"},{"taxonomy":"video","embeddable":true,"href":"https:\/\/www.creusonslabible.fr\/index.php?rest_route=%2Fwp%2Fv2%2Fvideo&post=6890"},{"taxonomy":"audio","embeddable":true,"href":"https:\/\/www.creusonslabible.fr\/index.php?rest_route=%2Fwp%2Fv2%2Faudio&post=6890"},{"taxonomy":"ecrit","embeddable":true,"href":"https:\/\/www.creusonslabible.fr\/index.php?rest_route=%2Fwp%2Fv2%2Fecrit&post=6890"},{"taxonomy":"mis-en-avant","embeddable":true,"href":"https:\/\/www.creusonslabible.fr\/index.php?rest_route=%2Fwp%2Fv2%2Fmis-en-avant&post=6890"},{"taxonomy":"redacteur","embeddable":true,"href":"https:\/\/www.creusonslabible.fr\/index.php?rest_route=%2Fwp%2Fv2%2Fredacteur&post=6890"},{"taxonomy":"type-darticle","embeddable":true,"href":"https:\/\/www.creusonslabible.fr\/index.php?rest_route=%2Fwp%2Fv2%2Ftype-darticle&post=6890"}],"curies":[{"name":"wp","href":"https:\/\/api.w.org\/{rel}","templated":true}]}}