{"id":6892,"date":"2019-09-24T12:30:03","date_gmt":"2019-09-24T10:30:03","guid":{"rendered":"http:\/\/www.creusonslabible.fr\/?p=6892"},"modified":"2025-01-23T12:17:07","modified_gmt":"2025-01-23T10:17:07","slug":"jean-12-12-26-la-gloire-2-2-2","status":"publish","type":"post","link":"https:\/\/www.creusonslabible.fr\/?p=6892","title":{"rendered":"Jean 12.44-50 : MISE EN GARDE"},"content":{"rendered":"\n<blockquote class=\"wp-block-quote is-layout-flow wp-block-quote-is-layout-flow\"><p><a href=\"file:\/\/\/var\/folders\/l1\/f43k7wyx4vg1cb5mcn4jx4d80000gn\/T\/bibliauniversalis2\/**12.44\">44\u00a0<\/a>J\u00e9sus s&rsquo;\u00e9cria\u00a0: Celui qui met sa foi en moi, ce n&rsquo;est pas en moi qu&rsquo;il met sa foi, mais en celui qui m&rsquo;a envoy\u00e9\u00a0;\u00a0<a href=\"file:\/\/\/var\/folders\/l1\/f43k7wyx4vg1cb5mcn4jx4d80000gn\/T\/bibliauniversalis2\/**12.45\">45\u00a0<\/a>et celui qui me voit voit celui qui m&rsquo;a envoy\u00e9.\u00a0<a href=\"file:\/\/\/var\/folders\/l1\/f43k7wyx4vg1cb5mcn4jx4d80000gn\/T\/bibliauniversalis2\/**12.46\">46\u00a0<\/a>Moi, la lumi\u00e8re, je suis venu dans le monde, pour que quiconque met sa foi en moi ne demeure pas dans les t\u00e9n\u00e8bres.\u00a0<a href=\"file:\/\/\/var\/folders\/l1\/f43k7wyx4vg1cb5mcn4jx4d80000gn\/T\/bibliauniversalis2\/**12.47\">47\u00a0<\/a>Si quelqu&rsquo;un entend mes paroles et ne les garde pas, moi, je ne le juge pas, car je ne suis pas venu pour juger le monde, mais pour sauver le monde.\u00a0<a href=\"file:\/\/\/var\/folders\/l1\/f43k7wyx4vg1cb5mcn4jx4d80000gn\/T\/bibliauniversalis2\/**12.48\">48\u00a0<\/a>Celui qui me rejette et qui ne re\u00e7oit pas mes paroles a bien un juge\u00a0: c&rsquo;est la parole que j&rsquo;ai dite qui le jugera au dernier jour.\u00a0<a href=\"file:\/\/\/var\/folders\/l1\/f43k7wyx4vg1cb5mcn4jx4d80000gn\/T\/bibliauniversalis2\/**12.49\">49\u00a0<\/a>Car moi, je n&rsquo;ai pas parl\u00e9 de ma propre initiative\u00a0; c&rsquo;est le P\u00e8re, qui m&rsquo;a envoy\u00e9, qui m&rsquo;a donn\u00e9 lui-m\u00eame un commandement sur ce que je dois dire et ce dont je dois parler.\u00a0<a href=\"file:\/\/\/var\/folders\/l1\/f43k7wyx4vg1cb5mcn4jx4d80000gn\/T\/bibliauniversalis2\/**12.50\">50\u00a0<\/a>Et je sais que son commandement est vie \u00e9ternelle. Ainsi, ce dont, moi, je parle, j&rsquo;en parle comme le P\u00e8re me l&rsquo;a dit.<\/p><\/blockquote>\n\n\n\n<h4 class=\"wp-block-heading\"><strong>Le Fils et le P\u00e8re<\/strong><\/h4>\n\n\n\n<p>S&rsquo;il y a un enseignement martel\u00e9 dans tout cet \u00e9vangile, c&rsquo;est bien celui-ci : J\u00e9sus dit, fait, accomplit, ob\u00e9it selon les ordres de son P\u00e8re. Il n&rsquo;est pas ind\u00e9pendant mais au contraire en totale communion avec Lui.<\/p>\n\n\n\n<h4 class=\"wp-block-heading\"><strong>Double-cons\u00e9quence<\/strong><\/h4>\n\n\n\n<ol class=\"wp-block-list\"><li>Celui qui croit en J\u00e9sus est automatiquement approuv\u00e9 par son P\u00e8re, il passe des t\u00e9n\u00e8bres du P\u00e9ch\u00e9 \u00e0 la lumi\u00e8re de la vie \u00e9ternelle.<\/li><li>Celui qui ne croit pas en J\u00e9sus rejette aussi son P\u00e8re, il reste dans son P\u00e9ch\u00e9 et n&rsquo;a aucune illusion \u00e0 se faire quant \u00e0 son sort lors du jugement.\u00a0<\/li><\/ol>\n\n\n\n<ul class=\"wp-block-list\"><li>Croire en Dieu ne sauve personne. Il faut avoir J\u00e9sus comme roi, c&rsquo;est \u00e0 dire \u00e9couter son enseignement et l&rsquo;appliquer, pour \u00eatre sauv\u00e9 par Dieu. Ce message est tr\u00e8s d\u00e9rangeant ! Heureusement que le St Esprit est assez puissant pour que 1) nous l&rsquo;acceptions et que 2) nos amis aussi !\u00a0<\/li><li>Seigneur, aide-moi \u00e0 dire clairement mais avec amour et d\u00e9licatesse qu&rsquo;il n&rsquo;y a que la foi en J\u00e9sus qui peut sauver.<\/li><\/ul>\n\n\n\n<p><br \/><\/p>\n\n\n\n<p><\/p>\n","protected":false},"excerpt":{"rendered":"<p>44\u00a0J\u00e9sus s&rsquo;\u00e9cria\u00a0: Celui qui met sa foi en moi, ce n&rsquo;est pas en moi qu&rsquo;il met sa foi, mais en celui qui m&rsquo;a envoy\u00e9\u00a0;\u00a045\u00a0et celui qui me voit voit celui qui m&rsquo;a envoy\u00e9.\u00a046\u00a0Moi, la lumi\u00e8re, je suis venu dans le monde, pour que quiconque met sa foi en moi ne demeure pas dans les t\u00e9n\u00e8bres.\u00a047\u00a0Si [&hellip;]<\/p>\n","protected":false},"author":3,"featured_media":6885,"comment_status":"open","ping_status":"closed","sticky":false,"template":"","format":"standard","meta":{"_acf_changed":false,"_eb_attr":"","advgb_blocks_editor_width":"","advgb_blocks_columns_visual_guide":"","footnotes":""},"categories":[16],"tags":[651,484,485],"video":[],"audio":[],"ecrit":[],"mis-en-avant":[],"redacteur":[],"type-darticle":[],"class_list":["post-6892","post","type-post","status-publish","format-standard","has-post-thumbnail","hentry","category-meditations-bibliques","tag-ecrit","tag-gloire","tag-succes"],"blocksy_meta":[],"acf":[],"featured_image_src":"https:\/\/www.creusonslabible.fr\/wp-content\/uploads\/2019\/09\/zac-durant-_6HzPU9Hyfg-unsplash-1.jpg","author_info":{"display_name":"Yoh","author_link":"https:\/\/www.creusonslabible.fr\/?author=3"},"author_meta":{"display_name":"Yoh","author_link":"https:\/\/www.creusonslabible.fr\/?author=3"},"featured_img":"https:\/\/www.creusonslabible.fr\/wp-content\/uploads\/2019\/09\/zac-durant-_6HzPU9Hyfg-unsplash-1-300x200.jpg","coauthors":[],"tax_additional":{"categories":{"linked":["<a href=\"https:\/\/www.creusonslabible.fr\/?cat=16\" class=\"advgb-post-tax-term\">M\u00e9ditations bibliques<\/a>"],"unlinked":["<span class=\"advgb-post-tax-term\">M\u00e9ditations bibliques<\/span>"]},"tags":{"linked":["<a href=\"https:\/\/www.creusonslabible.fr\/?cat=16\" class=\"advgb-post-tax-term\">\u00e9crit<\/a>","<a href=\"https:\/\/www.creusonslabible.fr\/?cat=16\" class=\"advgb-post-tax-term\">gloire<\/a>","<a href=\"https:\/\/www.creusonslabible.fr\/?cat=16\" class=\"advgb-post-tax-term\">Succ\u00e8s<\/a>"],"unlinked":["<span class=\"advgb-post-tax-term\">\u00e9crit<\/span>","<span class=\"advgb-post-tax-term\">gloire<\/span>","<span class=\"advgb-post-tax-term\">Succ\u00e8s<\/span>"]}},"comment_count":"0","relative_dates":{"created":"Publi\u00e9 7 ans il y a","modified":"Mis \u00e0 jour 1 an il y a"},"absolute_dates":{"created":"Publi\u00e9 le 24 septembre 2019","modified":"Mise \u00e0 jour le 23 janvier 2025"},"absolute_dates_time":{"created":"Publi\u00e9 le 24 septembre 2019 12h30","modified":"Mise \u00e0 jour le 23 janvier 2025 12h17"},"featured_img_caption":"","series_order":"","meta_box":[],"_links":{"self":[{"href":"https:\/\/www.creusonslabible.fr\/index.php?rest_route=\/wp\/v2\/posts\/6892","targetHints":{"allow":["GET"]}}],"collection":[{"href":"https:\/\/www.creusonslabible.fr\/index.php?rest_route=\/wp\/v2\/posts"}],"about":[{"href":"https:\/\/www.creusonslabible.fr\/index.php?rest_route=\/wp\/v2\/types\/post"}],"author":[{"embeddable":true,"href":"https:\/\/www.creusonslabible.fr\/index.php?rest_route=\/wp\/v2\/users\/3"}],"replies":[{"embeddable":true,"href":"https:\/\/www.creusonslabible.fr\/index.php?rest_route=%2Fwp%2Fv2%2Fcomments&post=6892"}],"version-history":[{"count":1,"href":"https:\/\/www.creusonslabible.fr\/index.php?rest_route=\/wp\/v2\/posts\/6892\/revisions"}],"predecessor-version":[{"id":10340,"href":"https:\/\/www.creusonslabible.fr\/index.php?rest_route=\/wp\/v2\/posts\/6892\/revisions\/10340"}],"wp:featuredmedia":[{"embeddable":true,"href":"https:\/\/www.creusonslabible.fr\/index.php?rest_route=\/wp\/v2\/media\/6885"}],"wp:attachment":[{"href":"https:\/\/www.creusonslabible.fr\/index.php?rest_route=%2Fwp%2Fv2%2Fmedia&parent=6892"}],"wp:term":[{"taxonomy":"category","embeddable":true,"href":"https:\/\/www.creusonslabible.fr\/index.php?rest_route=%2Fwp%2Fv2%2Fcategories&post=6892"},{"taxonomy":"post_tag","embeddable":true,"href":"https:\/\/www.creusonslabible.fr\/index.php?rest_route=%2Fwp%2Fv2%2Ftags&post=6892"},{"taxonomy":"video","embeddable":true,"href":"https:\/\/www.creusonslabible.fr\/index.php?rest_route=%2Fwp%2Fv2%2Fvideo&post=6892"},{"taxonomy":"audio","embeddable":true,"href":"https:\/\/www.creusonslabible.fr\/index.php?rest_route=%2Fwp%2Fv2%2Faudio&post=6892"},{"taxonomy":"ecrit","embeddable":true,"href":"https:\/\/www.creusonslabible.fr\/index.php?rest_route=%2Fwp%2Fv2%2Fecrit&post=6892"},{"taxonomy":"mis-en-avant","embeddable":true,"href":"https:\/\/www.creusonslabible.fr\/index.php?rest_route=%2Fwp%2Fv2%2Fmis-en-avant&post=6892"},{"taxonomy":"redacteur","embeddable":true,"href":"https:\/\/www.creusonslabible.fr\/index.php?rest_route=%2Fwp%2Fv2%2Fredacteur&post=6892"},{"taxonomy":"type-darticle","embeddable":true,"href":"https:\/\/www.creusonslabible.fr\/index.php?rest_route=%2Fwp%2Fv2%2Ftype-darticle&post=6892"}],"curies":[{"name":"wp","href":"https:\/\/api.w.org\/{rel}","templated":true}]}}