{"id":6897,"date":"2023-01-31T10:36:38","date_gmt":"2023-01-31T08:36:38","guid":{"rendered":"http:\/\/www.creusonslabible.fr\/?p=6897"},"modified":"2024-04-24T15:39:58","modified_gmt":"2024-04-24T13:39:58","slug":"ps-148-louez","status":"publish","type":"post","link":"https:\/\/www.creusonslabible.fr\/?p=6897","title":{"rendered":"Psaume 148 : LOUEZ !"},"content":{"rendered":"\n<blockquote class=\"wp-block-quote is-layout-flow wp-block-quote-is-layout-flow advgb-dyn-e517fdb6\">\n<p><a href=\"file:\/\/\/var\/folders\/l1\/f43k7wyx4vg1cb5mcn4jx4d80000gn\/T\/bibliauniversalis2\/**148.1\">1<\/a>Louez le SEIGNEUR (Yah)&nbsp;!&nbsp;<br \/>Louez le SEIGNEUR depuis le ciel&nbsp;!&nbsp;<br \/>Louez-le dans les hauteurs&nbsp;!<br \/><a href=\"file:\/\/\/var\/folders\/l1\/f43k7wyx4vg1cb5mcn4jx4d80000gn\/T\/bibliauniversalis2\/**148.2\">2&nbsp;<\/a>Louez-le, vous tous, ses messagers&nbsp;!&nbsp;<br \/>Louez-le, vous toutes, ses arm\u00e9es&nbsp;!<br \/><a href=\"file:\/\/\/var\/folders\/l1\/f43k7wyx4vg1cb5mcn4jx4d80000gn\/T\/bibliauniversalis2\/**148.3\">3&nbsp;<\/a>Louez-le, soleil et lune&nbsp;!&nbsp;<br \/>Louez-le, vous toutes, \u00e9toiles lumineuses&nbsp;!<br \/><a href=\"file:\/\/\/var\/folders\/l1\/f43k7wyx4vg1cb5mcn4jx4d80000gn\/T\/bibliauniversalis2\/**148.4\">4&nbsp;<\/a>Loue-le, ciel du ciel,&nbsp;<br \/>et vous, les eaux qui \u00eates au-dessus du ciel&nbsp;!<br \/><a href=\"file:\/\/\/var\/folders\/l1\/f43k7wyx4vg1cb5mcn4jx4d80000gn\/T\/bibliauniversalis2\/**148.5\">5&nbsp;<\/a>Qu&rsquo;ils louent le nom du SEIGNEUR&nbsp;!&nbsp;<br \/>Car il a donn\u00e9 un ordre, et ils ont \u00e9t\u00e9 cr\u00e9\u00e9s.<br \/><a href=\"file:\/\/\/var\/folders\/l1\/f43k7wyx4vg1cb5mcn4jx4d80000gn\/T\/bibliauniversalis2\/**148.6\">6&nbsp;<\/a>Il les a \u00e9tablis \u00e0 jamais, pour toujours&nbsp;;&nbsp;<br \/>il a donn\u00e9 une prescription qu&rsquo;il ne violera pas.<br \/><a href=\"file:\/\/\/var\/folders\/l1\/f43k7wyx4vg1cb5mcn4jx4d80000gn\/T\/bibliauniversalis2\/**148.7\">7&nbsp;<\/a>Louez le SEIGNEUR depuis la terre,&nbsp;<br \/>monstres marins, et vous tous, ab\u00eemes,<br \/><a href=\"file:\/\/\/var\/folders\/l1\/f43k7wyx4vg1cb5mcn4jx4d80000gn\/T\/bibliauniversalis2\/**148.8\">8&nbsp;<\/a>feu et gr\u00eale, neige et brouillard,&nbsp;<br \/>et toi, vent de temp\u00eate, qui ex\u00e9cutes sa parole,<br \/><a href=\"file:\/\/\/var\/folders\/l1\/f43k7wyx4vg1cb5mcn4jx4d80000gn\/T\/bibliauniversalis2\/**148.9\">9&nbsp;<\/a>montagnes et vous toutes, collines,&nbsp;<br \/>arbres fruitiers et vous tous, c\u00e8dres,<br \/><a href=\"file:\/\/\/var\/folders\/l1\/f43k7wyx4vg1cb5mcn4jx4d80000gn\/T\/bibliauniversalis2\/**148.10\">10&nbsp;<\/a>animaux et vous toutes, b\u00eates,&nbsp;<br \/>bestioles et oiseaux,<br \/><a href=\"file:\/\/\/var\/folders\/l1\/f43k7wyx4vg1cb5mcn4jx4d80000gn\/T\/bibliauniversalis2\/**148.11\">11&nbsp;<\/a>rois de la terre et tous les peuples,&nbsp;<br \/>princes et tous les juges de la terre,<br \/><a href=\"file:\/\/\/var\/folders\/l1\/f43k7wyx4vg1cb5mcn4jx4d80000gn\/T\/bibliauniversalis2\/**148.12\">12&nbsp;<\/a>jeunes gens et jeunes filles,&nbsp;<br \/>vieillards et enfants&nbsp;!<br \/><a href=\"file:\/\/\/var\/folders\/l1\/f43k7wyx4vg1cb5mcn4jx4d80000gn\/T\/bibliauniversalis2\/**148.13\">13&nbsp;<\/a>Qu&rsquo;ils louent le nom du SEIGNEUR&nbsp;!&nbsp;<br \/>Car son nom seul est \u00e9lev\u00e9,&nbsp;<br \/>il est plus \u00e9clatant que la terre et le ciel.<br \/><a href=\"file:\/\/\/var\/folders\/l1\/f43k7wyx4vg1cb5mcn4jx4d80000gn\/T\/bibliauniversalis2\/**148.14\">14&nbsp;<\/a>Il a \u00e9lev\u00e9 la corne de son peuple&nbsp;:&nbsp;<br \/>louange pour tous ses fid\u00e8les,&nbsp;<br \/>pour les Isra\u00e9lites, le peuple qui lui est proche&nbsp;!<br \/><br \/>Louez le SEIGNEUR (Yah)&nbsp;!<\/p>\n<\/blockquote>\n\n\n\n<h4 class=\"wp-block-heading\"><strong>Dieu des sciences (1-6)<\/strong><\/h4>\n\n\n\n<p>Pourquoi tout ce qui est dans les cieux doit-il louer l&rsquo;\u00c9ternel ? Parce que c&rsquo;est Lui qui a cr\u00e9\u00e9 les lois physiques pour que tout fonctionne \u00e0 la perfection.&nbsp;<\/p>\n\n\n\n<h4 class=\"wp-block-heading\"><strong>Dieu se r\u00e9v\u00e8le (7-13)<\/strong><\/h4>\n\n\n\n<p>Pourquoi tout ce qui est sur la terre doit-il louer l&rsquo;\u00c9ternel ? Parce que sa cr\u00e9ation est la preuve de sa majest\u00e9, de sa puissance, de sa perfection.<\/p>\n\n\n\n<h4 class=\"wp-block-heading\"><strong>Fiers qu&rsquo;ils soient notre Dieu ! (14)<\/strong><\/h4>\n\n\n\n<p>Quand les isra\u00e9lites songeaient que ce Dieu si grand \u00e9tait LEUR Dieu, cela devait leur donner le tournis !&nbsp;<\/p>\n\n\n\n<h4 class=\"wp-block-heading\"><strong>Cr\u00e9\u00e9s pour \u00e7a<\/strong><\/h4>\n\n\n\n<p>Nous avons \u00e9t\u00e9 cr\u00e9\u00e9s, fabriqu\u00e9s pour reconna\u00eetre que le Seigneur est glorieux, extraordinaire dans tout ce qu&rsquo;il fait. Comment ne pas \u00eatre \u00e9merveill\u00e9s par ses \u0153uvres ? Comment ne pas le louer en pensant qu&rsquo;il a sacrifi\u00e9 son propre Fils pour nous sauver ?<\/p>\n\n\n\n<p><\/p>\n\n\n\n<ul class=\"wp-block-list\">\n<li>\u00ab&nbsp;Depuis que Dieu a cr\u00e9\u00e9 le monde, ses qualit\u00e9s invisibles, c&rsquo;est-\u00e0-dire sa puissance \u00e9ternelle et sa nature divine, se voient fort bien quand on consid\u00e8re ses \u0153uvres. Les humains sont donc inexcusables.&nbsp;\u00bb Romains 1.20<\/li>\n\n\n\n<li>Les scientifiques qui d\u00e9couvrent et exploitent les lois de la nature glorifient le Seigneur&#8230; qu&rsquo;ils le sachent ou non !<\/li>\n\n\n\n<li>Suis-je quelqu&rsquo;un de reconnaissant ? Les fran\u00e7ais ont la r\u00e9putation d&rsquo;\u00eatre des r\u00e2leurs inv\u00e9t\u00e9r\u00e9s, jamais contents de ce qu&rsquo;ils ont et toujours focalis\u00e9s sur ce qui ne va pas. Mais moi, est-ce que je prends le temps d&rsquo;observer ce que Dieu fait dans ma vie ? Quelle est la place de l&rsquo;\u00e9merveillement dans mon quotidien ? Suis-je un adorateur ou un consommateur ?\n<ul class=\"wp-block-list\">\n<li><\/li>\n<\/ul>\n<\/li>\n<\/ul>\n","protected":false},"excerpt":{"rendered":"<p>1Louez le SEIGNEUR (Yah)&nbsp;!&nbsp;Louez le SEIGNEUR depuis le ciel&nbsp;!&nbsp;Louez-le dans les hauteurs&nbsp;!2&nbsp;Louez-le, vous tous, ses messagers&nbsp;!&nbsp;Louez-le, vous toutes, ses arm\u00e9es&nbsp;!3&nbsp;Louez-le, soleil et lune&nbsp;!&nbsp;Louez-le, vous toutes, \u00e9toiles lumineuses&nbsp;!4&nbsp;Loue-le, ciel du ciel,&nbsp;et vous, les eaux qui \u00eates au-dessus du ciel&nbsp;!5&nbsp;Qu&rsquo;ils louent le nom du SEIGNEUR&nbsp;!&nbsp;Car il a donn\u00e9 un ordre, et ils ont \u00e9t\u00e9 cr\u00e9\u00e9s.6&nbsp;Il les a [&hellip;]<\/p>\n","protected":false},"author":3,"featured_media":5198,"comment_status":"open","ping_status":"closed","sticky":false,"template":"","format":"standard","meta":{"_acf_changed":false,"_eb_attr":"","advgb_blocks_editor_width":"","advgb_blocks_columns_visual_guide":"","footnotes":""},"categories":[16],"tags":[621,651],"video":[],"audio":[],"ecrit":[],"mis-en-avant":[],"redacteur":[],"type-darticle":[],"class_list":["post-6897","post","type-post","status-publish","format-standard","has-post-thumbnail","hentry","category-meditations-bibliques","tag-creation","tag-ecrit"],"blocksy_meta":[],"acf":[],"featured_image_src":"https:\/\/www.creusonslabible.fr\/wp-content\/uploads\/2017\/06\/cloud-97453_640-1.jpg","author_info":{"display_name":"Yoh","author_link":"https:\/\/www.creusonslabible.fr\/?author=3"},"author_meta":{"display_name":"Yoh","author_link":"https:\/\/www.creusonslabible.fr\/?author=3"},"featured_img":"https:\/\/www.creusonslabible.fr\/wp-content\/uploads\/2017\/06\/cloud-97453_640-1-300x200.jpg","coauthors":[],"tax_additional":{"categories":{"linked":["<a href=\"https:\/\/www.creusonslabible.fr\/?cat=16\" class=\"advgb-post-tax-term\">M\u00e9ditations bibliques<\/a>"],"unlinked":["<span class=\"advgb-post-tax-term\">M\u00e9ditations bibliques<\/span>"]},"tags":{"linked":["<a href=\"https:\/\/www.creusonslabible.fr\/?cat=16\" class=\"advgb-post-tax-term\">cr\u00e9ation<\/a>","<a href=\"https:\/\/www.creusonslabible.fr\/?cat=16\" class=\"advgb-post-tax-term\">\u00e9crit<\/a>"],"unlinked":["<span class=\"advgb-post-tax-term\">cr\u00e9ation<\/span>","<span class=\"advgb-post-tax-term\">\u00e9crit<\/span>"]}},"comment_count":"0","relative_dates":{"created":"Publi\u00e9 3 ans il y a","modified":"Mis \u00e0 jour 2 ans il y a"},"absolute_dates":{"created":"Publi\u00e9 le 31 janvier 2023","modified":"Mise \u00e0 jour le 24 avril 2024"},"absolute_dates_time":{"created":"Publi\u00e9 le 31 janvier 2023 10h36","modified":"Mise \u00e0 jour le 24 avril 2024 15h39"},"featured_img_caption":"","series_order":"","meta_box":[],"_links":{"self":[{"href":"https:\/\/www.creusonslabible.fr\/index.php?rest_route=\/wp\/v2\/posts\/6897","targetHints":{"allow":["GET"]}}],"collection":[{"href":"https:\/\/www.creusonslabible.fr\/index.php?rest_route=\/wp\/v2\/posts"}],"about":[{"href":"https:\/\/www.creusonslabible.fr\/index.php?rest_route=\/wp\/v2\/types\/post"}],"author":[{"embeddable":true,"href":"https:\/\/www.creusonslabible.fr\/index.php?rest_route=\/wp\/v2\/users\/3"}],"replies":[{"embeddable":true,"href":"https:\/\/www.creusonslabible.fr\/index.php?rest_route=%2Fwp%2Fv2%2Fcomments&post=6897"}],"version-history":[{"count":1,"href":"https:\/\/www.creusonslabible.fr\/index.php?rest_route=\/wp\/v2\/posts\/6897\/revisions"}],"predecessor-version":[{"id":9566,"href":"https:\/\/www.creusonslabible.fr\/index.php?rest_route=\/wp\/v2\/posts\/6897\/revisions\/9566"}],"wp:featuredmedia":[{"embeddable":true,"href":"https:\/\/www.creusonslabible.fr\/index.php?rest_route=\/wp\/v2\/media\/5198"}],"wp:attachment":[{"href":"https:\/\/www.creusonslabible.fr\/index.php?rest_route=%2Fwp%2Fv2%2Fmedia&parent=6897"}],"wp:term":[{"taxonomy":"category","embeddable":true,"href":"https:\/\/www.creusonslabible.fr\/index.php?rest_route=%2Fwp%2Fv2%2Fcategories&post=6897"},{"taxonomy":"post_tag","embeddable":true,"href":"https:\/\/www.creusonslabible.fr\/index.php?rest_route=%2Fwp%2Fv2%2Ftags&post=6897"},{"taxonomy":"video","embeddable":true,"href":"https:\/\/www.creusonslabible.fr\/index.php?rest_route=%2Fwp%2Fv2%2Fvideo&post=6897"},{"taxonomy":"audio","embeddable":true,"href":"https:\/\/www.creusonslabible.fr\/index.php?rest_route=%2Fwp%2Fv2%2Faudio&post=6897"},{"taxonomy":"ecrit","embeddable":true,"href":"https:\/\/www.creusonslabible.fr\/index.php?rest_route=%2Fwp%2Fv2%2Fecrit&post=6897"},{"taxonomy":"mis-en-avant","embeddable":true,"href":"https:\/\/www.creusonslabible.fr\/index.php?rest_route=%2Fwp%2Fv2%2Fmis-en-avant&post=6897"},{"taxonomy":"redacteur","embeddable":true,"href":"https:\/\/www.creusonslabible.fr\/index.php?rest_route=%2Fwp%2Fv2%2Fredacteur&post=6897"},{"taxonomy":"type-darticle","embeddable":true,"href":"https:\/\/www.creusonslabible.fr\/index.php?rest_route=%2Fwp%2Fv2%2Ftype-darticle&post=6897"}],"curies":[{"name":"wp","href":"https:\/\/api.w.org\/{rel}","templated":true}]}}