{"id":692,"date":"2012-07-06T19:55:34","date_gmt":"2012-07-06T19:55:34","guid":{"rendered":"http:\/\/elearning.gbu.fr\/?p=692"},"modified":"2025-01-24T11:24:39","modified_gmt":"2025-01-24T09:24:39","slug":"abdias","status":"publish","type":"post","link":"https:\/\/www.creusonslabible.fr\/?p=692","title":{"rendered":"Abdias"},"content":{"rendered":"<p align=\"JUSTIFY\">Le message d&rsquo;Abdias est tr\u00e8s proche d&rsquo;une d\u00e9nonciation d&rsquo;\u00c9dom pour sa conduite non fraternelle envers Isra\u00ebl, et une proph\u00e9tie de la destruction de ce royaume et de ce peuple si fier. Mais le proph\u00e8te associe la chute d&rsquo;\u00c9dom avec le jour du Seigneur et pr\u00e9voit qu\u2019Isra\u00ebl r\u00e9cup\u00e9rera ses biens\u00a0; il annonce \u00e9galement le triomphe universel du r\u00e8gne de Dieu et de son royaume.<!--more--><\/p>\n<p align=\"JUSTIFY\">Les \u00c9domites, en tant que descendants d&rsquo;Esa\u00fc, et les Isra\u00e9lites, descendants de Jacob, \u00e9taient des ennemis du temps o\u00f9 Isra\u00ebl a pris possession de Canaan (voir Nb 20.14-21)\u00a0; il y a de nombreuses r\u00e9f\u00e9rences dans les livres historiques et proph\u00e9tiques \u00e0 \u00c9dom, qui montrent l&rsquo;antipathie entre \u00c9dom et Isra\u00ebl, et la diff\u00e9rence dans leurs destin\u00e9es. Voir, par exemple, 2\u00a0S. 8.14\u00a0; 2\u00a0Rois 14.7\u00a0; Jr 49.7-22\u00a0; Ez 25.12-17\u00a0; Am 1.11-12\u00a0; Ml 1.1-5.<\/p>\n<p align=\"JUSTIFY\">\n<p align=\"JUSTIFY\"><strong>Plan<\/strong><\/p>\n<p align=\"JUSTIFY\">1-9 La destruction d\u2019\u00c9dom, en d\u00e9pit d&rsquo;une confiance en leurs bastions imprenables.<\/p>\n<p align=\"JUSTIFY\">10-14 Le p\u00e9ch\u00e9 pour lequel \u00c9dom doit \u00eatre puni.<\/p>\n<p align=\"JUSTIFY\">15-21 Le jour du Seigneur est proche, quand \u00c9dom sera puni et Isra\u00ebl triomphera.<\/p>\n","protected":false},"excerpt":{"rendered":"<p>Le message d&rsquo;Abdias est tr\u00e8s proche d&rsquo;une d\u00e9nonciation d&rsquo;\u00c9dom pour sa conduite non fraternelle envers Isra\u00ebl, et une proph\u00e9tie de la destruction de ce royaume et de ce peuple si fier. Mais le proph\u00e8te associe la chute d&rsquo;\u00c9dom avec le jour du Seigneur et pr\u00e9voit qu\u2019Isra\u00ebl r\u00e9cup\u00e9rera ses biens\u00a0; il annonce \u00e9galement le triomphe universel [&hellip;]<\/p>\n","protected":false},"author":2,"featured_media":0,"comment_status":"open","ping_status":"open","sticky":false,"template":"","format":"standard","meta":{"_acf_changed":false,"_eb_attr":"","advgb_blocks_editor_width":"","advgb_blocks_columns_visual_guide":"","footnotes":""},"categories":[90],"tags":[382,651],"video":[],"audio":[],"ecrit":[],"mis-en-avant":[],"redacteur":[],"type-darticle":[],"class_list":["post-692","post","type-post","status-publish","format-standard","hentry","category-introduction-aux-livres-bibliques","tag-abdias","tag-ecrit"],"blocksy_meta":[],"acf":[],"featured_image_src":null,"author_info":{"display_name":"caillou","author_link":"https:\/\/www.creusonslabible.fr\/?author=2"},"author_meta":{"display_name":"caillou","author_link":"https:\/\/www.creusonslabible.fr\/?author=2"},"featured_img":null,"coauthors":[],"tax_additional":{"categories":{"linked":["<a href=\"https:\/\/www.creusonslabible.fr\/?cat=90\" class=\"advgb-post-tax-term\">Introduction aux livres Bibliques<\/a>"],"unlinked":["<span class=\"advgb-post-tax-term\">Introduction aux livres Bibliques<\/span>"]},"tags":{"linked":["<a href=\"https:\/\/www.creusonslabible.fr\/?cat=90\" class=\"advgb-post-tax-term\">Abdias<\/a>","<a href=\"https:\/\/www.creusonslabible.fr\/?cat=90\" class=\"advgb-post-tax-term\">\u00e9crit<\/a>"],"unlinked":["<span class=\"advgb-post-tax-term\">Abdias<\/span>","<span class=\"advgb-post-tax-term\">\u00e9crit<\/span>"]}},"comment_count":"0","relative_dates":{"created":"Publi\u00e9 14 ans il y a","modified":"Mis \u00e0 jour 1 an il y a"},"absolute_dates":{"created":"Publi\u00e9 le 6 juillet 2012","modified":"Mise \u00e0 jour le 24 janvier 2025"},"absolute_dates_time":{"created":"Publi\u00e9 le 6 juillet 2012 19h55","modified":"Mise \u00e0 jour le 24 janvier 2025 11h24"},"featured_img_caption":"","series_order":"","meta_box":[],"_links":{"self":[{"href":"https:\/\/www.creusonslabible.fr\/index.php?rest_route=\/wp\/v2\/posts\/692","targetHints":{"allow":["GET"]}}],"collection":[{"href":"https:\/\/www.creusonslabible.fr\/index.php?rest_route=\/wp\/v2\/posts"}],"about":[{"href":"https:\/\/www.creusonslabible.fr\/index.php?rest_route=\/wp\/v2\/types\/post"}],"author":[{"embeddable":true,"href":"https:\/\/www.creusonslabible.fr\/index.php?rest_route=\/wp\/v2\/users\/2"}],"replies":[{"embeddable":true,"href":"https:\/\/www.creusonslabible.fr\/index.php?rest_route=%2Fwp%2Fv2%2Fcomments&post=692"}],"version-history":[{"count":1,"href":"https:\/\/www.creusonslabible.fr\/index.php?rest_route=\/wp\/v2\/posts\/692\/revisions"}],"predecessor-version":[{"id":10867,"href":"https:\/\/www.creusonslabible.fr\/index.php?rest_route=\/wp\/v2\/posts\/692\/revisions\/10867"}],"wp:attachment":[{"href":"https:\/\/www.creusonslabible.fr\/index.php?rest_route=%2Fwp%2Fv2%2Fmedia&parent=692"}],"wp:term":[{"taxonomy":"category","embeddable":true,"href":"https:\/\/www.creusonslabible.fr\/index.php?rest_route=%2Fwp%2Fv2%2Fcategories&post=692"},{"taxonomy":"post_tag","embeddable":true,"href":"https:\/\/www.creusonslabible.fr\/index.php?rest_route=%2Fwp%2Fv2%2Ftags&post=692"},{"taxonomy":"video","embeddable":true,"href":"https:\/\/www.creusonslabible.fr\/index.php?rest_route=%2Fwp%2Fv2%2Fvideo&post=692"},{"taxonomy":"audio","embeddable":true,"href":"https:\/\/www.creusonslabible.fr\/index.php?rest_route=%2Fwp%2Fv2%2Faudio&post=692"},{"taxonomy":"ecrit","embeddable":true,"href":"https:\/\/www.creusonslabible.fr\/index.php?rest_route=%2Fwp%2Fv2%2Fecrit&post=692"},{"taxonomy":"mis-en-avant","embeddable":true,"href":"https:\/\/www.creusonslabible.fr\/index.php?rest_route=%2Fwp%2Fv2%2Fmis-en-avant&post=692"},{"taxonomy":"redacteur","embeddable":true,"href":"https:\/\/www.creusonslabible.fr\/index.php?rest_route=%2Fwp%2Fv2%2Fredacteur&post=692"},{"taxonomy":"type-darticle","embeddable":true,"href":"https:\/\/www.creusonslabible.fr\/index.php?rest_route=%2Fwp%2Fv2%2Ftype-darticle&post=692"}],"curies":[{"name":"wp","href":"https:\/\/api.w.org\/{rel}","templated":true}]}}