{"id":696,"date":"2012-07-06T19:40:10","date_gmt":"2012-07-06T19:40:10","guid":{"rendered":"http:\/\/elearning.gbu.fr\/?p=696"},"modified":"2025-01-24T11:24:40","modified_gmt":"2025-01-24T09:24:40","slug":"michee","status":"publish","type":"post","link":"https:\/\/www.creusonslabible.fr\/?p=696","title":{"rendered":"Mich\u00e9e"},"content":{"rendered":"<p align=\"JUSTIFY\">Mich\u00e9e \u00e9tait un contemporain d\u2019\u00c9sa\u00efe, mais tandis qu\u2019\u00c9sa\u00efe \u00e9tait proph\u00e8te \u00e0 la cour et \u00e0 la ville, Mich\u00e9e venait de Mor\u00e9cheth-Gath (1.1, 14), un village situ\u00e9 non loin de la fronti\u00e8re, \u00e0 l\u2019ouest de Juda. Remarquez, par exemple, avec quelle fr\u00e9quence il utilise l\u2019image du troupeau et de son berger (2.12\u00a0; 3.2-3\u00a0; 4.6, 8\u00a0; 5.4, 8\u00a0; 7.14).<!--more--> Son minist\u00e8re proph\u00e9tique commence seulement quelques ann\u00e9es apr\u00e8s celui d\u2019Os\u00e9e, et il existe dans ce livre de nombreuses traces de l\u2019influence \u00e0 la fois d\u2019Os\u00e9e et d\u2019\u00c9sa\u00efe. Voir par exemple Mi 1.7 et Os 2.13\u00a0; 8.6\u00a0; 9.1\u00a0; Mi 7.1 et Es 24.13\u00a0; Mi 4.1-3 et Es 2.2-4, qui sont presque les m\u00eames mot pour mot.<\/p>\n<p align=\"JUSTIFY\">Cependant Mich\u00e9e ne les plagie pas. Il a son propre message et exerce une profonde influence sur d\u2019autres, comme on le voit dans la r\u00e9f\u00e9rence que J\u00e9r\u00e9mie fait de lui (voir Jr 26.16-19). Tout comme la proph\u00e9tie de Jonas incite le roi de Ninive \u00e0 se repentir, la proph\u00e9tie de Mich\u00e9e exhorte le roi \u00c9z\u00e9chias \u00e0 faire de m\u00eame. Et Mich\u00e9e laisse une trace tellement importante qu\u2019un si\u00e8cle plus tard, les gens se souviennent de tout, et cela contribua \u00e0 sauver la vie du proph\u00e8te J\u00e9r\u00e9mie.<\/p>\n<p align=\"JUSTIFY\">La parole de Mich\u00e9e vit encore aujourd\u2019hui car l\u2019Esprit de Dieu est en elle, et il a des le\u00e7ons importantes \u00e0 nous apprendre aujourd\u2019hui.<\/p>\n<p align=\"JUSTIFY\"><strong>Plan<\/strong><\/p>\n<p align=\"JUSTIFY\">Chapitres 1 et 2. Le jugement viendra, mais \u00e0 la fin il y a aura une b\u00e9n\u00e9diction.<\/p>\n<p align=\"JUSTIFY\">1.1-16. Une vision de Yahweh qui vient pour juger. La Samarie tombera et les petites villes de la plaine de Juda seront emport\u00e9es.<\/p>\n<p align=\"JUSTIFY\">2.1-11. Les p\u00e9ch\u00e9s des riches et des puissants qui ont provoqu\u00e9 ce jugement.<\/p>\n<p align=\"JUSTIFY\">2.12-13. Une proph\u00e9tie concernant la restauration.<\/p>\n<p align=\"JUSTIFY\">Chapitres 3-5. De nouvelles proph\u00e9ties sur le jugement \u00e0 venir et de nouvelles b\u00e9n\u00e9dictions.<\/p>\n<p align=\"JUSTIFY\">3.1-4.7. Les p\u00e9ch\u00e9s des dirigeants, des proph\u00e8tes et des sacrificateurs provoqueront la destruction de J\u00e9rusalem, et pourtant, par la suite, elle sera restaur\u00e9e et le r\u00e8gne de Yahweh sera reconnu.<\/p>\n<p align=\"JUSTIFY\">4.8-13. Sion devra subir l\u2019exil, mais elle sera victorieuse plus tard.<\/p>\n<p align=\"JUSTIFY\">5.1-15. L\u2019humiliation temporaire aboutira \u00e0 un triomphe futur.<\/p>\n<p align=\"JUSTIFY\">Chapitres 7 et 8. Yahveh conteste la conduite de son peuple et affirme ses propres attentes. Il<\/p>\n<p align=\"JUSTIFY\">d\u00e9nonce le p\u00e9ch\u00e9 de Juda et l\u2019avertit sur les cons\u00e9quences.<\/p>\n<p align=\"JUSTIFY\">Le proph\u00e8te prend la parole, au nom du peuple repentant, pour se lamenter des terribles conditions de la vie sociale mais il attend l\u2019intervention de Dieu avec confiance et esp\u00e9rance car il est assur\u00e9 de l\u2019accomplissement de toutes les promesses de Dieu.<\/p>\n","protected":false},"excerpt":{"rendered":"<p>Mich\u00e9e \u00e9tait un contemporain d\u2019\u00c9sa\u00efe, mais tandis qu\u2019\u00c9sa\u00efe \u00e9tait proph\u00e8te \u00e0 la cour et \u00e0 la ville, Mich\u00e9e venait de Mor\u00e9cheth-Gath (1.1, 14), un village situ\u00e9 non loin de la fronti\u00e8re, \u00e0 l\u2019ouest de Juda. Remarquez, par exemple, avec quelle fr\u00e9quence il utilise l\u2019image du troupeau et de son berger (2.12\u00a0; 3.2-3\u00a0; 4.6, 8\u00a0; 5.4, [&hellip;]<\/p>\n","protected":false},"author":2,"featured_media":2476,"comment_status":"open","ping_status":"open","sticky":false,"template":"","format":"standard","meta":{"_acf_changed":false,"_eb_attr":"","advgb_blocks_editor_width":"","advgb_blocks_columns_visual_guide":"","footnotes":""},"categories":[90],"tags":[651,763],"video":[],"audio":[],"ecrit":[],"mis-en-avant":[],"redacteur":[],"type-darticle":[],"class_list":["post-696","post","type-post","status-publish","format-standard","has-post-thumbnail","hentry","category-introduction-aux-livres-bibliques","tag-ecrit","tag-michee"],"blocksy_meta":[],"acf":[],"featured_image_src":"https:\/\/www.creusonslabible.fr\/wp-content\/uploads\/2012\/07\/michee-1.jpg","author_info":{"display_name":"caillou","author_link":"https:\/\/www.creusonslabible.fr\/?author=2"},"author_meta":{"display_name":"caillou","author_link":"https:\/\/www.creusonslabible.fr\/?author=2"},"featured_img":"https:\/\/www.creusonslabible.fr\/wp-content\/uploads\/2012\/07\/michee-1.jpg","coauthors":[],"tax_additional":{"categories":{"linked":["<a href=\"https:\/\/www.creusonslabible.fr\/?cat=90\" class=\"advgb-post-tax-term\">Introduction aux livres Bibliques<\/a>"],"unlinked":["<span class=\"advgb-post-tax-term\">Introduction aux livres Bibliques<\/span>"]},"tags":{"linked":["<a href=\"https:\/\/www.creusonslabible.fr\/?cat=90\" class=\"advgb-post-tax-term\">\u00e9crit<\/a>","<a href=\"https:\/\/www.creusonslabible.fr\/?cat=90\" class=\"advgb-post-tax-term\">Mich\u00e9e<\/a>"],"unlinked":["<span class=\"advgb-post-tax-term\">\u00e9crit<\/span>","<span class=\"advgb-post-tax-term\">Mich\u00e9e<\/span>"]}},"comment_count":"0","relative_dates":{"created":"Publi\u00e9 14 ans il y a","modified":"Mis \u00e0 jour 1 an il y a"},"absolute_dates":{"created":"Publi\u00e9 le 6 juillet 2012","modified":"Mise \u00e0 jour le 24 janvier 2025"},"absolute_dates_time":{"created":"Publi\u00e9 le 6 juillet 2012 19h40","modified":"Mise \u00e0 jour le 24 janvier 2025 11h24"},"featured_img_caption":"","series_order":"","meta_box":[],"_links":{"self":[{"href":"https:\/\/www.creusonslabible.fr\/index.php?rest_route=\/wp\/v2\/posts\/696","targetHints":{"allow":["GET"]}}],"collection":[{"href":"https:\/\/www.creusonslabible.fr\/index.php?rest_route=\/wp\/v2\/posts"}],"about":[{"href":"https:\/\/www.creusonslabible.fr\/index.php?rest_route=\/wp\/v2\/types\/post"}],"author":[{"embeddable":true,"href":"https:\/\/www.creusonslabible.fr\/index.php?rest_route=\/wp\/v2\/users\/2"}],"replies":[{"embeddable":true,"href":"https:\/\/www.creusonslabible.fr\/index.php?rest_route=%2Fwp%2Fv2%2Fcomments&post=696"}],"version-history":[{"count":1,"href":"https:\/\/www.creusonslabible.fr\/index.php?rest_route=\/wp\/v2\/posts\/696\/revisions"}],"predecessor-version":[{"id":10869,"href":"https:\/\/www.creusonslabible.fr\/index.php?rest_route=\/wp\/v2\/posts\/696\/revisions\/10869"}],"wp:featuredmedia":[{"embeddable":true,"href":"https:\/\/www.creusonslabible.fr\/index.php?rest_route=\/wp\/v2\/media\/2476"}],"wp:attachment":[{"href":"https:\/\/www.creusonslabible.fr\/index.php?rest_route=%2Fwp%2Fv2%2Fmedia&parent=696"}],"wp:term":[{"taxonomy":"category","embeddable":true,"href":"https:\/\/www.creusonslabible.fr\/index.php?rest_route=%2Fwp%2Fv2%2Fcategories&post=696"},{"taxonomy":"post_tag","embeddable":true,"href":"https:\/\/www.creusonslabible.fr\/index.php?rest_route=%2Fwp%2Fv2%2Ftags&post=696"},{"taxonomy":"video","embeddable":true,"href":"https:\/\/www.creusonslabible.fr\/index.php?rest_route=%2Fwp%2Fv2%2Fvideo&post=696"},{"taxonomy":"audio","embeddable":true,"href":"https:\/\/www.creusonslabible.fr\/index.php?rest_route=%2Fwp%2Fv2%2Faudio&post=696"},{"taxonomy":"ecrit","embeddable":true,"href":"https:\/\/www.creusonslabible.fr\/index.php?rest_route=%2Fwp%2Fv2%2Fecrit&post=696"},{"taxonomy":"mis-en-avant","embeddable":true,"href":"https:\/\/www.creusonslabible.fr\/index.php?rest_route=%2Fwp%2Fv2%2Fmis-en-avant&post=696"},{"taxonomy":"redacteur","embeddable":true,"href":"https:\/\/www.creusonslabible.fr\/index.php?rest_route=%2Fwp%2Fv2%2Fredacteur&post=696"},{"taxonomy":"type-darticle","embeddable":true,"href":"https:\/\/www.creusonslabible.fr\/index.php?rest_route=%2Fwp%2Fv2%2Ftype-darticle&post=696"}],"curies":[{"name":"wp","href":"https:\/\/api.w.org\/{rel}","templated":true}]}}