{"id":6990,"date":"2019-10-16T16:30:32","date_gmt":"2019-10-16T14:30:32","guid":{"rendered":"http:\/\/www.creusonslabible.fr\/?p=6990"},"modified":"2025-01-23T11:18:40","modified_gmt":"2025-01-23T09:18:40","slug":"anarchie-educative-esaie-3-4","status":"publish","type":"post","link":"https:\/\/www.creusonslabible.fr\/?p=6990","title":{"rendered":"\u00c9sa\u00efe 3-4 : Anarchie \u00e9ducative"},"content":{"rendered":"\n<p><strong>Question d&rsquo;intro\u00a0:<\/strong> Comment faire pour que quelqu&rsquo;un qui a un comportement autodestructeur change d&rsquo;attitude\u00a0?<\/p>\n\n\n\n<p>Ce passage est la suite logique du chapitre 2.<\/p>\n\n\n\n<p><strong>3.1-4.1&nbsp;: Mirage de s\u00e9curit\u00e9<\/strong><\/p>\n\n\n\n<ul class=\"wp-block-list\"><li>Quels sont les acteurs de cette proph\u00e9tie&nbsp;?<\/li><li>De quoi accuse-t-on le peuple&nbsp;?<\/li><li>En quoi consiste la sanction de Dieu&nbsp;?<\/li><li>Comment va r\u00e9agir le peuple&nbsp;? (6 et 4.1 qui se ressemblent beaucoup&nbsp;!)<\/li><li>Quel est le but de Dieu&nbsp;?<\/li><li>Au d\u00e9part, \u00e9tait-il pr\u00e9vu qu&rsquo;il y ait des rois en Isra\u00ebl&nbsp;?&nbsp;<\/li><li>Pourquoi y en a-t-il eu&nbsp;?<\/li><li>Pourquoi le peuple pr\u00e9f\u00e8re-t-il des dirigeants m\u00e9diocres au Seigneur Tout-Puissant&nbsp;?<\/li><\/ul>\n\n\n\n<p><strong>4.2-6\u00a0: Apr\u00e8s le m\u00e9nage,\u00a0la communion<\/strong><\/p>\n\n\n\n<ul class=\"wp-block-list\"><li>Pour quelle raison y a-t-il un tel changement de ton&nbsp;?&nbsp;<\/li><li>\u00c0 quel \u00e9pisode de l&rsquo;histoire d&rsquo;Isra\u00ebl fait r\u00e9f\u00e9rence le v.5&nbsp;?<\/li><li>Fondamentalement, qu&rsquo;est-ce qui change entre l&rsquo;Isra\u00ebl de cette section et celui de la pr\u00e9c\u00e9dente&nbsp;?<\/li><\/ul>\n\n\n\n<p><strong>Accomplissements<\/strong><\/p>\n\n\n\n<ul class=\"wp-block-list\"><li>Qui est le dernier proph\u00e8te de l&rsquo;AT et le premier du NT&nbsp;? Combien y a-t-il eu de temps entre les 2&nbsp;?<\/li><li>Quel \u00e9tait le message de Jean-Baptiste&nbsp;? Dans quel contexte politique&nbsp;?<\/li><li>Quel \u00e9tait le profil des disciples de J\u00e9sus&nbsp;? Pourquoi&nbsp;?<\/li><li>Qui \u00e9taient les ennemis de J\u00e9sus (et JB)&nbsp;? Ils mettaient leur confiance en quoi&nbsp;?<\/li><li>Quelles \u00e9taient les pr\u00e9tentions de J\u00e9sus&nbsp;?<\/li><li>Comment la derni\u00e8re section (4.2-6) a-t-elle \u00e9t\u00e9 accomplie dans la Nouvelle Alliance&nbsp;? (J\u00e9sus, le St Esprit)<\/li><li>Le Temple de J\u00e9rusalem a \u00e9t\u00e9 d\u00e9truit par les romains en 70 de notre \u00e8re. Qu&rsquo;est-ce que Dieu a voulu dire d&rsquo;apr\u00e8s vous&nbsp;?<\/li><\/ul>\n\n\n\n<p><strong>Applications<\/strong><\/p>\n\n\n\n<ul class=\"wp-block-list\"><li>Pourquoi nous confions-nous si souvent dans choses\/personnes imparfaites, faillibles, p\u00e9rissables, voire m\u00e9diocres&#8230; et pas en J\u00e9sus&nbsp;?<\/li><li>Dans quels domaines \u00eates-vous tent\u00e9s de remplacer J\u00e9sus par d&rsquo;autres s\u00e9curit\u00e9s&nbsp;?<\/li><li>Comment faire pour que J\u00e9sus prenne plus de place dans notre vie (avant qu&rsquo;il soit oblig\u00e9 d&rsquo;abattre nos fausses s\u00e9curit\u00e9 !)<\/li><\/ul>\n","protected":false},"excerpt":{"rendered":"<p>Question d&rsquo;intro\u00a0: Comment faire pour que quelqu&rsquo;un qui a un comportement autodestructeur change d&rsquo;attitude\u00a0? Ce passage est la suite logique du chapitre 2. 3.1-4.1&nbsp;: Mirage de s\u00e9curit\u00e9 Quels sont les acteurs de cette proph\u00e9tie&nbsp;? De quoi accuse-t-on le peuple&nbsp;? En quoi consiste la sanction de Dieu&nbsp;? Comment va r\u00e9agir le peuple&nbsp;? (6 et 4.1 qui [&hellip;]<\/p>\n","protected":false},"author":3,"featured_media":6991,"comment_status":"open","ping_status":"closed","sticky":false,"template":"","format":"standard","meta":{"_acf_changed":false,"_eb_attr":"","advgb_blocks_editor_width":"","advgb_blocks_columns_visual_guide":"","footnotes":""},"categories":[10,91,30],"tags":[651,494],"video":[],"audio":[],"ecrit":[],"mis-en-avant":[],"redacteur":[],"type-darticle":[],"class_list":["post-6990","post","type-post","status-publish","format-standard","has-post-thumbnail","hentry","category-discussions-autour-de-la-bible","category-la-fin-des-temps","category-le-peche-le-mal","tag-ecrit","tag-securite"],"blocksy_meta":[],"acf":[],"featured_image_src":"https:\/\/www.creusonslabible.fr\/wp-content\/uploads\/2019\/10\/valario-davis-knAVZEz2Dfw-unsplash-1-scaled-1.jpg","author_info":{"display_name":"Yoh","author_link":"https:\/\/www.creusonslabible.fr\/?author=3"},"author_meta":{"display_name":"Yoh","author_link":"https:\/\/www.creusonslabible.fr\/?author=3"},"featured_img":"https:\/\/www.creusonslabible.fr\/wp-content\/uploads\/2019\/10\/valario-davis-knAVZEz2Dfw-unsplash-1-scaled-1-300x229.jpg","coauthors":[],"tax_additional":{"categories":{"linked":["<a href=\"https:\/\/www.creusonslabible.fr\/?cat=10\" class=\"advgb-post-tax-term\">Discussions autour de la Bible<\/a>","<a href=\"https:\/\/www.creusonslabible.fr\/?cat=91\" class=\"advgb-post-tax-term\">La fin des temps<\/a>","<a href=\"https:\/\/www.creusonslabible.fr\/?cat=30\" class=\"advgb-post-tax-term\">Le P\u00e9ch\u00e9 \/ Le mal<\/a>"],"unlinked":["<span class=\"advgb-post-tax-term\">Discussions autour de la Bible<\/span>","<span class=\"advgb-post-tax-term\">La fin des temps<\/span>","<span class=\"advgb-post-tax-term\">Le P\u00e9ch\u00e9 \/ Le mal<\/span>"]},"tags":{"linked":["<a href=\"https:\/\/www.creusonslabible.fr\/?cat=30\" class=\"advgb-post-tax-term\">\u00e9crit<\/a>","<a href=\"https:\/\/www.creusonslabible.fr\/?cat=30\" class=\"advgb-post-tax-term\">s\u00e9curit\u00e9<\/a>"],"unlinked":["<span class=\"advgb-post-tax-term\">\u00e9crit<\/span>","<span class=\"advgb-post-tax-term\">s\u00e9curit\u00e9<\/span>"]}},"comment_count":"0","relative_dates":{"created":"Publi\u00e9 7 ans il y a","modified":"Mis \u00e0 jour 1 an il y a"},"absolute_dates":{"created":"Publi\u00e9 le 16 octobre 2019","modified":"Mise \u00e0 jour le 23 janvier 2025"},"absolute_dates_time":{"created":"Publi\u00e9 le 16 octobre 2019 16h30","modified":"Mise \u00e0 jour le 23 janvier 2025 11h18"},"featured_img_caption":"","series_order":"","meta_box":[],"_links":{"self":[{"href":"https:\/\/www.creusonslabible.fr\/index.php?rest_route=\/wp\/v2\/posts\/6990","targetHints":{"allow":["GET"]}}],"collection":[{"href":"https:\/\/www.creusonslabible.fr\/index.php?rest_route=\/wp\/v2\/posts"}],"about":[{"href":"https:\/\/www.creusonslabible.fr\/index.php?rest_route=\/wp\/v2\/types\/post"}],"author":[{"embeddable":true,"href":"https:\/\/www.creusonslabible.fr\/index.php?rest_route=\/wp\/v2\/users\/3"}],"replies":[{"embeddable":true,"href":"https:\/\/www.creusonslabible.fr\/index.php?rest_route=%2Fwp%2Fv2%2Fcomments&post=6990"}],"version-history":[{"count":1,"href":"https:\/\/www.creusonslabible.fr\/index.php?rest_route=\/wp\/v2\/posts\/6990\/revisions"}],"predecessor-version":[{"id":9821,"href":"https:\/\/www.creusonslabible.fr\/index.php?rest_route=\/wp\/v2\/posts\/6990\/revisions\/9821"}],"wp:featuredmedia":[{"embeddable":true,"href":"https:\/\/www.creusonslabible.fr\/index.php?rest_route=\/wp\/v2\/media\/6991"}],"wp:attachment":[{"href":"https:\/\/www.creusonslabible.fr\/index.php?rest_route=%2Fwp%2Fv2%2Fmedia&parent=6990"}],"wp:term":[{"taxonomy":"category","embeddable":true,"href":"https:\/\/www.creusonslabible.fr\/index.php?rest_route=%2Fwp%2Fv2%2Fcategories&post=6990"},{"taxonomy":"post_tag","embeddable":true,"href":"https:\/\/www.creusonslabible.fr\/index.php?rest_route=%2Fwp%2Fv2%2Ftags&post=6990"},{"taxonomy":"video","embeddable":true,"href":"https:\/\/www.creusonslabible.fr\/index.php?rest_route=%2Fwp%2Fv2%2Fvideo&post=6990"},{"taxonomy":"audio","embeddable":true,"href":"https:\/\/www.creusonslabible.fr\/index.php?rest_route=%2Fwp%2Fv2%2Faudio&post=6990"},{"taxonomy":"ecrit","embeddable":true,"href":"https:\/\/www.creusonslabible.fr\/index.php?rest_route=%2Fwp%2Fv2%2Fecrit&post=6990"},{"taxonomy":"mis-en-avant","embeddable":true,"href":"https:\/\/www.creusonslabible.fr\/index.php?rest_route=%2Fwp%2Fv2%2Fmis-en-avant&post=6990"},{"taxonomy":"redacteur","embeddable":true,"href":"https:\/\/www.creusonslabible.fr\/index.php?rest_route=%2Fwp%2Fv2%2Fredacteur&post=6990"},{"taxonomy":"type-darticle","embeddable":true,"href":"https:\/\/www.creusonslabible.fr\/index.php?rest_route=%2Fwp%2Fv2%2Ftype-darticle&post=6990"}],"curies":[{"name":"wp","href":"https:\/\/api.w.org\/{rel}","templated":true}]}}