{"id":7083,"date":"2019-11-19T10:19:17","date_gmt":"2019-11-19T08:19:17","guid":{"rendered":"http:\/\/www.creusonslabible.fr\/?p=7083"},"modified":"2025-01-23T11:18:39","modified_gmt":"2025-01-23T09:18:39","slug":"passage-de-relais-2-timothee-1-1-7","status":"publish","type":"post","link":"https:\/\/www.creusonslabible.fr\/?p=7083","title":{"rendered":"Passage de relais : 2 Timoth\u00e9e 1.1-7"},"content":{"rendered":"\n<h1 class=\"wp-block-heading\">Portrait <\/h1>\n\n\n\n<blockquote class=\"wp-block-quote is-layout-flow wp-block-quote-is-layout-flow\"><p>1 Paul, ap\u00f4tre de J\u00e9sus-Christ par la volont\u00e9 de Dieu, selon la promesse de la vie qui est en J\u00e9sus-Christ, 2 \u00e0 Timoth\u00e9e, mon enfant bien-aim\u00e9 : Gr\u00e2ce, compassion et paix de la part de Dieu, le P\u00e8re, et de J\u00e9sus-Christ, notre Seigneur !<\/p><p>3 Je suis plein de gratitude envers Dieu \u00e0 qui, \u00e0 la suite de mes anc\u00eatres, je rends un culte avec une conscience pure, et je fais continuellement mention de toi dans mes pri\u00e8res, nuit et jour ; 4 je souhaite vivement te voir \u2013 je me souviens de tes larmes \u2013 pour \u00eatre rempli de joie ; 5 je me rem\u00e9more aussi la foi sans hypocrisie qui est en toi : comme elle a d&rsquo;abord habit\u00e9 en ta grand-m\u00e8re, Lo\u00efs, et en ta m\u00e8re, Eunice, j&rsquo;en suis persuad\u00e9, elle habite aussi en toi.<\/p><p>6 C&rsquo;est pourquoi je t&rsquo;exhorte \u00e0 ranimer la flamme du don de la gr\u00e2ce, du don de Dieu, que tu as re\u00e7u par l&rsquo;imposition de mes mains. 7 En effet, ce n&rsquo;est pas un esprit de l\u00e2chet\u00e9 que Dieu nous a donn\u00e9, mais un esprit de force, d&rsquo;amour et de pond\u00e9ration.<\/p><\/blockquote>\n\n\n\n<p><strong>Enfant de chr\u00e9tiennes (v.5)<\/strong><\/p>\n\n\n\n<p>Timoth\u00e9e est l&rsquo;h\u00e9ritier de la foi de sa m\u00e8re et de sa grand-m\u00e8re. C&rsquo;est par leur interm\u00e9diaire qu&rsquo;il a pu conna\u00eetre le Seigneur J\u00e9sus et mettre sa foi en Lui.&nbsp;<\/p>\n\n\n\n<p><strong>Enfant de Paul (v.6)<\/strong><\/p>\n\n\n\n<p>C&rsquo;est Paul qui a \u00ab&nbsp;lanc\u00e9 la carri\u00e8re&nbsp;\u00bb de Timoth\u00e9e en faisant de lui un des responsables de l&rsquo;\u00c9glise d&rsquo;\u00c9ph\u00e8se. C&rsquo;est pour cela que Paul joue un r\u00f4le de mentor, de conseiller, de supporteur envers lui. Cela se manifeste concr\u00e8tement par la pri\u00e8re (v.3) et par les exhortations du reste de la lettre.<\/p>\n\n\n\n<p><strong>Pas l\u00e0 par hasard !<\/strong><\/p>\n\n\n\n<p>Timoth\u00e9e a besoin de r\u00e9-entendre le processus qui l&rsquo;a amen\u00e9 jusqu&rsquo;\u00e0 son minist\u00e8re parce qu&rsquo;il traverse apparemment une p\u00e9riode difficile (6-7). C&rsquo;est seulement s&rsquo;il est s\u00fbr de son identit\u00e9 qu&rsquo;il pourra faire preuve de \u00ab&nbsp;force, d&rsquo;amour et de ma\u00eetrise de soi\u00bb.&nbsp;<\/p>\n\n\n\n<p><em>Pour savoir o\u00f9 l&rsquo;on va, il est important de se rappeler d&rsquo;o\u00f9 l&rsquo;on vient ! Rappelle-toi de tout ce que le Seigneur a d\u00e9j\u00e0 fait pour toi, rem\u00e9more-toi tout ce que tu lui dois et&#8230; poursuis la trajectoire !&nbsp;<\/em><br \/><\/p>\n","protected":false},"excerpt":{"rendered":"<p>Portrait 1 Paul, ap\u00f4tre de J\u00e9sus-Christ par la volont\u00e9 de Dieu, selon la promesse de la vie qui est en J\u00e9sus-Christ, 2 \u00e0 Timoth\u00e9e, mon enfant bien-aim\u00e9 : Gr\u00e2ce, compassion et paix de la part de Dieu, le P\u00e8re, et de J\u00e9sus-Christ, notre Seigneur ! 3 Je suis plein de gratitude envers Dieu \u00e0 qui, [&hellip;]<\/p>\n","protected":false},"author":3,"featured_media":7085,"comment_status":"open","ping_status":"closed","sticky":false,"template":"","format":"standard","meta":{"_acf_changed":false,"_eb_attr":"","advgb_blocks_editor_width":"","advgb_blocks_columns_visual_guide":"","footnotes":""},"categories":[16],"tags":[651],"video":[],"audio":[],"ecrit":[],"mis-en-avant":[],"redacteur":[],"type-darticle":[],"class_list":["post-7083","post","type-post","status-publish","format-standard","has-post-thumbnail","hentry","category-meditations-bibliques","tag-ecrit"],"blocksy_meta":[],"acf":[],"featured_image_src":"https:\/\/www.creusonslabible.fr\/wp-content\/uploads\/2019\/11\/zach-lucero-x_x3RPpDbII-unsplash-scaled-2.jpg","author_info":{"display_name":"Yoh","author_link":"https:\/\/www.creusonslabible.fr\/?author=3"},"author_meta":{"display_name":"Yoh","author_link":"https:\/\/www.creusonslabible.fr\/?author=3"},"featured_img":"https:\/\/www.creusonslabible.fr\/wp-content\/uploads\/2019\/11\/zach-lucero-x_x3RPpDbII-unsplash-scaled-2-300x200.jpg","coauthors":[],"tax_additional":{"categories":{"linked":["<a href=\"https:\/\/www.creusonslabible.fr\/?cat=16\" class=\"advgb-post-tax-term\">M\u00e9ditations bibliques<\/a>"],"unlinked":["<span class=\"advgb-post-tax-term\">M\u00e9ditations bibliques<\/span>"]},"tags":{"linked":["<a href=\"https:\/\/www.creusonslabible.fr\/?cat=16\" class=\"advgb-post-tax-term\">\u00e9crit<\/a>"],"unlinked":["<span class=\"advgb-post-tax-term\">\u00e9crit<\/span>"]}},"comment_count":"0","relative_dates":{"created":"Publi\u00e9 6 ans il y a","modified":"Mis \u00e0 jour 1 an il y a"},"absolute_dates":{"created":"Publi\u00e9 le 19 novembre 2019","modified":"Mise \u00e0 jour le 23 janvier 2025"},"absolute_dates_time":{"created":"Publi\u00e9 le 19 novembre 2019 10h19","modified":"Mise \u00e0 jour le 23 janvier 2025 11h18"},"featured_img_caption":"","series_order":"","meta_box":[],"_links":{"self":[{"href":"https:\/\/www.creusonslabible.fr\/index.php?rest_route=\/wp\/v2\/posts\/7083","targetHints":{"allow":["GET"]}}],"collection":[{"href":"https:\/\/www.creusonslabible.fr\/index.php?rest_route=\/wp\/v2\/posts"}],"about":[{"href":"https:\/\/www.creusonslabible.fr\/index.php?rest_route=\/wp\/v2\/types\/post"}],"author":[{"embeddable":true,"href":"https:\/\/www.creusonslabible.fr\/index.php?rest_route=\/wp\/v2\/users\/3"}],"replies":[{"embeddable":true,"href":"https:\/\/www.creusonslabible.fr\/index.php?rest_route=%2Fwp%2Fv2%2Fcomments&post=7083"}],"version-history":[{"count":1,"href":"https:\/\/www.creusonslabible.fr\/index.php?rest_route=\/wp\/v2\/posts\/7083\/revisions"}],"predecessor-version":[{"id":10276,"href":"https:\/\/www.creusonslabible.fr\/index.php?rest_route=\/wp\/v2\/posts\/7083\/revisions\/10276"}],"wp:featuredmedia":[{"embeddable":true,"href":"https:\/\/www.creusonslabible.fr\/index.php?rest_route=\/wp\/v2\/media\/7085"}],"wp:attachment":[{"href":"https:\/\/www.creusonslabible.fr\/index.php?rest_route=%2Fwp%2Fv2%2Fmedia&parent=7083"}],"wp:term":[{"taxonomy":"category","embeddable":true,"href":"https:\/\/www.creusonslabible.fr\/index.php?rest_route=%2Fwp%2Fv2%2Fcategories&post=7083"},{"taxonomy":"post_tag","embeddable":true,"href":"https:\/\/www.creusonslabible.fr\/index.php?rest_route=%2Fwp%2Fv2%2Ftags&post=7083"},{"taxonomy":"video","embeddable":true,"href":"https:\/\/www.creusonslabible.fr\/index.php?rest_route=%2Fwp%2Fv2%2Fvideo&post=7083"},{"taxonomy":"audio","embeddable":true,"href":"https:\/\/www.creusonslabible.fr\/index.php?rest_route=%2Fwp%2Fv2%2Faudio&post=7083"},{"taxonomy":"ecrit","embeddable":true,"href":"https:\/\/www.creusonslabible.fr\/index.php?rest_route=%2Fwp%2Fv2%2Fecrit&post=7083"},{"taxonomy":"mis-en-avant","embeddable":true,"href":"https:\/\/www.creusonslabible.fr\/index.php?rest_route=%2Fwp%2Fv2%2Fmis-en-avant&post=7083"},{"taxonomy":"redacteur","embeddable":true,"href":"https:\/\/www.creusonslabible.fr\/index.php?rest_route=%2Fwp%2Fv2%2Fredacteur&post=7083"},{"taxonomy":"type-darticle","embeddable":true,"href":"https:\/\/www.creusonslabible.fr\/index.php?rest_route=%2Fwp%2Fv2%2Ftype-darticle&post=7083"}],"curies":[{"name":"wp","href":"https:\/\/api.w.org\/{rel}","templated":true}]}}