{"id":7090,"date":"2019-11-26T10:11:00","date_gmt":"2019-11-26T08:11:00","guid":{"rendered":"http:\/\/www.creusonslabible.fr\/?p=7090"},"modified":"2025-01-23T11:18:39","modified_gmt":"2025-01-23T09:18:39","slug":"passage-de-relais-2-timothee-1-1-7-2","status":"publish","type":"post","link":"https:\/\/www.creusonslabible.fr\/?p=7090","title":{"rendered":"Passage de relais : 2 Timoth\u00e9e 1.8-11"},"content":{"rendered":"\n<h1 class=\"wp-block-heading\">Rappel utile<\/h1>\n\n\n\n<blockquote class=\"wp-block-quote is-layout-flow wp-block-quote-is-layout-flow\"><p>8 N&rsquo;aie donc pas honte du t\u00e9moignage de notre Seigneur, ni de moi, son prisonnier. Mais souffre avec moi pour la bonne nouvelle, par la puissance de Dieu,<br \/> 9 qui nous a sauv\u00e9s <br \/> et nous a adress\u00e9 un saint appel, <br \/> non pas selon nos oeuvres, <br \/> mais selon son propre projet, selon la gr\u00e2ce <br \/> qui nous a \u00e9t\u00e9 accord\u00e9e en J\u00e9sus-Christ <br \/> avant les temps \u00e9ternels<br \/> 10 \u2013 cette gr\u00e2ce qui s&rsquo;est maintenant manifest\u00e9e <br \/> par la manifestation de notre Sauveur, J\u00e9sus-Christ, <br \/> qui a r\u00e9duit \u00e0 rien la mort <br \/> et mis en lumi\u00e8re la vie et l&rsquo;imp\u00e9rissable par la bonne nouvelle.<br \/> 11 C&rsquo;est pour cette bonne nouvelle que, moi, j&rsquo;ai \u00e9t\u00e9 institu\u00e9 h\u00e9raut, ap\u00f4tre et ma\u00eetre.<\/p><\/blockquote>\n\n\n\n<p><\/p>\n\n\n\n<h4 class=\"wp-block-heading\"><strong>Rappel de Bonne Nouvelle<\/strong><\/h4>\n\n\n\n<p>Dieu a d\u00e9cid\u00e9 de faire gr\u00e2ce \u00e0 tout Homme qui met sa foi en son Fils J\u00e9sus. Il s&rsquo;est sacrifi\u00e9, il a vaincu la mort et il offre la vie \u00e9ternelle \u00e0 tous ceux qui lui donnent leur vie. Quelle merveilleuse nouvelle !<\/p>\n\n\n\n<h4 class=\"wp-block-heading\"><strong>Minist\u00e8re qui vaut le(s) coup(s) !<\/strong><\/h4>\n\n\n\n<p>C&rsquo;est justement parce que l&rsquo;\u00c9vangile est le plus grand \u00e9v\u00e9nement de l&rsquo;Histoire que Paul accepte d&rsquo;\u00eatre pers\u00e9cut\u00e9 \u00e0 cause de lui : son minist\u00e8re d&rsquo;ap\u00f4tre lui vaut d&rsquo;\u00eatre prisonnier \u00e0 Rome en attendant de compara\u00eetre devant l&#8217;empereur.&nbsp;<\/p>\n\n\n\n<h4 class=\"wp-block-heading\"><strong>N&rsquo;aie pas honte !<\/strong><\/h4>\n\n\n\n<p>Comme Paul sait en qui il a mis sa confiance, Timoth\u00e9e doit lui aussi \u00eatre pr\u00eat \u00e0 souffrir \u00e0 cause de J\u00e9sus. L&rsquo;\u00c9vangile doit \u00eatre le carburant, la motivation de son minist\u00e8re !<\/p>\n\n\n\n<ul class=\"wp-block-list\"><li>Devant des v\u00e9rit\u00e9s que nous connaissons par coeur, nous avons tendance \u00e0 dire \u00ab\u00a0Je sais, je sais !\u00a0\u00bb. Pourtant, devant des situations tendues, nous ne savons plus grand chose si l&rsquo;on en croit nos actes ! <\/li><li><em>Seigneur, aide-moi \u00e0 toujours rester \u00e9merveill\u00e9 par la Bonne Nouvelle, aide-moi \u00e0 me rappeler de ton oeuvre en moi. Pardon parce que, parfois, je r\u00e9agis comme si tu n&rsquo;existais pas ! Aide-moi \u00e0 vivre selon les valeurs de l&rsquo;\u00c9vangile en te faisant confiance chaque jour. <\/em><\/li><\/ul>\n\n\n\n<p><\/p>\n","protected":false},"excerpt":{"rendered":"<p>Rappel utile 8 N&rsquo;aie donc pas honte du t\u00e9moignage de notre Seigneur, ni de moi, son prisonnier. Mais souffre avec moi pour la bonne nouvelle, par la puissance de Dieu, 9 qui nous a sauv\u00e9s et nous a adress\u00e9 un saint appel, non pas selon nos oeuvres, mais selon son propre projet, selon la gr\u00e2ce [&hellip;]<\/p>\n","protected":false},"author":3,"featured_media":7085,"comment_status":"open","ping_status":"closed","sticky":false,"template":"","format":"standard","meta":{"_acf_changed":false,"_eb_attr":"","advgb_blocks_editor_width":"","advgb_blocks_columns_visual_guide":"","footnotes":""},"categories":[16],"tags":[651],"video":[],"audio":[],"ecrit":[],"mis-en-avant":[],"redacteur":[],"type-darticle":[],"class_list":["post-7090","post","type-post","status-publish","format-standard","has-post-thumbnail","hentry","category-meditations-bibliques","tag-ecrit"],"blocksy_meta":[],"acf":[],"featured_image_src":"https:\/\/www.creusonslabible.fr\/wp-content\/uploads\/2019\/11\/zach-lucero-x_x3RPpDbII-unsplash-scaled-2.jpg","author_info":{"display_name":"Yoh","author_link":"https:\/\/www.creusonslabible.fr\/?author=3"},"author_meta":{"display_name":"Yoh","author_link":"https:\/\/www.creusonslabible.fr\/?author=3"},"featured_img":"https:\/\/www.creusonslabible.fr\/wp-content\/uploads\/2019\/11\/zach-lucero-x_x3RPpDbII-unsplash-scaled-2-300x200.jpg","coauthors":[],"tax_additional":{"categories":{"linked":["<a href=\"https:\/\/www.creusonslabible.fr\/?cat=16\" class=\"advgb-post-tax-term\">M\u00e9ditations bibliques<\/a>"],"unlinked":["<span class=\"advgb-post-tax-term\">M\u00e9ditations bibliques<\/span>"]},"tags":{"linked":["<a href=\"https:\/\/www.creusonslabible.fr\/?cat=16\" class=\"advgb-post-tax-term\">\u00e9crit<\/a>"],"unlinked":["<span class=\"advgb-post-tax-term\">\u00e9crit<\/span>"]}},"comment_count":"0","relative_dates":{"created":"Publi\u00e9 6 ans il y a","modified":"Mis \u00e0 jour 1 an il y a"},"absolute_dates":{"created":"Publi\u00e9 le 26 novembre 2019","modified":"Mise \u00e0 jour le 23 janvier 2025"},"absolute_dates_time":{"created":"Publi\u00e9 le 26 novembre 2019 10h11","modified":"Mise \u00e0 jour le 23 janvier 2025 11h18"},"featured_img_caption":"","series_order":"","meta_box":[],"_links":{"self":[{"href":"https:\/\/www.creusonslabible.fr\/index.php?rest_route=\/wp\/v2\/posts\/7090","targetHints":{"allow":["GET"]}}],"collection":[{"href":"https:\/\/www.creusonslabible.fr\/index.php?rest_route=\/wp\/v2\/posts"}],"about":[{"href":"https:\/\/www.creusonslabible.fr\/index.php?rest_route=\/wp\/v2\/types\/post"}],"author":[{"embeddable":true,"href":"https:\/\/www.creusonslabible.fr\/index.php?rest_route=\/wp\/v2\/users\/3"}],"replies":[{"embeddable":true,"href":"https:\/\/www.creusonslabible.fr\/index.php?rest_route=%2Fwp%2Fv2%2Fcomments&post=7090"}],"version-history":[{"count":1,"href":"https:\/\/www.creusonslabible.fr\/index.php?rest_route=\/wp\/v2\/posts\/7090\/revisions"}],"predecessor-version":[{"id":10275,"href":"https:\/\/www.creusonslabible.fr\/index.php?rest_route=\/wp\/v2\/posts\/7090\/revisions\/10275"}],"wp:featuredmedia":[{"embeddable":true,"href":"https:\/\/www.creusonslabible.fr\/index.php?rest_route=\/wp\/v2\/media\/7085"}],"wp:attachment":[{"href":"https:\/\/www.creusonslabible.fr\/index.php?rest_route=%2Fwp%2Fv2%2Fmedia&parent=7090"}],"wp:term":[{"taxonomy":"category","embeddable":true,"href":"https:\/\/www.creusonslabible.fr\/index.php?rest_route=%2Fwp%2Fv2%2Fcategories&post=7090"},{"taxonomy":"post_tag","embeddable":true,"href":"https:\/\/www.creusonslabible.fr\/index.php?rest_route=%2Fwp%2Fv2%2Ftags&post=7090"},{"taxonomy":"video","embeddable":true,"href":"https:\/\/www.creusonslabible.fr\/index.php?rest_route=%2Fwp%2Fv2%2Fvideo&post=7090"},{"taxonomy":"audio","embeddable":true,"href":"https:\/\/www.creusonslabible.fr\/index.php?rest_route=%2Fwp%2Fv2%2Faudio&post=7090"},{"taxonomy":"ecrit","embeddable":true,"href":"https:\/\/www.creusonslabible.fr\/index.php?rest_route=%2Fwp%2Fv2%2Fecrit&post=7090"},{"taxonomy":"mis-en-avant","embeddable":true,"href":"https:\/\/www.creusonslabible.fr\/index.php?rest_route=%2Fwp%2Fv2%2Fmis-en-avant&post=7090"},{"taxonomy":"redacteur","embeddable":true,"href":"https:\/\/www.creusonslabible.fr\/index.php?rest_route=%2Fwp%2Fv2%2Fredacteur&post=7090"},{"taxonomy":"type-darticle","embeddable":true,"href":"https:\/\/www.creusonslabible.fr\/index.php?rest_route=%2Fwp%2Fv2%2Ftype-darticle&post=7090"}],"curies":[{"name":"wp","href":"https:\/\/api.w.org\/{rel}","templated":true}]}}