{"id":7092,"date":"2019-12-03T10:23:00","date_gmt":"2019-12-03T08:23:00","guid":{"rendered":"http:\/\/www.creusonslabible.fr\/?p=7092"},"modified":"2025-01-23T11:18:38","modified_gmt":"2025-01-23T09:18:38","slug":"passage-de-relais-2-timothee-1-1-7-2-2","status":"publish","type":"post","link":"https:\/\/www.creusonslabible.fr\/?p=7092","title":{"rendered":"Passage de relais : 2 Timoth\u00e9e 1.13-18"},"content":{"rendered":"\n<h1 class=\"wp-block-heading\">Choisis ton camp !<\/h1>\n\n\n\n<blockquote class=\"wp-block-quote is-layout-flow wp-block-quote-is-layout-flow\"><p>13 Retiens, dans la foi et dans l&rsquo;amour qui est en J\u00e9sus-Christ, le mod\u00e8le des saines paroles que tu as entendues de moi. 14 Garde toutes les belles choses qui t&rsquo;ont \u00e9t\u00e9 confi\u00e9es au moyen de l&rsquo;Esprit saint qui habite en nous. 15 Tu sais que tous ceux qui sont en Asie m&rsquo;ont abandonn\u00e9 ; Phyg\u00e8le et Hermog\u00e8ne sont de ce nombre. 16 Que le Seigneur accorde sa compassion \u00e0 la maison d&rsquo;On\u00e9siphore, car il m&rsquo;a souvent r\u00e9confort\u00e9 et il n&rsquo;a pas eu honte de mes cha\u00eenes ; 17 au contraire, lorsqu&rsquo;il est venu \u00e0 Rome, il m&rsquo;a cherch\u00e9 avec empressement et il m&rsquo;a trouv\u00e9. 18 Que le Seigneur lui accorde de trouver compassion aupr\u00e8s du Seigneur en ce jour-l\u00e0. Toi-m\u00eame tu sais mieux que personne combien, \u00e0 Eph\u00e8se, il a rendu de services.<\/p><\/blockquote>\n\n\n\n<h4 class=\"wp-block-heading\"><strong>Abandons (15)<\/strong><\/h4>\n\n\n\n<p>\u00c9ph\u00e8se \u00e9tait la capitale de la province romaine d&rsquo;Asie Mineure. Plusieurs personnes de la r\u00e9gion de Timoth\u00e9e ont donc pris peur en apprenant que Paul \u00e9tait en prison et ont peut-\u00eatre fait semblant de ne pas le conna\u00eetre&#8230;<\/p>\n\n\n\n<h4 class=\"wp-block-heading\"><strong>Fid\u00e9lit\u00e9 (16-18)<\/strong><\/h4>\n\n\n\n<p>Au contraire, quand il appris que Paul \u00e9tait en prison, On\u00e9siphore est parti d&rsquo;\u00c9ph\u00e8se pour aller le voir \u00e0 Rome. Lui n&rsquo;a eu ni peur, ni honte et il a \u00e9t\u00e9 un sujet de r\u00e9confort pour l&rsquo;ap\u00f4tre.<\/p>\n\n\n\n<h4 class=\"wp-block-heading\"><strong>Et Timoth\u00e9e ?<\/strong><\/h4>\n\n\n\n<p>Devant ces 2 exemples de r\u00e9action, Timoth\u00e9e doit se positionner : il ne doit pas avoir honte de Paul (v.8) et garder ses instructions (v.13-14).&nbsp;<\/p>\n\n\n\n<p><em>Quel profil me correspond le mieux ? Celui de Phyg\u00e8le et Hermog\u00e8ne qui laissent tout tomber \u00e0 la moindre difficult\u00e9 ou celui d&rsquo;On\u00e9siphore qui pers\u00e9v\u00e8re, qui ne perd pas de vue l&rsquo;esp\u00e9rance qui est en J\u00e9sus ? Je ne suis pas superman, comme Timoth\u00e9e je peux passer par des moments de doute, mais je dois choisir le bon camp ! Vers quelle personne proche puis-je me tourner pour \u00eatre encourag\u00e9 ?<\/em><\/p>\n\n\n\n<p><\/p>\n\n\n\n<p><\/p>\n","protected":false},"excerpt":{"rendered":"<p>Choisis ton camp ! 13 Retiens, dans la foi et dans l&rsquo;amour qui est en J\u00e9sus-Christ, le mod\u00e8le des saines paroles que tu as entendues de moi. 14 Garde toutes les belles choses qui t&rsquo;ont \u00e9t\u00e9 confi\u00e9es au moyen de l&rsquo;Esprit saint qui habite en nous. 15 Tu sais que tous ceux qui sont en [&hellip;]<\/p>\n","protected":false},"author":3,"featured_media":7085,"comment_status":"open","ping_status":"closed","sticky":false,"template":"","format":"standard","meta":{"_acf_changed":false,"_eb_attr":"","advgb_blocks_editor_width":"","advgb_blocks_columns_visual_guide":"","footnotes":""},"categories":[16],"tags":[651],"video":[],"audio":[],"ecrit":[],"mis-en-avant":[],"redacteur":[],"type-darticle":[],"class_list":["post-7092","post","type-post","status-publish","format-standard","has-post-thumbnail","hentry","category-meditations-bibliques","tag-ecrit"],"blocksy_meta":[],"acf":[],"featured_image_src":"https:\/\/www.creusonslabible.fr\/wp-content\/uploads\/2019\/11\/zach-lucero-x_x3RPpDbII-unsplash-scaled-2.jpg","author_info":{"display_name":"Yoh","author_link":"https:\/\/www.creusonslabible.fr\/?author=3"},"author_meta":{"display_name":"Yoh","author_link":"https:\/\/www.creusonslabible.fr\/?author=3"},"featured_img":"https:\/\/www.creusonslabible.fr\/wp-content\/uploads\/2019\/11\/zach-lucero-x_x3RPpDbII-unsplash-scaled-2-300x200.jpg","coauthors":[],"tax_additional":{"categories":{"linked":["<a href=\"https:\/\/www.creusonslabible.fr\/?cat=16\" class=\"advgb-post-tax-term\">M\u00e9ditations bibliques<\/a>"],"unlinked":["<span class=\"advgb-post-tax-term\">M\u00e9ditations bibliques<\/span>"]},"tags":{"linked":["<a href=\"https:\/\/www.creusonslabible.fr\/?cat=16\" class=\"advgb-post-tax-term\">\u00e9crit<\/a>"],"unlinked":["<span class=\"advgb-post-tax-term\">\u00e9crit<\/span>"]}},"comment_count":"0","relative_dates":{"created":"Publi\u00e9 6 ans il y a","modified":"Mis \u00e0 jour 1 an il y a"},"absolute_dates":{"created":"Publi\u00e9 le 3 d\u00e9cembre 2019","modified":"Mise \u00e0 jour le 23 janvier 2025"},"absolute_dates_time":{"created":"Publi\u00e9 le 3 d\u00e9cembre 2019 10h23","modified":"Mise \u00e0 jour le 23 janvier 2025 11h18"},"featured_img_caption":"","series_order":"","meta_box":[],"_links":{"self":[{"href":"https:\/\/www.creusonslabible.fr\/index.php?rest_route=\/wp\/v2\/posts\/7092","targetHints":{"allow":["GET"]}}],"collection":[{"href":"https:\/\/www.creusonslabible.fr\/index.php?rest_route=\/wp\/v2\/posts"}],"about":[{"href":"https:\/\/www.creusonslabible.fr\/index.php?rest_route=\/wp\/v2\/types\/post"}],"author":[{"embeddable":true,"href":"https:\/\/www.creusonslabible.fr\/index.php?rest_route=\/wp\/v2\/users\/3"}],"replies":[{"embeddable":true,"href":"https:\/\/www.creusonslabible.fr\/index.php?rest_route=%2Fwp%2Fv2%2Fcomments&post=7092"}],"version-history":[{"count":1,"href":"https:\/\/www.creusonslabible.fr\/index.php?rest_route=\/wp\/v2\/posts\/7092\/revisions"}],"predecessor-version":[{"id":10273,"href":"https:\/\/www.creusonslabible.fr\/index.php?rest_route=\/wp\/v2\/posts\/7092\/revisions\/10273"}],"wp:featuredmedia":[{"embeddable":true,"href":"https:\/\/www.creusonslabible.fr\/index.php?rest_route=\/wp\/v2\/media\/7085"}],"wp:attachment":[{"href":"https:\/\/www.creusonslabible.fr\/index.php?rest_route=%2Fwp%2Fv2%2Fmedia&parent=7092"}],"wp:term":[{"taxonomy":"category","embeddable":true,"href":"https:\/\/www.creusonslabible.fr\/index.php?rest_route=%2Fwp%2Fv2%2Fcategories&post=7092"},{"taxonomy":"post_tag","embeddable":true,"href":"https:\/\/www.creusonslabible.fr\/index.php?rest_route=%2Fwp%2Fv2%2Ftags&post=7092"},{"taxonomy":"video","embeddable":true,"href":"https:\/\/www.creusonslabible.fr\/index.php?rest_route=%2Fwp%2Fv2%2Fvideo&post=7092"},{"taxonomy":"audio","embeddable":true,"href":"https:\/\/www.creusonslabible.fr\/index.php?rest_route=%2Fwp%2Fv2%2Faudio&post=7092"},{"taxonomy":"ecrit","embeddable":true,"href":"https:\/\/www.creusonslabible.fr\/index.php?rest_route=%2Fwp%2Fv2%2Fecrit&post=7092"},{"taxonomy":"mis-en-avant","embeddable":true,"href":"https:\/\/www.creusonslabible.fr\/index.php?rest_route=%2Fwp%2Fv2%2Fmis-en-avant&post=7092"},{"taxonomy":"redacteur","embeddable":true,"href":"https:\/\/www.creusonslabible.fr\/index.php?rest_route=%2Fwp%2Fv2%2Fredacteur&post=7092"},{"taxonomy":"type-darticle","embeddable":true,"href":"https:\/\/www.creusonslabible.fr\/index.php?rest_route=%2Fwp%2Fv2%2Ftype-darticle&post=7092"}],"curies":[{"name":"wp","href":"https:\/\/api.w.org\/{rel}","templated":true}]}}