{"id":7096,"date":"2019-12-17T10:32:00","date_gmt":"2019-12-17T08:32:00","guid":{"rendered":"http:\/\/www.creusonslabible.fr\/?p=7096"},"modified":"2025-01-23T11:18:38","modified_gmt":"2025-01-23T09:18:38","slug":"passage-de-relais-2-timothee-1-1-7-3-2","status":"publish","type":"post","link":"https:\/\/www.creusonslabible.fr\/?p=7096","title":{"rendered":"Passage de relais : 2 Timoth\u00e9e 2.8-13"},"content":{"rendered":"\n<h1 class=\"wp-block-heading\">M\u00e9morisation<\/h1>\n\n\n\n<blockquote class=\"wp-block-quote is-layout-flow wp-block-quote-is-layout-flow\"><p>8 Souviens-toi de J\u00e9sus-Christ, qui s&rsquo;est r\u00e9veill\u00e9 d&rsquo;entre les morts, et qui est issu de la descendance de David, selon ma bonne nouvelle, 9 pour laquelle je supporte les souffrances, m\u00eame celle d&rsquo;\u00eatre prisonnier comme un malfaiteur. Mais la parole de Dieu n&rsquo;est pas prisonni\u00e8re. 10 C&rsquo;est pourquoi j&rsquo;endure tout \u00e0 cause de ceux qui ont \u00e9t\u00e9 choisis, afin qu&rsquo;eux aussi acc\u00e8dent au salut qui est en J\u00e9sus-Christ, avec une gloire \u00e9ternelle. 11 Cette parole est certaine : <\/p><p>si nous sommes morts avec lui, <br \/> nous vivrons aussi avec lui ;<br \/> 12 si nous pers\u00e9v\u00e9rons, <br \/> nous r\u00e9gnerons aussi avec lui ; <br \/> si nous le renions, <br \/> lui aussi nous reniera ;<br \/> 13 si nous manquons de foi, <br \/> lui demeure digne de foi, <br \/> car il ne peut se renier lui-m\u00eame.<\/p><\/blockquote>\n\n\n\n<h4 class=\"wp-block-heading\"><strong>Le vrai but<\/strong><\/h4>\n\n\n\n<p>Timoth\u00e9e ne doit jamais perdre de vue l&rsquo;objectif absolu de son minist\u00e8re : qu&rsquo;un maximum de personnes acc\u00e8dent au Salut qui est en J\u00e9sus.&nbsp;<\/p>\n\n\n\n<h4 class=\"wp-block-heading\"><strong>Une autre id\u00e9e de l&rsquo;efficacit\u00e9<\/strong><\/h4>\n\n\n\n<p>Parce que Paul a mis son propre enseignement en pratique (vv.1-2), la diffusion de l&rsquo;\u00c9vangile n&rsquo;est pas frein\u00e9e par son emprisonnement : il n&rsquo;a plus qu&rsquo;\u00e0 encourager les ouvriers qu&rsquo;il a form\u00e9s !<\/p>\n\n\n\n<h4 class=\"wp-block-heading\"><strong>Avec ou sans J\u00e9sus ? (11-13)<\/strong><\/h4>\n\n\n\n<p>Ces 3 versets sont en fait assez simples ! Nous pouvons compter sur J\u00e9sus : si nous voulons rester fid\u00e8les, il nous r\u00e9compensera, il nous soutiendra ! Par contre, si nous ne voulons pas nous appuyer sur Lui, si nous le renions, si nous n&rsquo;avons pas foi en Lui, la menace de la col\u00e8re de Dieu est toujours valable.<\/p>\n\n\n\n<p><em>Seigneur J\u00e9sus, je veux vivre POUR toi, faire les choses AVEC toi ! Dans ta Gr\u00e2ce, aide-moi \u00e0 te rester fid\u00e8le, \u00e0 supporter d&rsquo;\u00eatre diff\u00e9rent de ceux qui ne croient pas (encore) en Toi !<\/em><\/p>\n","protected":false},"excerpt":{"rendered":"<p>M\u00e9morisation 8 Souviens-toi de J\u00e9sus-Christ, qui s&rsquo;est r\u00e9veill\u00e9 d&rsquo;entre les morts, et qui est issu de la descendance de David, selon ma bonne nouvelle, 9 pour laquelle je supporte les souffrances, m\u00eame celle d&rsquo;\u00eatre prisonnier comme un malfaiteur. Mais la parole de Dieu n&rsquo;est pas prisonni\u00e8re. 10 C&rsquo;est pourquoi j&rsquo;endure tout \u00e0 cause de ceux [&hellip;]<\/p>\n","protected":false},"author":3,"featured_media":7085,"comment_status":"open","ping_status":"closed","sticky":false,"template":"","format":"standard","meta":{"_acf_changed":false,"_eb_attr":"","advgb_blocks_editor_width":"","advgb_blocks_columns_visual_guide":"","footnotes":""},"categories":[16],"tags":[651],"video":[],"audio":[],"ecrit":[],"mis-en-avant":[],"redacteur":[],"type-darticle":[],"class_list":["post-7096","post","type-post","status-publish","format-standard","has-post-thumbnail","hentry","category-meditations-bibliques","tag-ecrit"],"blocksy_meta":[],"acf":[],"featured_image_src":"https:\/\/www.creusonslabible.fr\/wp-content\/uploads\/2019\/11\/zach-lucero-x_x3RPpDbII-unsplash-scaled-2.jpg","author_info":{"display_name":"Yoh","author_link":"https:\/\/www.creusonslabible.fr\/?author=3"},"author_meta":{"display_name":"Yoh","author_link":"https:\/\/www.creusonslabible.fr\/?author=3"},"featured_img":"https:\/\/www.creusonslabible.fr\/wp-content\/uploads\/2019\/11\/zach-lucero-x_x3RPpDbII-unsplash-scaled-2-300x200.jpg","coauthors":[],"tax_additional":{"categories":{"linked":["<a href=\"https:\/\/www.creusonslabible.fr\/?cat=16\" class=\"advgb-post-tax-term\">M\u00e9ditations bibliques<\/a>"],"unlinked":["<span class=\"advgb-post-tax-term\">M\u00e9ditations bibliques<\/span>"]},"tags":{"linked":["<a href=\"https:\/\/www.creusonslabible.fr\/?cat=16\" class=\"advgb-post-tax-term\">\u00e9crit<\/a>"],"unlinked":["<span class=\"advgb-post-tax-term\">\u00e9crit<\/span>"]}},"comment_count":"0","relative_dates":{"created":"Publi\u00e9 6 ans il y a","modified":"Mis \u00e0 jour 1 an il y a"},"absolute_dates":{"created":"Publi\u00e9 le 17 d\u00e9cembre 2019","modified":"Mise \u00e0 jour le 23 janvier 2025"},"absolute_dates_time":{"created":"Publi\u00e9 le 17 d\u00e9cembre 2019 10h32","modified":"Mise \u00e0 jour le 23 janvier 2025 11h18"},"featured_img_caption":"","series_order":"","meta_box":[],"_links":{"self":[{"href":"https:\/\/www.creusonslabible.fr\/index.php?rest_route=\/wp\/v2\/posts\/7096","targetHints":{"allow":["GET"]}}],"collection":[{"href":"https:\/\/www.creusonslabible.fr\/index.php?rest_route=\/wp\/v2\/posts"}],"about":[{"href":"https:\/\/www.creusonslabible.fr\/index.php?rest_route=\/wp\/v2\/types\/post"}],"author":[{"embeddable":true,"href":"https:\/\/www.creusonslabible.fr\/index.php?rest_route=\/wp\/v2\/users\/3"}],"replies":[{"embeddable":true,"href":"https:\/\/www.creusonslabible.fr\/index.php?rest_route=%2Fwp%2Fv2%2Fcomments&post=7096"}],"version-history":[{"count":1,"href":"https:\/\/www.creusonslabible.fr\/index.php?rest_route=\/wp\/v2\/posts\/7096\/revisions"}],"predecessor-version":[{"id":10268,"href":"https:\/\/www.creusonslabible.fr\/index.php?rest_route=\/wp\/v2\/posts\/7096\/revisions\/10268"}],"wp:featuredmedia":[{"embeddable":true,"href":"https:\/\/www.creusonslabible.fr\/index.php?rest_route=\/wp\/v2\/media\/7085"}],"wp:attachment":[{"href":"https:\/\/www.creusonslabible.fr\/index.php?rest_route=%2Fwp%2Fv2%2Fmedia&parent=7096"}],"wp:term":[{"taxonomy":"category","embeddable":true,"href":"https:\/\/www.creusonslabible.fr\/index.php?rest_route=%2Fwp%2Fv2%2Fcategories&post=7096"},{"taxonomy":"post_tag","embeddable":true,"href":"https:\/\/www.creusonslabible.fr\/index.php?rest_route=%2Fwp%2Fv2%2Ftags&post=7096"},{"taxonomy":"video","embeddable":true,"href":"https:\/\/www.creusonslabible.fr\/index.php?rest_route=%2Fwp%2Fv2%2Fvideo&post=7096"},{"taxonomy":"audio","embeddable":true,"href":"https:\/\/www.creusonslabible.fr\/index.php?rest_route=%2Fwp%2Fv2%2Faudio&post=7096"},{"taxonomy":"ecrit","embeddable":true,"href":"https:\/\/www.creusonslabible.fr\/index.php?rest_route=%2Fwp%2Fv2%2Fecrit&post=7096"},{"taxonomy":"mis-en-avant","embeddable":true,"href":"https:\/\/www.creusonslabible.fr\/index.php?rest_route=%2Fwp%2Fv2%2Fmis-en-avant&post=7096"},{"taxonomy":"redacteur","embeddable":true,"href":"https:\/\/www.creusonslabible.fr\/index.php?rest_route=%2Fwp%2Fv2%2Fredacteur&post=7096"},{"taxonomy":"type-darticle","embeddable":true,"href":"https:\/\/www.creusonslabible.fr\/index.php?rest_route=%2Fwp%2Fv2%2Ftype-darticle&post=7096"}],"curies":[{"name":"wp","href":"https:\/\/api.w.org\/{rel}","templated":true}]}}