{"id":7179,"date":"2019-12-20T12:14:17","date_gmt":"2019-12-20T10:14:17","guid":{"rendered":"http:\/\/www.creusonslabible.fr\/?p=7179"},"modified":"2025-01-23T11:29:02","modified_gmt":"2025-01-23T09:29:02","slug":"qui-suis-je-mon-identite-dimage-de-dieu","status":"publish","type":"post","link":"https:\/\/www.creusonslabible.fr\/?p=7179","title":{"rendered":"Qui suis-je ? Mon identit\u00e9 d&rsquo;image de Dieu"},"content":{"rendered":"\n<p><strong>Par Lydia Jaeger, Directrice des \u00e9tudes \u00e0 l&rsquo;Institut Biblique de Nogent-sur-Marne<\/strong><\/p>\n\n\n\n<h3 class=\"wp-block-heading\">L&rsquo;homme cr\u00e9\u00e9 en image de Dieu<\/h3>\n\n\n\n<p>La cr\u00e9ation de l&rsquo;homme en image de Dieu occupe une place cl\u00e9 dans le premier chapitre de la Gen\u00e8se (Gn 1.26-27).&nbsp;<strong>Dans l&rsquo;ancien Proche-Orient,<\/strong>&nbsp;il n&rsquo;est pas rare de rencontrer l&rsquo;id\u00e9e qu&rsquo;un roi, ou parfois un pr\u00eatre, est image d&rsquo;un dieu. Mais dans le texte de la Gen\u00e8se, le privil\u00e8ge est \u00e9tendu \u00e0 tous les humains. La d\u00e9mocratisation du statut d&rsquo;\u00eatre en image de Dieu implique que des personnes ordinaires, et non seulement des rois ou des pr\u00eatres, ont un r\u00f4le \u00e0 jouer dans l&rsquo;histoire.&nbsp;<\/p>\n\n\n\n<p>Ainsi, les g\u00e9n\u00e9alogies de la protohistoire biblique (Gn 5&nbsp;; 10) concernent des liens de filiation de personnes sans titre particulier, plut\u00f4t que des dynasties royales, comme c&rsquo;\u00e9tait le cas dans des textes parall\u00e8les du Proche-Orient ancien. Les exploits culturels ne sont pas pr\u00e9sent\u00e9s comme des dons divins, mais comme relevant de l\u2019action humaine&nbsp;: villes, musique, fonte du bronze et du fer, viticulture (Gn 4.17, 21-22&nbsp;; 9.20). L&rsquo;homme a le pouvoir d&rsquo;agir et de fa\u00e7onner son environnement. L&rsquo;histoire humaine se d\u00e9ploie&nbsp;<strong>dans le temps prolong\u00e9 de ce septi\u00e8me jour.<\/strong>&nbsp;Le repos sabbatique de Dieu souligne la responsabilit\u00e9 confi\u00e9e \u00e0 l&rsquo;homme (Gn 2.2-3).&nbsp;<\/p>\n\n\n\n<h3 class=\"wp-block-heading\">Le mal&nbsp;: trag\u00e9die ou choix&nbsp;?<\/h3>\n\n\n\n<p>Responsabilit\u00e9 dont l&rsquo;homme a affreusement abus\u00e9, en c\u00e9dant \u00e0 la voix du Tentateur&nbsp;: \u00ab&nbsp;Par la faute d&rsquo;un seul, la mort a r\u00e9gn\u00e9&nbsp;\u00bb (Rm 5.17). La Bible se distingue des autres visions du monde, en attribuant le malheur de notre situation au choix pos\u00e9 par l&rsquo;homme \u2013 et non \u00e0 une condition naturelle qu&rsquo;il subirait (mati\u00e8re mauvaise pour les gnostiques&nbsp;; imperfections du processus \u00e9volutionniste&nbsp;; la douleur qui caract\u00e9rise tout ce qui n&rsquo;a pas encore atteint le&nbsp;<em>nirv\u00e2na<\/em>, le non-\u00eatre bouddhiste&#8230;). La doctrine du p\u00e9ch\u00e9&nbsp;<em>originel<\/em>, c&rsquo;est-\u00e0-dire ayant pris son origine dans l&rsquo;histoire, ne se con\u00e7oit sans la libert\u00e9 confi\u00e9e \u00e0 l&rsquo;humanit\u00e9 par la cr\u00e9ation. Les hommes ne sont pas victimes de conditions tragiques qui rendaient in\u00e9vitable le mal. Et m\u00eame apr\u00e8s la r\u00e9volte initiale, ils ne sont pas livr\u00e9s \u00e0 un destin sur lequel ils n&rsquo;auraient pas de prise. Le salut ouvre un avenir que chacun est appel\u00e9 \u00e0 saisir, mais qu&rsquo;il peut aussi refuser (Gn 4.6-7&nbsp;; 5.22&nbsp;; 6.8&nbsp;; 12.1&nbsp;; Dt 30.15-20&nbsp;; etc.).<\/p>\n\n\n\n<h3 class=\"wp-block-heading\">Le monoth\u00e9isme \u00e9thique de la Bible<\/h3>\n\n\n\n<p>Cet accent sur le poids des choix humains dans l&rsquo;histoire va de pair avec le caract\u00e8re \u00e9thique de la religion biblique. Il nous est difficile de saisir l&rsquo;originalit\u00e9 de la r\u00e9v\u00e9lation biblique,&nbsp;&nbsp;<strong>tant&nbsp;<\/strong>il nous semble \u00e9vident que le bien est d\u00e9fini par rapport \u00e0 la volont\u00e9 de Dieu. M\u00eame l&rsquo;ath\u00e9e qui tient l&rsquo;existence de Dieu pour exclue \u00e0 cause du mal observ\u00e9 dans le monde raisonne dans le cadre du th\u00e9isme \u00e9thique&nbsp;: si Dieu existe, il doit \u00eatre bon et faire r\u00e9gner la bont\u00e9 dans le monde. Mais ce n&rsquo;est vrai que pour le Dieu biblique, parfaitement bon et suffisamment puissant pour assurer le r\u00e8gne de sa loi.&nbsp;<\/p>\n\n\n\n<p>Ni les dieux du Proche-Orient ancien, ni ceux du panth\u00e9on grec ou romain ne justifient un tel raisonnement. Dans la mesure o\u00f9 ils sont pl\u00e9thore, aucun ne peut imposer sa volont\u00e9. Souvent, ce que veut un dieu entre en conflit avec ce que veut un autre. Et leur comportement n&rsquo;est, la plupart du temps, gu\u00e8re exemplaire. Certes, l&rsquo;homme a des obligations envers les dieux, mais elles sont d&rsquo;abord d&rsquo;ordre cultuel ou magique. L&rsquo;adoration due aux dieux n&rsquo;englobe pas directement le comportement entre humains, contrairement \u00e0 ce qu&rsquo;\u00e9crit Jacques sur la \u00ab&nbsp;religion pure et sans tache&nbsp;\u00bb (Jc 1.27).<\/p>\n\n\n\n<p>Quant aux versions philosophiques du paganisme grec, si leur conception du divin est certes \u00e9pur\u00e9e, elle ne permet pas non plus de fonder une morale&nbsp;: \u00ab&nbsp;Absorb\u00e9 dans la contemplation de sa propre pens\u00e9e, le Premier Moteur immobile [d&rsquo;Aristote] ne l\u00e9gif\u00e8re pas pour r\u00e9gler la conduite des hommes&nbsp;; \u00e0 l&rsquo;homme de faire sa vie morale et d&rsquo;en recueillir les suites, Dieu n&rsquo;y est pas int\u00e9ress\u00e9&nbsp;\u00bb (\u00c9tienne&nbsp;Gilson,&nbsp;<em>L<\/em><em>\u2019<\/em><em>esprit<\/em><em>&nbsp;<\/em><em>de<\/em><em>&nbsp;<\/em><em>la<\/em><em>&nbsp;<\/em><em>philosophie<\/em><em>&nbsp;<\/em><em>m\u00e9di\u00e9vale<\/em>,&nbsp;1931-1932,&nbsp;ch.&nbsp;XVI).&nbsp;Ou pour le dire avec les mots de saint Bonaventure (1221 &#8211; 1274)&nbsp;: \u00ab&nbsp;Les philosophes grecs ne savaient pas que le p\u00e9ch\u00e9 est une offense \u00e0 la majest\u00e9 divine.&nbsp;\u00bb<\/p>\n\n\n\n<h3 class=\"wp-block-heading\">L&rsquo;homme \u2013 partenaire d&rsquo;alliance pour Dieu<\/h3>\n\n\n\n<p>La notion d&rsquo;alliance que Dieu conclut avec des hommes est centrale dans la Bible. Et aussi originale&nbsp;: aucune autre religion (m\u00eame pas l&rsquo;islam, pourtant issu du terreau biblique) ne s&rsquo;est construite sur l&rsquo;id\u00e9e que Dieu ferait alliance avec les hommes.<\/p>\n\n\n\n<p>Cette particularit\u00e9 biblique implique de nouveau un statut exalt\u00e9 de l&rsquo;homme. J\u00e9sus y trouve l&rsquo;argument d\u00e9cisif contre la n\u00e9gation de la r\u00e9surrection par les Sadduc\u00e9ens (Luc 20.37-38).&nbsp;Si le Dieu de la vie, a fait alliance avec des hommes, au point de devenir&nbsp;<em>leur&nbsp;<\/em>Dieu, il ne pourra tol\u00e9rer qu&rsquo;ils soient an\u00e9antis par la mort. Comme le remarque \u00c9tienne Gilson, membre de l&rsquo;Acad\u00e9mie fran\u00e7aise&nbsp;:<\/p>\n\n\n\n<blockquote class=\"wp-block-quote is-layout-flow wp-block-quote-is-layout-flow\"><p>Comme il ne d\u00e9pendait pas de nous d&rsquo;exister, il ne d\u00e9pend pas de nous de ne plus exister. Le d\u00e9cret divin nous a condamn\u00e9s \u00e0 l&rsquo;\u00eatre&nbsp;; faits par la cr\u00e9ation, refaits par la r\u00e9demption, et \u00e0 quel prix&nbsp;! nous n&rsquo;avons le choix qu&rsquo;entre une mis\u00e8re ou une b\u00e9atitude \u00e9galement \u00e9ternelles. Rien de plus r\u00e9sistant qu&rsquo;une individualit\u00e9 de ce genre, pr\u00e9vue, voulue, \u00e9lue par Dieu, indestructible comme le d\u00e9cret divin lui-m\u00eame qui l&rsquo;a fait na\u00eetre.&nbsp;(Gilson,<em>op.cit.<\/em>)<br \/><\/p><\/blockquote>\n","protected":false},"excerpt":{"rendered":"<p>Par Lydia Jaeger, Directrice des \u00e9tudes \u00e0 l&rsquo;Institut Biblique de Nogent-sur-Marne L&rsquo;homme cr\u00e9\u00e9 en image de Dieu La cr\u00e9ation de l&rsquo;homme en image de Dieu occupe une place cl\u00e9 dans le premier chapitre de la Gen\u00e8se (Gn 1.26-27).&nbsp;Dans l&rsquo;ancien Proche-Orient,&nbsp;il n&rsquo;est pas rare de rencontrer l&rsquo;id\u00e9e qu&rsquo;un roi, ou parfois un pr\u00eatre, est image d&rsquo;un [&hellip;]<\/p>\n","protected":false},"author":3,"featured_media":7129,"comment_status":"open","ping_status":"closed","sticky":false,"template":"","format":"standard","meta":{"_acf_changed":false,"_eb_attr":"","advgb_blocks_editor_width":"","advgb_blocks_columns_visual_guide":"","footnotes":""},"categories":[503],"tags":[298,511,651,173,512,513,514],"video":[],"audio":[],"ecrit":[],"mis-en-avant":[],"redacteur":[],"type-darticle":[],"class_list":["post-7179","post","type-post","status-publish","format-standard","has-post-thumbnail","hentry","category-les-religions-et-les-philosophies","tag-alliance","tag-atheisme","tag-ecrit","tag-ethique","tag-islam","tag-patheisme","tag-philosophie-grecque"],"blocksy_meta":[],"acf":[],"featured_image_src":"https:\/\/www.creusonslabible.fr\/wp-content\/uploads\/2019\/11\/religions-1.jpg","author_info":{"display_name":"Yoh","author_link":"https:\/\/www.creusonslabible.fr\/?author=3"},"author_meta":{"display_name":"Yoh","author_link":"https:\/\/www.creusonslabible.fr\/?author=3"},"featured_img":"https:\/\/www.creusonslabible.fr\/wp-content\/uploads\/2019\/11\/religions-1-300x76.jpg","coauthors":[],"tax_additional":{"categories":{"linked":["<a href=\"https:\/\/www.creusonslabible.fr\/?cat=503\" class=\"advgb-post-tax-term\">Les religions et les philosophies<\/a>"],"unlinked":["<span class=\"advgb-post-tax-term\">Les religions et les philosophies<\/span>"]},"tags":{"linked":["<a href=\"https:\/\/www.creusonslabible.fr\/?cat=503\" class=\"advgb-post-tax-term\">alliance<\/a>","<a href=\"https:\/\/www.creusonslabible.fr\/?cat=503\" class=\"advgb-post-tax-term\">ath\u00e9isme<\/a>","<a href=\"https:\/\/www.creusonslabible.fr\/?cat=503\" class=\"advgb-post-tax-term\">\u00e9crit<\/a>","<a href=\"https:\/\/www.creusonslabible.fr\/?cat=503\" class=\"advgb-post-tax-term\">\u00e9thique<\/a>","<a href=\"https:\/\/www.creusonslabible.fr\/?cat=503\" class=\"advgb-post-tax-term\">islam<\/a>","<a href=\"https:\/\/www.creusonslabible.fr\/?cat=503\" class=\"advgb-post-tax-term\">path\u00e9isme<\/a>","<a href=\"https:\/\/www.creusonslabible.fr\/?cat=503\" class=\"advgb-post-tax-term\">philosophie grecque<\/a>"],"unlinked":["<span class=\"advgb-post-tax-term\">alliance<\/span>","<span class=\"advgb-post-tax-term\">ath\u00e9isme<\/span>","<span class=\"advgb-post-tax-term\">\u00e9crit<\/span>","<span class=\"advgb-post-tax-term\">\u00e9thique<\/span>","<span class=\"advgb-post-tax-term\">islam<\/span>","<span class=\"advgb-post-tax-term\">path\u00e9isme<\/span>","<span class=\"advgb-post-tax-term\">philosophie grecque<\/span>"]}},"comment_count":"0","relative_dates":{"created":"Publi\u00e9 6 ans il y a","modified":"Mis \u00e0 jour 1 an il y a"},"absolute_dates":{"created":"Publi\u00e9 le 20 d\u00e9cembre 2019","modified":"Mise \u00e0 jour le 23 janvier 2025"},"absolute_dates_time":{"created":"Publi\u00e9 le 20 d\u00e9cembre 2019 12h14","modified":"Mise \u00e0 jour le 23 janvier 2025 11h29"},"featured_img_caption":"<a href=\"https:\/\/fr.freepik.com\/photos-vecteurs-libre\/technologie\">Technologie vecteur cr\u00e9\u00e9 par macrovector - fr.freepik.com<\/a>","series_order":"","meta_box":[],"_links":{"self":[{"href":"https:\/\/www.creusonslabible.fr\/index.php?rest_route=\/wp\/v2\/posts\/7179","targetHints":{"allow":["GET"]}}],"collection":[{"href":"https:\/\/www.creusonslabible.fr\/index.php?rest_route=\/wp\/v2\/posts"}],"about":[{"href":"https:\/\/www.creusonslabible.fr\/index.php?rest_route=\/wp\/v2\/types\/post"}],"author":[{"embeddable":true,"href":"https:\/\/www.creusonslabible.fr\/index.php?rest_route=\/wp\/v2\/users\/3"}],"replies":[{"embeddable":true,"href":"https:\/\/www.creusonslabible.fr\/index.php?rest_route=%2Fwp%2Fv2%2Fcomments&post=7179"}],"version-history":[{"count":1,"href":"https:\/\/www.creusonslabible.fr\/index.php?rest_route=\/wp\/v2\/posts\/7179\/revisions"}],"predecessor-version":[{"id":10313,"href":"https:\/\/www.creusonslabible.fr\/index.php?rest_route=\/wp\/v2\/posts\/7179\/revisions\/10313"}],"wp:featuredmedia":[{"embeddable":true,"href":"https:\/\/www.creusonslabible.fr\/index.php?rest_route=\/wp\/v2\/media\/7129"}],"wp:attachment":[{"href":"https:\/\/www.creusonslabible.fr\/index.php?rest_route=%2Fwp%2Fv2%2Fmedia&parent=7179"}],"wp:term":[{"taxonomy":"category","embeddable":true,"href":"https:\/\/www.creusonslabible.fr\/index.php?rest_route=%2Fwp%2Fv2%2Fcategories&post=7179"},{"taxonomy":"post_tag","embeddable":true,"href":"https:\/\/www.creusonslabible.fr\/index.php?rest_route=%2Fwp%2Fv2%2Ftags&post=7179"},{"taxonomy":"video","embeddable":true,"href":"https:\/\/www.creusonslabible.fr\/index.php?rest_route=%2Fwp%2Fv2%2Fvideo&post=7179"},{"taxonomy":"audio","embeddable":true,"href":"https:\/\/www.creusonslabible.fr\/index.php?rest_route=%2Fwp%2Fv2%2Faudio&post=7179"},{"taxonomy":"ecrit","embeddable":true,"href":"https:\/\/www.creusonslabible.fr\/index.php?rest_route=%2Fwp%2Fv2%2Fecrit&post=7179"},{"taxonomy":"mis-en-avant","embeddable":true,"href":"https:\/\/www.creusonslabible.fr\/index.php?rest_route=%2Fwp%2Fv2%2Fmis-en-avant&post=7179"},{"taxonomy":"redacteur","embeddable":true,"href":"https:\/\/www.creusonslabible.fr\/index.php?rest_route=%2Fwp%2Fv2%2Fredacteur&post=7179"},{"taxonomy":"type-darticle","embeddable":true,"href":"https:\/\/www.creusonslabible.fr\/index.php?rest_route=%2Fwp%2Fv2%2Ftype-darticle&post=7179"}],"curies":[{"name":"wp","href":"https:\/\/api.w.org\/{rel}","templated":true}]}}