{"id":7190,"date":"2020-01-09T13:14:00","date_gmt":"2020-01-09T11:14:00","guid":{"rendered":"http:\/\/www.creusonslabible.fr\/?p=7190"},"modified":"2025-01-23T11:16:15","modified_gmt":"2025-01-23T09:16:15","slug":"intro-audio-a-levangile-de-matthieu","status":"publish","type":"post","link":"https:\/\/www.creusonslabible.fr\/?p=7190","title":{"rendered":"Intro audio \u00e0 l&rsquo;\u00e9vangile de Matthieu"},"content":{"rendered":"\n<h3 class=\"wp-block-heading\">Vous voulez en savoir plus sur le premier \u00e9vangile ? \u00c9coutez cette s\u00e9rie de cours donn\u00e9s par le professeur Jacques Buchhold dans le cadre de l&rsquo;<a href=\"http:\/\/flte.fr\/se-former\/formations\/a-la-carte\/universites-dete\/\">Universit\u00e9 d&rsquo;\u00e9t\u00e9 de la Facult\u00e9 Libre de Th\u00e9ologie \u00c9vang\u00e9lique de Vaux sur Seine<\/a> (d\u00e9but des ann\u00e9es 2000).<\/h3>\n\n\n\n<h4 class=\"wp-block-heading\">1er cours \u00e9vangile de Matthieu<\/h4>\n\n\n\n<figure class=\"wp-block-audio\"><audio controls src=\"http:\/\/elearning.gbu.fr\/audio\/Numerisation_K7_le_retour\/Buchhold%20Matthieu%201.mp3\"><\/audio><figcaption><br \/><a href=\"http:\/\/elearning.gbu.fr\/audio\/Numerisation_K7_le_retour\/Buchhold%20Matthieu%201.mp3\">Pour t\u00e9l\u00e9charger : clic droit &#8211; \u00ab\u00a0enregistrer sous\u00a0\u00bb<\/a><\/figcaption><\/figure>\n\n\n\n<h4 class=\"wp-block-heading\">2nd cours \u00e9vangile de Matthieu<\/h4>\n\n\n\n<figure class=\"wp-block-audio\"><audio controls src=\"http:\/\/elearning.gbu.fr\/audio\/Numerisation_K7_le_retour\/Buchhold%20Matthieu%202.mp3\"><\/audio><figcaption><a href=\"http:\/\/elearning.gbu.fr\/audio\/Numerisation_K7_le_retour\/Buchhold%20Matthieu%202.mp3\">Pour t\u00e9l\u00e9charger : clic droit &#8211; \u00ab\u00a0enregistrer sous\u00a0\u00bb<\/a><\/figcaption><\/figure>\n\n\n\n<h4 class=\"wp-block-heading\">3\u00e8me cours \u00e9vangile de Matthieu<\/h4>\n\n\n\n<figure class=\"wp-block-audio\"><audio controls src=\"http:\/\/elearning.gbu.fr\/audio\/Numerisation_K7_le_retour\/Buchhold%20Matthieu%203.mp3\"><\/audio><figcaption><a href=\"http:\/\/elearning.gbu.fr\/audio\/Numerisation_K7_le_retour\/Buchhold%20Matthieu%203.mp3\">Pour t\u00e9l\u00e9charger : clic droit &#8211; \u00ab\u00a0enregistrer sous\u00a0\u00bb<\/a><\/figcaption><\/figure>\n\n\n\n<h4 class=\"wp-block-heading\">4\u00e8me cours \u00e9vangile de Matthieu<\/h4>\n\n\n\n<figure class=\"wp-block-audio\"><audio controls src=\"http:\/\/elearning.gbu.fr\/audio\/Numerisation_K7_le_retour\/Buchhold%20Matthieu%204.mp3\"><\/audio><figcaption><a href=\"http:\/\/elearning.gbu.fr\/audio\/Numerisation_K7_le_retour\/Buchhold%20Matthieu%204.mp3\">Pour t\u00e9l\u00e9charger : clic droit &#8211; \u00ab\u00a0enregistrer sous\u00a0\u00bb<\/a><\/figcaption><\/figure>\n\n\n\n<h4 class=\"wp-block-heading\">5\u00e8me cours \u00e9vangile de Matthieu<\/h4>\n\n\n\n<figure class=\"wp-block-audio\"><audio controls src=\"http:\/\/elearning.gbu.fr\/audio\/Numerisation_K7_le_retour\/Buchhold%20Matthieu%205.mp3\"><\/audio><figcaption><a href=\"http:\/\/elearning.gbu.fr\/audio\/Numerisation_K7_le_retour\/Buchhold%20Matthieu%205.mp3\">Pour t\u00e9l\u00e9charger : clic droit &#8211; \u00ab\u00a0enregistrer sous\u00a0\u00bb<\/a><\/figcaption><\/figure>\n\n\n\n<p><\/p>\n","protected":false},"excerpt":{"rendered":"<p>Vous voulez en savoir plus sur le premier \u00e9vangile ? \u00c9coutez cette s\u00e9rie de cours donn\u00e9s par le professeur Jacques Buchhold dans le cadre de l&rsquo;Universit\u00e9 d&rsquo;\u00e9t\u00e9 de la Facult\u00e9 Libre de Th\u00e9ologie \u00c9vang\u00e9lique de Vaux sur Seine (d\u00e9but des ann\u00e9es 2000). 1er cours \u00e9vangile de Matthieu 2nd cours \u00e9vangile de Matthieu 3\u00e8me cours \u00e9vangile [&hellip;]<\/p>\n","protected":false},"author":3,"featured_media":7195,"comment_status":"open","ping_status":"closed","sticky":false,"template":"","format":"standard","meta":{"_acf_changed":false,"_eb_attr":"","advgb_blocks_editor_width":"","advgb_blocks_columns_visual_guide":"","footnotes":""},"categories":[90],"tags":[657,419,520],"video":[],"audio":[],"ecrit":[],"mis-en-avant":[],"redacteur":[],"type-darticle":[],"class_list":["post-7190","post","type-post","status-publish","format-standard","has-post-thumbnail","hentry","category-introduction-aux-livres-bibliques","tag-audio","tag-buchhold","tag-evangile-matthieu"],"blocksy_meta":[],"acf":[],"featured_image_src":"https:\/\/www.creusonslabible.fr\/wp-content\/uploads\/2020\/01\/ben-white-W8Qqn1PmQH0-unsplash-scaled-2.jpg","author_info":{"display_name":"Yoh","author_link":"https:\/\/www.creusonslabible.fr\/?author=3"},"author_meta":{"display_name":"Yoh","author_link":"https:\/\/www.creusonslabible.fr\/?author=3"},"featured_img":"https:\/\/www.creusonslabible.fr\/wp-content\/uploads\/2020\/01\/ben-white-W8Qqn1PmQH0-unsplash-scaled-2-300x199.jpg","coauthors":[],"tax_additional":{"categories":{"linked":["<a href=\"https:\/\/www.creusonslabible.fr\/?cat=90\" class=\"advgb-post-tax-term\">Introduction aux livres Bibliques<\/a>"],"unlinked":["<span class=\"advgb-post-tax-term\">Introduction aux livres Bibliques<\/span>"]},"tags":{"linked":["<a href=\"https:\/\/www.creusonslabible.fr\/?cat=90\" class=\"advgb-post-tax-term\">audio<\/a>","<a href=\"https:\/\/www.creusonslabible.fr\/?cat=90\" class=\"advgb-post-tax-term\">Buchhold<\/a>","<a href=\"https:\/\/www.creusonslabible.fr\/?cat=90\" class=\"advgb-post-tax-term\">\u00e9vangile matthieu<\/a>"],"unlinked":["<span class=\"advgb-post-tax-term\">audio<\/span>","<span class=\"advgb-post-tax-term\">Buchhold<\/span>","<span class=\"advgb-post-tax-term\">\u00e9vangile matthieu<\/span>"]}},"comment_count":"0","relative_dates":{"created":"Publi\u00e9 6 ans il y a","modified":"Mis \u00e0 jour 1 an il y a"},"absolute_dates":{"created":"Publi\u00e9 le 9 janvier 2020","modified":"Mise \u00e0 jour le 23 janvier 2025"},"absolute_dates_time":{"created":"Publi\u00e9 le 9 janvier 2020 13h14","modified":"Mise \u00e0 jour le 23 janvier 2025 11h16"},"featured_img_caption":"","series_order":"","meta_box":[],"_links":{"self":[{"href":"https:\/\/www.creusonslabible.fr\/index.php?rest_route=\/wp\/v2\/posts\/7190","targetHints":{"allow":["GET"]}}],"collection":[{"href":"https:\/\/www.creusonslabible.fr\/index.php?rest_route=\/wp\/v2\/posts"}],"about":[{"href":"https:\/\/www.creusonslabible.fr\/index.php?rest_route=\/wp\/v2\/types\/post"}],"author":[{"embeddable":true,"href":"https:\/\/www.creusonslabible.fr\/index.php?rest_route=\/wp\/v2\/users\/3"}],"replies":[{"embeddable":true,"href":"https:\/\/www.creusonslabible.fr\/index.php?rest_route=%2Fwp%2Fv2%2Fcomments&post=7190"}],"version-history":[{"count":1,"href":"https:\/\/www.creusonslabible.fr\/index.php?rest_route=\/wp\/v2\/posts\/7190\/revisions"}],"predecessor-version":[{"id":10202,"href":"https:\/\/www.creusonslabible.fr\/index.php?rest_route=\/wp\/v2\/posts\/7190\/revisions\/10202"}],"wp:featuredmedia":[{"embeddable":true,"href":"https:\/\/www.creusonslabible.fr\/index.php?rest_route=\/wp\/v2\/media\/7195"}],"wp:attachment":[{"href":"https:\/\/www.creusonslabible.fr\/index.php?rest_route=%2Fwp%2Fv2%2Fmedia&parent=7190"}],"wp:term":[{"taxonomy":"category","embeddable":true,"href":"https:\/\/www.creusonslabible.fr\/index.php?rest_route=%2Fwp%2Fv2%2Fcategories&post=7190"},{"taxonomy":"post_tag","embeddable":true,"href":"https:\/\/www.creusonslabible.fr\/index.php?rest_route=%2Fwp%2Fv2%2Ftags&post=7190"},{"taxonomy":"video","embeddable":true,"href":"https:\/\/www.creusonslabible.fr\/index.php?rest_route=%2Fwp%2Fv2%2Fvideo&post=7190"},{"taxonomy":"audio","embeddable":true,"href":"https:\/\/www.creusonslabible.fr\/index.php?rest_route=%2Fwp%2Fv2%2Faudio&post=7190"},{"taxonomy":"ecrit","embeddable":true,"href":"https:\/\/www.creusonslabible.fr\/index.php?rest_route=%2Fwp%2Fv2%2Fecrit&post=7190"},{"taxonomy":"mis-en-avant","embeddable":true,"href":"https:\/\/www.creusonslabible.fr\/index.php?rest_route=%2Fwp%2Fv2%2Fmis-en-avant&post=7190"},{"taxonomy":"redacteur","embeddable":true,"href":"https:\/\/www.creusonslabible.fr\/index.php?rest_route=%2Fwp%2Fv2%2Fredacteur&post=7190"},{"taxonomy":"type-darticle","embeddable":true,"href":"https:\/\/www.creusonslabible.fr\/index.php?rest_route=%2Fwp%2Fv2%2Ftype-darticle&post=7190"}],"curies":[{"name":"wp","href":"https:\/\/api.w.org\/{rel}","templated":true}]}}