{"id":7237,"date":"2020-02-18T17:00:00","date_gmt":"2020-02-18T15:00:00","guid":{"rendered":"http:\/\/www.creusonslabible.fr\/?p=7237"},"modified":"2025-01-23T11:18:37","modified_gmt":"2025-01-23T09:18:37","slug":"1-roi-5-15-26-dieu-demenage-1-2-2","status":"publish","type":"post","link":"https:\/\/www.creusonslabible.fr\/?p=7237","title":{"rendered":"1 Rois 8.1-13 : Dieu d\u00e9m\u00e9nage (3)"},"content":{"rendered":"\n<p style=\"font-size:25px\"><strong>D\u00c9M\u00c9NAGEMENT<\/strong><\/p>\n\n\n\n<blockquote class=\"wp-block-quote is-layout-flow wp-block-quote-is-layout-flow\"><p><a href=\"file:\/\/\/var\/folders\/l1\/f43k7wyx4vg1cb5mcn4jx4d80000gn\/T\/bibliauniversalis2\/**8.1\">8\u00a0<\/a>Alors le roi Salomon rassembla aupr\u00e8s de lui, \u00e0 J\u00e9rusalem, les anciens d&rsquo;Isra\u00ebl et tous les chefs des tribus, les princes des familles des Isra\u00e9lites, pour faire monter de la Ville de David, c&rsquo;est-\u00e0-dire Sion, le coffre de l&rsquo;alliance du SEIGNEUR.\u00a0<\/p><\/blockquote>\n\n\n\n<blockquote class=\"wp-block-quote is-layout-flow wp-block-quote-is-layout-flow\"><p><a href=\"file:\/\/\/var\/folders\/l1\/f43k7wyx4vg1cb5mcn4jx4d80000gn\/T\/bibliauniversalis2\/**8.2\">2\u00a0<\/a>Tous les hommes d&rsquo;Isra\u00ebl se rassembl\u00e8rent aupr\u00e8s du roi Salomon, au mois d&rsquo;Etanim, pour la f\u00eate \u2013 c&rsquo;\u00e9tait le septi\u00e8me mois.\u00a0<\/p><\/blockquote>\n\n\n\n<blockquote class=\"wp-block-quote is-layout-flow wp-block-quote-is-layout-flow\"><p><a href=\"file:\/\/\/var\/folders\/l1\/f43k7wyx4vg1cb5mcn4jx4d80000gn\/T\/bibliauniversalis2\/**8.3\">3\u00a0<\/a>Tous les anciens d&rsquo;Isra\u00ebl arriv\u00e8rent, et les pr\u00eatres port\u00e8rent le Coffre.\u00a0<a href=\"file:\/\/\/var\/folders\/l1\/f43k7wyx4vg1cb5mcn4jx4d80000gn\/T\/bibliauniversalis2\/**8.4\">4\u00a0<\/a>Ils firent monter le coffre du SEIGNEUR, la tente de la Rencontre et tous les ustensiles sacr\u00e9s qui \u00e9taient dans la tente\u00a0: ce sont les pr\u00eatres et les l\u00e9vites qui les firent monter.\u00a0<a href=\"file:\/\/\/var\/folders\/l1\/f43k7wyx4vg1cb5mcn4jx4d80000gn\/T\/bibliauniversalis2\/**8.5\">5\u00a0<\/a>Le roi Salomon et toute la communaut\u00e9 d&rsquo;Isra\u00ebl rassembl\u00e9e aupr\u00e8s de lui, avec lui devant le Coffre, sacrifiaient du petit b\u00e9tail et du gros b\u00e9tail, en si grand nombre qu&rsquo;on ne pouvait ni le compter ni l&rsquo;\u00e9valuer.\u00a0<a href=\"file:\/\/\/var\/folders\/l1\/f43k7wyx4vg1cb5mcn4jx4d80000gn\/T\/bibliauniversalis2\/**8.6\">6\u00a0<\/a>Les pr\u00eatres amen\u00e8rent le coffre de l&rsquo;alliance du SEIGNEUR en son lieu, dans le Secret de la Maison, dans le Tr\u00e8s-Sacr\u00e9, sous les ailes des keroubim.\u00a0<a href=\"file:\/\/\/var\/folders\/l1\/f43k7wyx4vg1cb5mcn4jx4d80000gn\/T\/bibliauniversalis2\/**8.7\">7\u00a0<\/a>Car les keroubim \u00e9tendaient les ailes au-dessus du lieu du Coffre. Les keroubim couvraient le Coffre et ses barres par-dessus.\u00a0<a href=\"file:\/\/\/var\/folders\/l1\/f43k7wyx4vg1cb5mcn4jx4d80000gn\/T\/bibliauniversalis2\/**8.8\">8\u00a0<\/a>Les barres \u00e9taient d&rsquo;une longueur telle que leurs extr\u00e9mit\u00e9s se voyaient depuis le sanctuaire, devant le Secret, mais on ne les voyait pas du dehors. Elles sont rest\u00e9es l\u00e0 jusqu&rsquo;\u00e0 ce jour.\u00a0<a href=\"file:\/\/\/var\/folders\/l1\/f43k7wyx4vg1cb5mcn4jx4d80000gn\/T\/bibliauniversalis2\/**8.9\">9\u00a0<\/a>Il n&rsquo;y avait rien dans le Coffre, sinon les deux tablettes de pierre que Mo\u00efse y avait d\u00e9pos\u00e9es, \u00e0 l&rsquo;Horeb, quand le SEIGNEUR avait conclu une alliance avec les Isra\u00e9lites, lorsqu&rsquo;ils \u00e9taient sortis d&rsquo;Egypte.\u00a0<\/p><\/blockquote>\n\n\n\n<blockquote class=\"wp-block-quote is-layout-flow wp-block-quote-is-layout-flow\"><p><a href=\"file:\/\/\/var\/folders\/l1\/f43k7wyx4vg1cb5mcn4jx4d80000gn\/T\/bibliauniversalis2\/**8.10\">10\u00a0<\/a>Au moment o\u00f9 les pr\u00eatres sortaient du sanctuaire, la nu\u00e9e remplit la maison du SEIGNEUR.\u00a0<a href=\"file:\/\/\/var\/folders\/l1\/f43k7wyx4vg1cb5mcn4jx4d80000gn\/T\/bibliauniversalis2\/**8.11\">11\u00a0<\/a>Les pr\u00eatres ne pouvaient plus se tenir l\u00e0 pour officier, \u00e0 cause de la nu\u00e9e\u00a0; car la gloire du SEIGNEUR remplissait la maison du SEIGNEUR.\u00a0<\/p><\/blockquote>\n\n\n\n<blockquote class=\"wp-block-quote is-layout-flow wp-block-quote-is-layout-flow\"><p><a href=\"file:\/\/\/var\/folders\/l1\/f43k7wyx4vg1cb5mcn4jx4d80000gn\/T\/bibliauniversalis2\/**8.12\">12\u00a0<\/a>Alors Salomon dit\u00a0:<\/p><\/blockquote>\n\n\n\n<blockquote class=\"wp-block-quote is-layout-flow wp-block-quote-is-layout-flow\"><p>Le SEIGNEUR a dit qu&rsquo;il demeurerait dans l&rsquo;obscurit\u00e9 \u00e9paisse&nbsp;!<\/p><\/blockquote>\n\n\n\n<blockquote class=\"wp-block-quote is-layout-flow wp-block-quote-is-layout-flow\"><p><a href=\"file:\/\/\/var\/folders\/l1\/f43k7wyx4vg1cb5mcn4jx4d80000gn\/T\/bibliauniversalis2\/**8.13\">13&nbsp;<\/a>Ainsi j&rsquo;ai b\u00e2ti une maison qui sera ta r\u00e9sidence,&nbsp;<br \/>un lieu o\u00f9 tu habiteras toujours&nbsp;!<\/p><\/blockquote>\n\n\n\n<p><strong>P\u00e8lerinage novateur&nbsp;<\/strong><\/p>\n\n\n\n<p>Salomon choisit la f\u00eate des cabanes pour le transport de l&rsquo;Arche du vieux tabernacle jusqu&rsquo;au nouveau temple (2). Comme \u00e7a, tous les chefs sont pr\u00e9sents pour assister \u00e0 l&rsquo;\u00e9v\u00e9nement et offrir les premiers sacrifices dans la nouvelle demeure de l&rsquo;\u00c9ternel (5).<\/p>\n\n\n\n<p><strong>Rien ne change<\/strong><\/p>\n\n\n\n<p>L&rsquo;auteur du livre veut montrer que m\u00eame si Salomon change l&rsquo;environnement de l&rsquo;Arche, toutes les prescriptions laiss\u00e9es par Mo\u00efse sont respect\u00e9es. Pour cela il insiste sur des barres destin\u00e9es \u00e0 porter le coffre qui sont laiss\u00e9es en place&#8230; alors que celui-ci ne bougera plus pendant longtemps !<\/p>\n\n\n\n<p><strong>Arriv\u00e9e royale<\/strong><\/p>\n\n\n\n<p>Comme en Exode 40.34 apr\u00e8s l&rsquo;ach\u00e8vement du tabernacle de Mo\u00efse, la nu\u00e9e symbolisant la pr\u00e9sence de l&rsquo;\u00c9ternel envahit le temple (10-11). C&rsquo;est la preuve que Dieu adh\u00e8re \u00e0 sa construction.<\/p>\n\n\n\n<p>&#8211;&gt; Les chr\u00e9tiens sont le temple du St Esprit alors plus besoin de temple ! Depuis 70, date \u00e0 laquelle les romains ont d\u00e9truit celui d&rsquo;H\u00e9rode, Dieu manifeste sa pr\u00e9sence dans les communaut\u00e9s qui adorent J\u00e9sus en Esprit et en V\u00e9rit\u00e9.<br \/><\/p>\n\n\n\n<p><\/p>\n\n\n\n<p><\/p>\n","protected":false},"excerpt":{"rendered":"<p>D\u00c9M\u00c9NAGEMENT 8\u00a0Alors le roi Salomon rassembla aupr\u00e8s de lui, \u00e0 J\u00e9rusalem, les anciens d&rsquo;Isra\u00ebl et tous les chefs des tribus, les princes des familles des Isra\u00e9lites, pour faire monter de la Ville de David, c&rsquo;est-\u00e0-dire Sion, le coffre de l&rsquo;alliance du SEIGNEUR.\u00a0 2\u00a0Tous les hommes d&rsquo;Isra\u00ebl se rassembl\u00e8rent aupr\u00e8s du roi Salomon, au mois d&rsquo;Etanim, [&hellip;]<\/p>\n","protected":false},"author":3,"featured_media":7232,"comment_status":"open","ping_status":"closed","sticky":false,"template":"","format":"standard","meta":{"_acf_changed":false,"_eb_attr":"","advgb_blocks_editor_width":"","advgb_blocks_columns_visual_guide":"","footnotes":""},"categories":[16],"tags":[651,522,523],"video":[],"audio":[],"ecrit":[],"mis-en-avant":[],"redacteur":[],"type-darticle":[],"class_list":["post-7237","post","type-post","status-publish","format-standard","has-post-thumbnail","hentry","category-meditations-bibliques","tag-ecrit","tag-salomon","tag-temple"],"blocksy_meta":[],"acf":[],"featured_image_src":"https:\/\/www.creusonslabible.fr\/wp-content\/uploads\/2020\/02\/interior-801955_640-1.jpg","author_info":{"display_name":"Yoh","author_link":"https:\/\/www.creusonslabible.fr\/?author=3"},"author_meta":{"display_name":"Yoh","author_link":"https:\/\/www.creusonslabible.fr\/?author=3"},"featured_img":"https:\/\/www.creusonslabible.fr\/wp-content\/uploads\/2020\/02\/interior-801955_640-1-300x200.jpg","coauthors":[],"tax_additional":{"categories":{"linked":["<a href=\"https:\/\/www.creusonslabible.fr\/?cat=16\" class=\"advgb-post-tax-term\">M\u00e9ditations bibliques<\/a>"],"unlinked":["<span class=\"advgb-post-tax-term\">M\u00e9ditations bibliques<\/span>"]},"tags":{"linked":["<a href=\"https:\/\/www.creusonslabible.fr\/?cat=16\" class=\"advgb-post-tax-term\">\u00e9crit<\/a>","<a href=\"https:\/\/www.creusonslabible.fr\/?cat=16\" class=\"advgb-post-tax-term\">Salomon<\/a>","<a href=\"https:\/\/www.creusonslabible.fr\/?cat=16\" class=\"advgb-post-tax-term\">Temple<\/a>"],"unlinked":["<span class=\"advgb-post-tax-term\">\u00e9crit<\/span>","<span class=\"advgb-post-tax-term\">Salomon<\/span>","<span class=\"advgb-post-tax-term\">Temple<\/span>"]}},"comment_count":"0","relative_dates":{"created":"Publi\u00e9 6 ans il y a","modified":"Mis \u00e0 jour 1 an il y a"},"absolute_dates":{"created":"Publi\u00e9 le 18 f\u00e9vrier 2020","modified":"Mise \u00e0 jour le 23 janvier 2025"},"absolute_dates_time":{"created":"Publi\u00e9 le 18 f\u00e9vrier 2020 17h00","modified":"Mise \u00e0 jour le 23 janvier 2025 11h18"},"featured_img_caption":"","series_order":"","meta_box":[],"_links":{"self":[{"href":"https:\/\/www.creusonslabible.fr\/index.php?rest_route=\/wp\/v2\/posts\/7237","targetHints":{"allow":["GET"]}}],"collection":[{"href":"https:\/\/www.creusonslabible.fr\/index.php?rest_route=\/wp\/v2\/posts"}],"about":[{"href":"https:\/\/www.creusonslabible.fr\/index.php?rest_route=\/wp\/v2\/types\/post"}],"author":[{"embeddable":true,"href":"https:\/\/www.creusonslabible.fr\/index.php?rest_route=\/wp\/v2\/users\/3"}],"replies":[{"embeddable":true,"href":"https:\/\/www.creusonslabible.fr\/index.php?rest_route=%2Fwp%2Fv2%2Fcomments&post=7237"}],"version-history":[{"count":1,"href":"https:\/\/www.creusonslabible.fr\/index.php?rest_route=\/wp\/v2\/posts\/7237\/revisions"}],"predecessor-version":[{"id":10259,"href":"https:\/\/www.creusonslabible.fr\/index.php?rest_route=\/wp\/v2\/posts\/7237\/revisions\/10259"}],"wp:featuredmedia":[{"embeddable":true,"href":"https:\/\/www.creusonslabible.fr\/index.php?rest_route=\/wp\/v2\/media\/7232"}],"wp:attachment":[{"href":"https:\/\/www.creusonslabible.fr\/index.php?rest_route=%2Fwp%2Fv2%2Fmedia&parent=7237"}],"wp:term":[{"taxonomy":"category","embeddable":true,"href":"https:\/\/www.creusonslabible.fr\/index.php?rest_route=%2Fwp%2Fv2%2Fcategories&post=7237"},{"taxonomy":"post_tag","embeddable":true,"href":"https:\/\/www.creusonslabible.fr\/index.php?rest_route=%2Fwp%2Fv2%2Ftags&post=7237"},{"taxonomy":"video","embeddable":true,"href":"https:\/\/www.creusonslabible.fr\/index.php?rest_route=%2Fwp%2Fv2%2Fvideo&post=7237"},{"taxonomy":"audio","embeddable":true,"href":"https:\/\/www.creusonslabible.fr\/index.php?rest_route=%2Fwp%2Fv2%2Faudio&post=7237"},{"taxonomy":"ecrit","embeddable":true,"href":"https:\/\/www.creusonslabible.fr\/index.php?rest_route=%2Fwp%2Fv2%2Fecrit&post=7237"},{"taxonomy":"mis-en-avant","embeddable":true,"href":"https:\/\/www.creusonslabible.fr\/index.php?rest_route=%2Fwp%2Fv2%2Fmis-en-avant&post=7237"},{"taxonomy":"redacteur","embeddable":true,"href":"https:\/\/www.creusonslabible.fr\/index.php?rest_route=%2Fwp%2Fv2%2Fredacteur&post=7237"},{"taxonomy":"type-darticle","embeddable":true,"href":"https:\/\/www.creusonslabible.fr\/index.php?rest_route=%2Fwp%2Fv2%2Ftype-darticle&post=7237"}],"curies":[{"name":"wp","href":"https:\/\/api.w.org\/{rel}","templated":true}]}}