{"id":7332,"date":"2020-03-18T17:05:26","date_gmt":"2020-03-18T15:05:26","guid":{"rendered":"http:\/\/www.creusonslabible.fr\/?p=7332"},"modified":"2025-01-23T11:18:36","modified_gmt":"2025-01-23T09:18:36","slug":"matthieu-11-1-6-ecouter-le-seigneur-1","status":"publish","type":"post","link":"https:\/\/www.creusonslabible.fr\/?p=7332","title":{"rendered":"Matthieu 11.1-6 : \u00c9couter le Seigneur (1)"},"content":{"rendered":"\n<h4 class=\"wp-block-heading\">HISTOIRE D&rsquo;\u00caTRE S\u00dbR !<\/h4>\n\n\n\n<p><\/p>\n\n\n\n<blockquote class=\"wp-block-quote is-layout-flow wp-block-quote-is-layout-flow\"><p><a href=\"file:\/\/\/var\/folders\/l1\/f43k7wyx4vg1cb5mcn4jx4d80000gn\/T\/bibliauniversalis2\/**11.1\">11.1\u00a0<\/a>Lorsque J\u00e9sus eut achev\u00e9 de donner ses ordres \u00e0 ses douze disciples, il partit de l\u00e0 pour enseigner et proclamer le message dans leurs villes.<\/p><\/blockquote>\n\n\n\n<blockquote class=\"wp-block-quote is-layout-flow wp-block-quote-is-layout-flow\"><p><a href=\"file:\/\/\/var\/folders\/l1\/f43k7wyx4vg1cb5mcn4jx4d80000gn\/T\/bibliauniversalis2\/**11.2\">2\u00a0<\/a>Or Jean, dans sa prison, avait entendu parler des oeuvres du Christ. Il envoya ses disciples\u00a0<a href=\"file:\/\/\/var\/folders\/l1\/f43k7wyx4vg1cb5mcn4jx4d80000gn\/T\/bibliauniversalis2\/**11.3\">3\u00a0<\/a>lui demander\u00a0: Est-ce toi, celui qui vient, ou devons-nous en attendre un autre\u00a0?\u00a0<a href=\"file:\/\/\/var\/folders\/l1\/f43k7wyx4vg1cb5mcn4jx4d80000gn\/T\/bibliauniversalis2\/**11.4\">4\u00a0<\/a>J\u00e9sus leur r\u00e9pondit\u00a0: Allez raconter \u00e0 Jean ce que vous entendez et voyez\u00a0:\u00a0<a href=\"file:\/\/\/var\/folders\/l1\/f43k7wyx4vg1cb5mcn4jx4d80000gn\/T\/bibliauniversalis2\/**11.5\">5\u00a0<\/a><em>Les aveugles retrouvent la vue,<\/em>\u00a0les infirmes marchent, les l\u00e9preux sont purifi\u00e9s,\u00a0<em>les sourds entendent, les morts se r\u00e9veillent<\/em>\u00a0et la bonne nouvelle est annonc\u00e9e aux pauvres.\u00a0<a href=\"file:\/\/\/var\/folders\/l1\/f43k7wyx4vg1cb5mcn4jx4d80000gn\/T\/bibliauniversalis2\/**11.6\">6\u00a0<\/a>Heureux celui pour qui je ne serai pas une cause de chute\u00a0!<\/p><\/blockquote>\n\n\n\n<p><strong>Manque de foi ?<\/strong><\/p>\n\n\n\n<p>Apr\u00e8s le son et lumi\u00e8re du bapt\u00eame de J\u00e9sus (Mt 3.13-17), on peut \u00eatre s\u00fbr que Jean-Baptiste savait que celui-ci \u00e9tait envoy\u00e9 par Dieu. Par contre, malgr\u00e9 son m\u00e9tier de proph\u00e8te, il ignorait la suite du sc\u00e9nario. On peut m\u00eame penser qu&rsquo;il imaginait un autre Messie du genre grand chef militaire qui \u00e9tablirait le r\u00e8gne de Dieu en Isra\u00ebl.<\/p>\n\n\n\n<p><strong>R\u00e9ponse claire<\/strong><\/p>\n\n\n\n<p>M\u00eame si J\u00e9sus a l&rsquo;air discret, les 2 \u00e9missaires de Jean-Baptiste vont voir que ses puissants miracles annulent les effets destructeurs du P\u00e9ch\u00e9. Le Messie ne vient pas pour juger les m\u00e9chants de mani\u00e8re \u00e9clatante, il vient restaurer les malheureux dans leur corps mais aussi dans leur relation avec son P\u00e8re.<\/p>\n\n\n\n<p>&#8211;> Parce que la sagesse de Dieu est infinie et que nous sommes tr\u00e8s limit\u00e9s, nous sommes souvent surpris par le sc\u00e9nario qu&rsquo;il choisit pour le monde et nos vies. Mais soyons absolument s\u00fbrs que rien de ce qui arrive n&rsquo;\u00e9chappe \u00e0 sa volont\u00e9 et que nous pouvons nous soumettre sereinement \u00e0 son plan&#8230; parfois bizarre mais toujours parfait !<br \/><\/p>\n","protected":false},"excerpt":{"rendered":"<p>HISTOIRE D&rsquo;\u00caTRE S\u00dbR ! 11.1\u00a0Lorsque J\u00e9sus eut achev\u00e9 de donner ses ordres \u00e0 ses douze disciples, il partit de l\u00e0 pour enseigner et proclamer le message dans leurs villes. 2\u00a0Or Jean, dans sa prison, avait entendu parler des oeuvres du Christ. Il envoya ses disciples\u00a03\u00a0lui demander\u00a0: Est-ce toi, celui qui vient, ou devons-nous en attendre [&hellip;]<\/p>\n","protected":false},"author":3,"featured_media":7333,"comment_status":"open","ping_status":"closed","sticky":false,"template":"","format":"standard","meta":{"_acf_changed":false,"_eb_attr":"","advgb_blocks_editor_width":"","advgb_blocks_columns_visual_guide":"","footnotes":""},"categories":[255,75,16],"tags":[651,486,408],"video":[],"audio":[],"ecrit":[],"mis-en-avant":[],"redacteur":[],"type-darticle":[],"class_list":["post-7332","post","type-post","status-publish","format-standard","has-post-thumbnail","hentry","category-comment-dieu-se-revele","category-jesus-le-fils","category-meditations-bibliques","tag-ecrit","tag-jean-baptiste","tag-matthieu"],"blocksy_meta":[],"acf":[],"featured_image_src":"https:\/\/www.creusonslabible.fr\/wp-content\/uploads\/2020\/03\/sandy-millar-T-V0104wuU0-unsplash-scaled-2.jpg","author_info":{"display_name":"Yoh","author_link":"https:\/\/www.creusonslabible.fr\/?author=3"},"author_meta":{"display_name":"Yoh","author_link":"https:\/\/www.creusonslabible.fr\/?author=3"},"featured_img":"https:\/\/www.creusonslabible.fr\/wp-content\/uploads\/2020\/03\/sandy-millar-T-V0104wuU0-unsplash-scaled-2-300x240.jpg","coauthors":[],"tax_additional":{"categories":{"linked":["<a href=\"https:\/\/www.creusonslabible.fr\/?cat=255\" class=\"advgb-post-tax-term\">Comment Dieu se r\u00e9v\u00e8le<\/a>","<a href=\"https:\/\/www.creusonslabible.fr\/?cat=75\" class=\"advgb-post-tax-term\">J\u00e9sus le Fils<\/a>","<a href=\"https:\/\/www.creusonslabible.fr\/?cat=16\" class=\"advgb-post-tax-term\">M\u00e9ditations bibliques<\/a>"],"unlinked":["<span class=\"advgb-post-tax-term\">Comment Dieu se r\u00e9v\u00e8le<\/span>","<span class=\"advgb-post-tax-term\">J\u00e9sus le Fils<\/span>","<span class=\"advgb-post-tax-term\">M\u00e9ditations bibliques<\/span>"]},"tags":{"linked":["<a href=\"https:\/\/www.creusonslabible.fr\/?cat=16\" class=\"advgb-post-tax-term\">\u00e9crit<\/a>","<a href=\"https:\/\/www.creusonslabible.fr\/?cat=16\" class=\"advgb-post-tax-term\">Jean-Baptiste<\/a>","<a href=\"https:\/\/www.creusonslabible.fr\/?cat=16\" class=\"advgb-post-tax-term\">Matthieu<\/a>"],"unlinked":["<span class=\"advgb-post-tax-term\">\u00e9crit<\/span>","<span class=\"advgb-post-tax-term\">Jean-Baptiste<\/span>","<span class=\"advgb-post-tax-term\">Matthieu<\/span>"]}},"comment_count":"0","relative_dates":{"created":"Publi\u00e9 6 ans il y a","modified":"Mis \u00e0 jour 1 an il y a"},"absolute_dates":{"created":"Publi\u00e9 le 18 mars 2020","modified":"Mise \u00e0 jour le 23 janvier 2025"},"absolute_dates_time":{"created":"Publi\u00e9 le 18 mars 2020 17h05","modified":"Mise \u00e0 jour le 23 janvier 2025 11h18"},"featured_img_caption":"","series_order":"","meta_box":[],"_links":{"self":[{"href":"https:\/\/www.creusonslabible.fr\/index.php?rest_route=\/wp\/v2\/posts\/7332","targetHints":{"allow":["GET"]}}],"collection":[{"href":"https:\/\/www.creusonslabible.fr\/index.php?rest_route=\/wp\/v2\/posts"}],"about":[{"href":"https:\/\/www.creusonslabible.fr\/index.php?rest_route=\/wp\/v2\/types\/post"}],"author":[{"embeddable":true,"href":"https:\/\/www.creusonslabible.fr\/index.php?rest_route=\/wp\/v2\/users\/3"}],"replies":[{"embeddable":true,"href":"https:\/\/www.creusonslabible.fr\/index.php?rest_route=%2Fwp%2Fv2%2Fcomments&post=7332"}],"version-history":[{"count":1,"href":"https:\/\/www.creusonslabible.fr\/index.php?rest_route=\/wp\/v2\/posts\/7332\/revisions"}],"predecessor-version":[{"id":10253,"href":"https:\/\/www.creusonslabible.fr\/index.php?rest_route=\/wp\/v2\/posts\/7332\/revisions\/10253"}],"wp:featuredmedia":[{"embeddable":true,"href":"https:\/\/www.creusonslabible.fr\/index.php?rest_route=\/wp\/v2\/media\/7333"}],"wp:attachment":[{"href":"https:\/\/www.creusonslabible.fr\/index.php?rest_route=%2Fwp%2Fv2%2Fmedia&parent=7332"}],"wp:term":[{"taxonomy":"category","embeddable":true,"href":"https:\/\/www.creusonslabible.fr\/index.php?rest_route=%2Fwp%2Fv2%2Fcategories&post=7332"},{"taxonomy":"post_tag","embeddable":true,"href":"https:\/\/www.creusonslabible.fr\/index.php?rest_route=%2Fwp%2Fv2%2Ftags&post=7332"},{"taxonomy":"video","embeddable":true,"href":"https:\/\/www.creusonslabible.fr\/index.php?rest_route=%2Fwp%2Fv2%2Fvideo&post=7332"},{"taxonomy":"audio","embeddable":true,"href":"https:\/\/www.creusonslabible.fr\/index.php?rest_route=%2Fwp%2Fv2%2Faudio&post=7332"},{"taxonomy":"ecrit","embeddable":true,"href":"https:\/\/www.creusonslabible.fr\/index.php?rest_route=%2Fwp%2Fv2%2Fecrit&post=7332"},{"taxonomy":"mis-en-avant","embeddable":true,"href":"https:\/\/www.creusonslabible.fr\/index.php?rest_route=%2Fwp%2Fv2%2Fmis-en-avant&post=7332"},{"taxonomy":"redacteur","embeddable":true,"href":"https:\/\/www.creusonslabible.fr\/index.php?rest_route=%2Fwp%2Fv2%2Fredacteur&post=7332"},{"taxonomy":"type-darticle","embeddable":true,"href":"https:\/\/www.creusonslabible.fr\/index.php?rest_route=%2Fwp%2Fv2%2Ftype-darticle&post=7332"}],"curies":[{"name":"wp","href":"https:\/\/api.w.org\/{rel}","templated":true}]}}