{"id":7353,"date":"2020-04-02T12:00:00","date_gmt":"2020-04-02T10:00:00","guid":{"rendered":"http:\/\/www.creusonslabible.fr\/?p=7353"},"modified":"2026-04-29T15:09:29","modified_gmt":"2026-04-29T13:09:29","slug":"marcher-sur-leau-matthieu-24-22-33","status":"publish","type":"post","link":"https:\/\/www.creusonslabible.fr\/?p=7353","title":{"rendered":"Marcher sur l&rsquo;eau : Matthieu 14.22-33"},"content":{"rendered":"\n<h3 class=\"wp-block-heading\">C&rsquo;est un des passages les plus connus de toute la Bible ! Pourtant, on peut louper son sens profond et ne pas \u00eatre interpel\u00e9 si on ne l&rsquo;\u00e9tudie pas bien. Heureusement, il y a la m\u00e9thode OIA ! <\/h3>\n\n\n\n<p>Si vous ne connaissez pas la m\u00e9thode OIA (qui sert \u00e0 l&rsquo;animation de discussions Autour de la Bible dans les GBU), elle est expliqu\u00e9e dans cette vid\u00e9o :<\/p>\n\n\n\n<figure class=\"wp-block-embed is-type-video is-provider-youtube wp-block-embed-youtube wp-embed-aspect-16-9 wp-has-aspect-ratio\"><div class=\"wp-block-embed__wrapper\">\n<iframe loading=\"lazy\" title=\"Formation OIA en vid\u00e9o 1 : Formation th\u00e9orique\" width=\"1290\" height=\"726\" src=\"https:\/\/www.youtube.com\/embed\/tHnlIhFTcOM?feature=oembed\" frameborder=\"0\" allow=\"accelerometer; autoplay; clipboard-write; encrypted-media; gyroscope; picture-in-picture; web-share\" referrerpolicy=\"strict-origin-when-cross-origin\" allowfullscreen><\/iframe>\n<\/div><\/figure>\n\n\n\n<h5 class=\"wp-block-heading\">Notre passage est d\u00e9cortiqu\u00e9 et expliqu\u00e9 dans cette vid\u00e9o (aussi dispo sous d&rsquo;autres formats plus bas) :<\/h5>\n\n\n\n<figure class=\"wp-block-embed is-type-video is-provider-youtube wp-block-embed-youtube wp-embed-aspect-16-9 wp-has-aspect-ratio\"><div class=\"wp-block-embed__wrapper\">\n<iframe loading=\"lazy\" title=\"Marcher sur l&#039;eau Mt 24\" width=\"1290\" height=\"726\" src=\"https:\/\/www.youtube.com\/embed\/NnqmgY_LrME?feature=oembed\" frameborder=\"0\" allow=\"accelerometer; autoplay; clipboard-write; encrypted-media; gyroscope; picture-in-picture; web-share\" referrerpolicy=\"strict-origin-when-cross-origin\" allowfullscreen><\/iframe>\n<\/div><\/figure>\n\n\n\n<h5 class=\"wp-block-heading\">La m\u00eame chose en version audio : <\/h5>\n\n\n\n<figure class=\"wp-block-audio\"><audio controls src=\"http:\/\/elearning.gbu.fr\/audio\/Exposes%20divers\/Marcher%20sur%20l%27eau%20%28Mt%2024%29.mp3\"><\/audio><\/figure>\n\n\n\n<h5 class=\"wp-block-heading\">Le voici enfin en version texte :<\/h5>\n\n\n\n<p>Nous allons appliquer la m\u00e9thode OIA \u00e0 un passage court et tr\u00e8s connu. Mais vous allez voir qu\u2019avec notre m\u00e9thode pr\u00e9f\u00e9r\u00e9e, il peut s\u2019av\u00e9rer tr\u00e8s tr\u00e8s riche car nous allons le d\u00e9cortiquer :<\/p>\n\n\n\n<div class=\"wp-block-group is-layout-flow wp-block-group-is-layout-flow\">\n<blockquote class=\"wp-block-quote is-layout-flow wp-block-quote-is-layout-flow\">\n<p>Matthieu 14.22 Aussit\u00f4t apr\u00e8s, J\u00e9sus pressa ses disciples de remonter dans la barque pour qu&rsquo;ils le pr\u00e9c\u00e8dent de l&rsquo;autre c\u00f4t\u00e9 du lac, pendant qu&rsquo;il renverrait la foule. 23 Quand tout le monde se fut dispers\u00e9, il gravit une colline pour prier \u00e0 l&rsquo;\u00e9cart. \u00c0 la tomb\u00e9e de la nuit, il \u00e9tait l\u00e0, tout seul.<\/p>\n\n\n\n<p>24 Pendant ce temps, \u00e0 plusieurs centaines de m\u00e8tres au large, la barque luttait p\u00e9niblement contre les vagues, car le vent \u00e9tait contraire.&nbsp;<\/p>\n\n\n\n<p>25 Vers la fin de la nuit, J\u00e9sus se dirigea vers ses disciples en marchant sur les eaux du lac. 26 Quand ils le virent marcher sur l&rsquo;eau, ils furent pris de panique :<\/p>\n\n\n\n<p>\u2013 C&rsquo;est un fant\u00f4me, dirent-ils.<\/p>\n\n\n\n<p>Et ils se mirent \u00e0 pousser des cris de frayeur.<\/p>\n\n\n\n<p>27 Mais J\u00e9sus leur parla aussit\u00f4t :<\/p>\n\n\n\n<p>Rassurez-vous, leur dit-il, c&rsquo;est moi, n&rsquo;ayez pas peur.<\/p>\n\n\n\n<p>28 Alors Pierre lui dit :<\/p>\n\n\n\n<p>\u2013 Si c&rsquo;est bien toi, Seigneur, ordonne-moi de venir te rejoindre sur l&rsquo;eau.<\/p>\n\n\n\n<p>29 \u2013 Viens, lui dit J\u00e9sus. Aussit\u00f4t, Pierre descendit de la barque et se mit \u00e0 marcher sur l&rsquo;eau, en direction de J\u00e9sus. 30 Mais quand il remarqua combien le vent soufflait fort, il prit peur et, comme il commen\u00e7ait \u00e0 s&rsquo;enfoncer, il s&rsquo;\u00e9cria :<\/p>\n\n\n\n<p>\u2013 Au secours ! Seigneur !<\/p>\n\n\n\n<p>31 Imm\u00e9diatement, J\u00e9sus lui tendit la main et le saisit.<\/p>\n\n\n\n<p>\u2013 Ta foi est bien faible ! lui dit-il, pourquoi as-tu dout\u00e9 ?<\/p>\n\n\n\n<p>32 Puis ils mont\u00e8rent tous deux dans la barque ; le vent tomba.<\/p>\n\n\n\n<p>33 Les hommes qui se trouvaient dans l&#8217;embarcation se prostern\u00e8rent devant lui en disant :<\/p>\n\n\n\n<p>Tu es vraiment le Fils de Dieu.<\/p>\n<\/blockquote>\n<\/div>\n\n\n\n<p>Tout d\u2019abord, ce genre de sc\u00e8ne est id\u00e9ale \u00e0 jouer. C\u2019est le meilleur moyen d\u2019observation qui soit.&nbsp;<\/p>\n\n\n\n<p>Ensuite, la premi\u00e8re question que j\u2019aime poser sur un texte narratif \u00e0 rebondissements c\u2019est \u00ab&nbsp;qu\u2019est-ce qui vous marque le plus dans cette histoire ?&nbsp;\u00bb ou bien, apr\u00e8s avoir jou\u00e9 la sc\u00e8ne demander ce que les protagonistes ont ressentis. Et normalement rien que cette question permettra de mettre en valeur plusieurs observations. Ici :<\/p>\n\n\n\n<ul class=\"wp-block-list\">\n<li>quelqu\u2019un qui n\u2019est pas croyant dira probablement \u00ab&nbsp;J\u00e9sus marche sur les eaux&nbsp;\u00bb (et c\u2019est improbable de croire \u00e0 \u00e7a)<\/li>\n\n\n\n<li>Un chr\u00e9tien tr\u00e8s z\u00e9l\u00e9 rel\u00e8vera le courage de Pierre qui marche lui aussi sur les eaux<\/li>\n\n\n\n<li>Un autre encore plus z\u00e9l\u00e9 ne comprendra pas comment il a pu douter<\/li>\n\n\n\n<li>Un dernier enfin sera choqu\u00e9 par la parole s\u00e9v\u00e8re de J\u00e9sus sur le manque de foi de son disciple<\/li>\n\n\n\n<li>Enfin, le bon \u00e9l\u00e8ve appuiera sur la conclusion des disciples dans la barque : J\u00e9sus est le Fils de Dieu.<\/li>\n<\/ul>\n\n\n\n<p><strong>Quel est le climat qui domine ce passage ?<\/strong><\/p>\n\n\n\n<p>La peur : celle des disciples et celle de Pierre (26 et 30). Cette peur contraste avec l\u2019attitude de J\u00e9sus qui dit \u00ab n\u2019ayez pas peur \u00bb (27), qui sauve Pierre (31) et qui calme le vent (sous-entendu au 32).<\/p>\n\n\n\n<p><strong>Qu\u2019est-ce qui est le plus frappant dans ce passage&nbsp;?<\/strong><\/p>\n\n\n\n<p>Parce qu\u2019il marche sur l\u2019eau, qu\u2019il donne \u00e0 Pierre le pouvoir de l\u2019imiter et qu\u2019il calme la temp\u00eate, J\u00e9sus r\u00e9v\u00e8le qui il est vraiment, il m\u00e9rite le traitement des disciples au v.33 : il est le Fils de Dieu.<\/p>\n\n\n\n<p>Si J\u00e9sus est Dieu, il a la maitrise sur les lois de la physique et peut les tordre \u00e0 sa guise (on appelle \u00e7a un miracle). Et c\u2019est bien parce que les disciples connaissent parfaitement les lois de la physique (rappelons que 4 d\u2019entre eux sont marins-p\u00eacheurs) qu\u2019ils ont peur dans un premier temps et qu\u2019ils adorent J\u00e9sus dans un second temps. Un miracle n\u2019est pas une superstition qui nie la science mais au contraire un ph\u00e9nom\u00e8ne qui la conforte et qui montre surtout que l\u2019auteur du miracle connait bien le Dieu qui a fond\u00e9 les lois qui gouvernent l\u2019Univers et qui donc peut en faire ce qu\u2019il veut.<\/p>\n\n\n\n<p>Le but est donc de comprendre que J\u00e9sus est Dieu\u2026 mais ce n\u2019est pas le centre de ce r\u00e9cit.&nbsp;Celui qui est au centre de l\u2019histoire, c\u2019est Pierre&nbsp;avec 2 r\u00e9actions assez incompr\u00e9hensibles : 1) Il demande \u00e0 J\u00e9sus et marcher sur l\u2019eau et finalement 2) il a peur.<\/p>\n\n\n\n<p><strong>1\u00e8re r\u00e9action :&nbsp;<\/strong><strong>Pierre<\/strong><strong>&nbsp;demande \u00e0 J\u00e9sus de marcher lui aussi sur les eaux.<\/strong><\/p>\n\n\n\n<p>On le sait, Pierre n\u2019est pas un aventurier mais un impulsif. Cependant, il ne faut pas le prendre trop vite pour quelqu\u2019un de totalement impr\u00e9visible qui fait des choses bien d\u00e9biles ! N\u2019oublions pas que nous sommes au chapitre 14 de l\u2019\u00e9vangile de Matthieu, c\u2019est \u00e0 dire apr\u00e8s le chapitre 10 o\u00f9 J\u00e9sus fait des 12 ses repr\u00e9sentants officiels avec des pouvoirs similaires aux siens. Cette r\u00e9alit\u00e9 est confirm\u00e9e juste avant notre \u00e9pisode avec la multiplication des pains : J\u00e9sus fait le miracle et les disciples sont juste derri\u00e8re (d\u2019ailleurs ils sont aussi juste avant puisqu\u2019ils fournissent la mati\u00e8re). Donc Pierre a peur, il voit J\u00e9sus qui marche sur l\u2019eau et 1) il a envie d\u2019aller le voir (c\u2019est le c\u00f4t\u00e9 impulsif) et 2) il se dit que comme il est son disciple il peut faire comme lui (c\u2019est le c\u00f4t\u00e9 identitaire). Pierre a donc compris qui est J\u00e9sus ainsi que sa propre identit\u00e9 de disciple de J\u00e9sus, c\u2019est pour \u00e7a qu\u2019il arrive \u00e0 marcher sur l\u2019eau !&nbsp;<\/p>\n\n\n\n<p><strong>2nde r\u00e9action : Pierre arrive \u00e0 marcher sur l\u2019eau mais il prend peur !&nbsp;<\/strong><\/p>\n\n\n\n<p>Pourquoi ? Le texte le dit : il se pr\u00e9occupe du vent qui est fort (30). Bizarre d\u2019avoir peur du vent alors qu\u2019on est en train de marcher sur l\u2019eau avec l\u2019homme le plus puissant de tous les temps devant soi, non ? En tout cas, il commence \u00e0 s\u2019enfoncer. Pourquoi ? Tr\u00e8s probablement parce qu\u2019il ne regarde plus J\u00e9sus (puisqu\u2019il est pr\u00e9occup\u00e9 par le vent). Pierre le comprend d\u2019ailleurs tr\u00e8s bien puisque le danger de couler le pousse \u00e0 appeler le Seigneur au secours, \u00e0 se pr\u00e9occuper de lui \u00e0 nouveau.&nbsp;<\/p>\n\n\n\n<p>Et c\u2019est l\u00e0 qu\u2019on arrive \u00e0 LA phrase qui fait mal : \u00ab Ta foi est bien faible, pourquoi as-tu dout\u00e9 ? \u00bb. Elle parait s\u00e9v\u00e8re car la peur \u00e7a ne se contr\u00f4le pas, parce que si le vent soufflait tr\u00e8s fort il est compr\u00e9hensible que Pierre ait eu peur, etc. Sauf que, comme par hasard, ce m\u00eame vent violent tombe d\u00e8s que J\u00e9sus et Pierre montent dans la barque. Le vent, c\u2019est comme le surf sans surf : tout d\u00e9pend de J\u00e9sus. La foi de Pierre a \u00e9t\u00e9 faible parce qu\u2019il a choisi de davantage voir le probl\u00e8me que le miracle, il a choisi d\u2019avoir peur plut\u00f4t que de se confier en son Ma\u00eetre.&nbsp;<\/p>\n\n\n\n<p>En r\u00e9sum\u00e9 : on peut faire des choses extraordinaires \u00e0 condition qu\u2019elles soient faites avec J\u00e9sus et pour J\u00e9sus. C\u2019est \u00e7a la foi : s\u2019attendre \u00e0 J\u00e9sus, regarder J\u00e9sus, penser \u00e0 J\u00e9sus. Et, a contrario, se confier en autre chose que J\u00e9sus, davantage regarder quelque chose que regarder J\u00e9sus, penser \u00e0 quelque chose plus qu\u2019\u00e0 J\u00e9sus, c\u2019est un manque de foi et \u00e7a a un nom dans la Bible : l\u2019idol\u00e2trie. Pour un chr\u00e9tien, l\u2019idol\u00e2trie n\u2019est pas mortelle (parce qu\u2019il peut toujours appeler J\u00e9sus au secours) mais c\u2019est un mode de vie d\u00e9grad\u00e9, assez m\u00e9diocre. Dans le cas de Pierre, c\u2019est la crainte qui vient g\u00e2cher un moment vraiment unique ! Passer \u00e0 c\u00f4t\u00e9 du meilleur, c\u2019est assez stupide vous ne trouvez pas ?&nbsp;<\/p>\n\n\n\n<p><strong>APPLICATIONS<\/strong><\/p>\n\n\n\n<ul class=\"wp-block-list\">\n<li>Dis-moi comment tu r\u00e9agis, je te dirai qui tu sers. Il y a des moments o\u00f9 nous consid\u00e9rons vraiment J\u00e9sus comme le Fils de Dieu, o\u00f9 nous sommes en communion avec lui et c\u2019est vraiment g\u00e9nial ! Mais il y a aussi plein de fois o\u00f9 nous sommes attir\u00e9s par des choses\/personnes paraissant plus agr\u00e9ables, des fois o\u00f9 nous sommes accapar\u00e9s par des soucis, des peurs, des col\u00e8res (bref, des \u00e9motions n\u00e9gatives) qui nous replient sur nous-m\u00eames et nous coupent de celui qui peut tout changer. Il faut le dire : nous manquons trop souvent de foi et nous nous enfon\u00e7ons !!! Il est possible d\u2019\u00eatre bien plus heureux. Alors il serait bon d\u2019identifier tout ce qui nous d\u00e9tourne de J\u00e9sus, comme J\u00e9sus le demande \u00e0 Pierre : \u00ab pourquoi as-tu dout\u00e9 ? \u00bb<\/li>\n\n\n\n<li>Mais affinons : Ce n\u2019est pas l\u2019\u00e9motion ou la pulsion qui nous assaille qui est un P\u00e9ch\u00e9, c\u2019est ce que nous faisons de cette \u00e9motion ou de cette pulsion. Exemple, je suis angoiss\u00e9 par une situation potentiellement dangereuse que je ne contr\u00f4le pas. Je peux prier pour que le Seigneur me calme, me rappeler qu\u2019il contr\u00f4le les circonstances et compter sur sa fid\u00e9lit\u00e9&nbsp;<strong>ou bien&nbsp;<\/strong>je peux paniquer, pleurer, gesticuler, faire quelque chose de plus ou moins stupide pour me donner une contenance. Dans le second cas, on est au del\u00e0 d\u2019une \u00e9motion l\u00e9gitime : C\u2019est l\u2019\u00e9motion qui contr\u00f4le tout, plus du tout J\u00e9sus.&nbsp;<\/li>\n\n\n\n<li>Dans le cadre des GBU : quand il s\u2019agit d\u2019inviter des \u00e9tudiants qui ne sont pas chr\u00e9tiens \u00e0 une DAB, quand il s\u2019agit de se lancer dans de nouveaux projets alors qu\u2019on a d\u00e9j\u00e0 3 tonnes de trucs \u00e0 faire, quand il s\u2019agit de changer nos habitudes, de faire des efforts, de supporter des personnes trop diff\u00e9rentes de nous, de ne rien contr\u00f4ler et d\u2019avoir peur de l\u2019\u00e9chec : comment laissons-nous le Saint-Esprit agir ? Nous savons qu\u2019il peut accomplir des miracles malgr\u00e9 tout alors comment l\u2019int\u00e9grons-nous dans nos projets ?<\/li>\n<\/ul>\n\n\n\n<p>Conclusion : Comptons sur nos fr\u00e8res et soeurs en Christ&nbsp;! Ils sont importants car ils peuvent nous dire de la bonne mani\u00e8re (en tout cas ceux qui nous connaissent le mieux) quand notre foi d\u00e9faille et quand nous devons nous ressaisir. Qui pourrait jouer ce r\u00f4le pour toi&nbsp;?\u00e0 sa guise (on appelle \u00e7a un miracle). Et c\u2019est bien parce que les disciples connaissent parfaitement les lois de la physique (rappelons que 4 d\u2019entre eux sont p\u00eacheurs) qu\u2019ils ont peur dans un premier temps et qu\u2019ils adorent J\u00e9sus dans un second temps. Un miracle n\u2019est pas une superstition qui nie la science mais au contraire un ph\u00e9nom\u00e8ne qui la conforte et qui montre surtout que l\u2019auteur du miracle connait bien le Dieu qui a fond\u00e9 les lois qui gouvernent l\u2019Univers et qui donc peut en faire ce qu\u2019il veut.<\/p>\n\n\n\n<p><\/p>\n","protected":false},"excerpt":{"rendered":"<p>C&rsquo;est un des passages les plus connus de toute la Bible ! Pourtant, on peut louper son sens profond et ne pas \u00eatre interpel\u00e9 si on ne l&rsquo;\u00e9tudie pas bien. Heureusement, il y a la m\u00e9thode OIA ! Si vous ne connaissez pas la m\u00e9thode OIA (qui sert \u00e0 l&rsquo;animation de discussions Autour de la [&hellip;]<\/p>\n","protected":false},"author":3,"featured_media":7355,"comment_status":"open","ping_status":"closed","sticky":false,"template":"","format":"standard","meta":{"_acf_changed":false,"_eb_attr":"","advgb_blocks_editor_width":"","advgb_blocks_columns_visual_guide":"","footnotes":""},"categories":[24],"tags":[651,540,408,23,76,133,78],"video":[],"audio":[],"ecrit":[],"mis-en-avant":[],"redacteur":[],"type-darticle":[],"class_list":["post-7353","post","type-post","status-publish","format-standard","has-post-thumbnail","hentry","category-textes-bibliques-commentes","tag-ecrit","tag-manque-de-foi","tag-matthieu","tag-nouveau-testament","tag-oia","tag-pierre","tag-video"],"blocksy_meta":[],"acf":[],"featured_image_src":"https:\/\/www.creusonslabible.fr\/wp-content\/uploads\/2020\/03\/guy-kawasaki-iij-QvyRAnM-unsplash-scaled-e1585409235566-1.jpg","author_info":{"display_name":"Yoh","author_link":"https:\/\/www.creusonslabible.fr\/?author=3"},"author_meta":{"display_name":"Yoh","author_link":"https:\/\/www.creusonslabible.fr\/?author=3"},"featured_img":"https:\/\/www.creusonslabible.fr\/wp-content\/uploads\/2020\/03\/guy-kawasaki-iij-QvyRAnM-unsplash-scaled-e1585409235566-1-300x143.jpg","coauthors":[],"tax_additional":{"categories":{"linked":["<a href=\"https:\/\/www.creusonslabible.fr\/?cat=24\" class=\"advgb-post-tax-term\">Textes Bibliques comment\u00e9s<\/a>"],"unlinked":["<span class=\"advgb-post-tax-term\">Textes Bibliques comment\u00e9s<\/span>"]},"tags":{"linked":["<a href=\"https:\/\/www.creusonslabible.fr\/?cat=24\" class=\"advgb-post-tax-term\">\u00e9crit<\/a>","<a href=\"https:\/\/www.creusonslabible.fr\/?cat=24\" class=\"advgb-post-tax-term\">manque de foi<\/a>","<a href=\"https:\/\/www.creusonslabible.fr\/?cat=24\" class=\"advgb-post-tax-term\">Matthieu<\/a>","<a href=\"https:\/\/www.creusonslabible.fr\/?cat=24\" class=\"advgb-post-tax-term\">Nouveau-Testament<\/a>","<a href=\"https:\/\/www.creusonslabible.fr\/?cat=24\" class=\"advgb-post-tax-term\">OIA<\/a>","<a href=\"https:\/\/www.creusonslabible.fr\/?cat=24\" class=\"advgb-post-tax-term\">Pierre<\/a>","<a href=\"https:\/\/www.creusonslabible.fr\/?cat=24\" class=\"advgb-post-tax-term\">vid\u00e9o<\/a>"],"unlinked":["<span class=\"advgb-post-tax-term\">\u00e9crit<\/span>","<span class=\"advgb-post-tax-term\">manque de foi<\/span>","<span class=\"advgb-post-tax-term\">Matthieu<\/span>","<span class=\"advgb-post-tax-term\">Nouveau-Testament<\/span>","<span class=\"advgb-post-tax-term\">OIA<\/span>","<span class=\"advgb-post-tax-term\">Pierre<\/span>","<span class=\"advgb-post-tax-term\">vid\u00e9o<\/span>"]}},"comment_count":"0","relative_dates":{"created":"Publi\u00e9 6 ans il y a","modified":"Mis \u00e0 jour 8 heures il y a"},"absolute_dates":{"created":"Publi\u00e9 le 2 avril 2020","modified":"Mise \u00e0 jour le 29 avril 2026"},"absolute_dates_time":{"created":"Publi\u00e9 le 2 avril 2020 12h00","modified":"Mise \u00e0 jour le 29 avril 2026 15h09"},"featured_img_caption":"","series_order":"","meta_box":[],"_links":{"self":[{"href":"https:\/\/www.creusonslabible.fr\/index.php?rest_route=\/wp\/v2\/posts\/7353","targetHints":{"allow":["GET"]}}],"collection":[{"href":"https:\/\/www.creusonslabible.fr\/index.php?rest_route=\/wp\/v2\/posts"}],"about":[{"href":"https:\/\/www.creusonslabible.fr\/index.php?rest_route=\/wp\/v2\/types\/post"}],"author":[{"embeddable":true,"href":"https:\/\/www.creusonslabible.fr\/index.php?rest_route=\/wp\/v2\/users\/3"}],"replies":[{"embeddable":true,"href":"https:\/\/www.creusonslabible.fr\/index.php?rest_route=%2Fwp%2Fv2%2Fcomments&post=7353"}],"version-history":[{"count":3,"href":"https:\/\/www.creusonslabible.fr\/index.php?rest_route=\/wp\/v2\/posts\/7353\/revisions"}],"predecessor-version":[{"id":12677,"href":"https:\/\/www.creusonslabible.fr\/index.php?rest_route=\/wp\/v2\/posts\/7353\/revisions\/12677"}],"wp:featuredmedia":[{"embeddable":true,"href":"https:\/\/www.creusonslabible.fr\/index.php?rest_route=\/wp\/v2\/media\/7355"}],"wp:attachment":[{"href":"https:\/\/www.creusonslabible.fr\/index.php?rest_route=%2Fwp%2Fv2%2Fmedia&parent=7353"}],"wp:term":[{"taxonomy":"category","embeddable":true,"href":"https:\/\/www.creusonslabible.fr\/index.php?rest_route=%2Fwp%2Fv2%2Fcategories&post=7353"},{"taxonomy":"post_tag","embeddable":true,"href":"https:\/\/www.creusonslabible.fr\/index.php?rest_route=%2Fwp%2Fv2%2Ftags&post=7353"},{"taxonomy":"video","embeddable":true,"href":"https:\/\/www.creusonslabible.fr\/index.php?rest_route=%2Fwp%2Fv2%2Fvideo&post=7353"},{"taxonomy":"audio","embeddable":true,"href":"https:\/\/www.creusonslabible.fr\/index.php?rest_route=%2Fwp%2Fv2%2Faudio&post=7353"},{"taxonomy":"ecrit","embeddable":true,"href":"https:\/\/www.creusonslabible.fr\/index.php?rest_route=%2Fwp%2Fv2%2Fecrit&post=7353"},{"taxonomy":"mis-en-avant","embeddable":true,"href":"https:\/\/www.creusonslabible.fr\/index.php?rest_route=%2Fwp%2Fv2%2Fmis-en-avant&post=7353"},{"taxonomy":"redacteur","embeddable":true,"href":"https:\/\/www.creusonslabible.fr\/index.php?rest_route=%2Fwp%2Fv2%2Fredacteur&post=7353"},{"taxonomy":"type-darticle","embeddable":true,"href":"https:\/\/www.creusonslabible.fr\/index.php?rest_route=%2Fwp%2Fv2%2Ftype-darticle&post=7353"}],"curies":[{"name":"wp","href":"https:\/\/api.w.org\/{rel}","templated":true}]}}