{"id":7560,"date":"2020-11-03T08:38:56","date_gmt":"2020-11-03T06:38:56","guid":{"rendered":"http:\/\/www.creusonslabible.fr\/?p=7560"},"modified":"2025-01-23T11:18:31","modified_gmt":"2025-01-23T09:18:31","slug":"joel-1-v-1-4-racontez-le","status":"publish","type":"post","link":"https:\/\/www.creusonslabible.fr\/?p=7560","title":{"rendered":"Jo\u00ebl 1 v.1-4 : Racontez-le !"},"content":{"rendered":"\n<blockquote class=\"wp-block-quote is-layout-flow wp-block-quote-is-layout-flow\"><p><a href=\"file:\/\/\/var\/folders\/l1\/f43k7wyx4vg1cb5mcn4jx4d80000gn\/T\/bibliauniversalis2\/**1.1\">1&nbsp;<\/a>Parole du SEIGNEUR qui parvint \u00e0 Jo\u00ebl, fils de Petouel&nbsp;:<\/p><\/blockquote>\n\n\n\n<blockquote class=\"wp-block-quote is-layout-flow wp-block-quote-is-layout-flow\"><p><a href=\"file:\/\/\/var\/folders\/l1\/f43k7wyx4vg1cb5mcn4jx4d80000gn\/T\/bibliauniversalis2\/**1.2\">2&nbsp;<\/a>Ecoutez, anciens&nbsp;!&nbsp;<br \/>Pr\u00eatez l&rsquo;oreille, vous tous, habitants du pays&nbsp;!&nbsp;<br \/>Cela s&rsquo;est-il pass\u00e9 de vos jours,&nbsp;<br \/>ou m\u00eame aux jours de vos p\u00e8res&nbsp;?<\/p><\/blockquote>\n\n\n\n<blockquote class=\"wp-block-quote is-layout-flow wp-block-quote-is-layout-flow\"><p><a href=\"file:\/\/\/var\/folders\/l1\/f43k7wyx4vg1cb5mcn4jx4d80000gn\/T\/bibliauniversalis2\/**1.3\">3&nbsp;<\/a>Racontez-le \u00e0 vos fils,&nbsp;<br \/>et que vos fils le racontent \u00e0 leurs fils,&nbsp;<br \/>et leurs fils \u00e0 la g\u00e9n\u00e9ration suivante&nbsp;!<\/p><\/blockquote>\n\n\n\n<blockquote class=\"wp-block-quote is-layout-flow wp-block-quote-is-layout-flow\"><p><a href=\"file:\/\/\/var\/folders\/l1\/f43k7wyx4vg1cb5mcn4jx4d80000gn\/T\/bibliauniversalis2\/**1.4\">4&nbsp;<\/a>Ce qu&rsquo;a laiss\u00e9 la chenille,&nbsp;<br \/>la sauterelle l&rsquo;a d\u00e9vor\u00e9&nbsp;;&nbsp;<br \/>ce qu&rsquo;a laiss\u00e9 la sauterelle,&nbsp;<br \/>le grillon l&rsquo;a d\u00e9vor\u00e9&nbsp;;&nbsp;<br \/>ce qu&rsquo;a laiss\u00e9 le grillon,&nbsp;<br \/>le criquet l&rsquo;a d\u00e9vor\u00e9.<\/p><\/blockquote>\n\n\n\n<h2 class=\"wp-block-heading\"><strong>Raconter\u2026 de la part de qui&nbsp;?&nbsp;<\/strong><\/h2>\n\n\n\n<p>Qu\u2019apprend-on sur Jo\u00ebl&nbsp;au verset 1 ? Pas grand-chose en effet&nbsp;: Jo\u00ebl est un proph\u00e8te (charg\u00e9 de transmettre une parole de l\u2019Eternel), fils d\u2019un illustre inconnu. Le reste du livre de Jo\u00ebl nous permet seulement de savoir qu\u2019il a proph\u00e9tis\u00e9 en Juda et d\u2019\u00e9mettre des hypoth\u00e8ses sur la p\u00e9riode, elle-m\u00eame discut\u00e9e.<\/p>\n\n\n\n<p>Alors quelle cr\u00e9dibilit\u00e9 accorder \u00e0 Jo\u00ebl&nbsp;? La question ne se pose pas pour ses interlocuteurs initiaux&nbsp;: le verset 2 nous montre qu\u2019ils ont \u00e9t\u00e9 t\u00e9moins des \u00e9v\u00e8nements dont parle Jo\u00ebl.<\/p>\n\n\n\n<p>Et pour les sceptiques actuels ? Les paroles de Jo\u00ebl sont mentionn\u00e9es plusieurs fois dans le Nouveau Testament. De quoi lui accorder du cr\u00e9dit&nbsp;!<\/p>\n\n\n\n<h2 class=\"wp-block-heading\"><strong>Raconter\u2026 quoi&nbsp;?<\/strong><\/h2>\n\n\n\n<p>Le verset 4 nous met tout de suite dans l\u2019ambiance. Des sauterelles ont d\u00e9ferl\u00e9 en Juda, d\u00e9vorant tout sur leur passage. Les reportages sur les invasions de criquets qui ont encore lieu aujourd\u2019hui nous permettent vite de mesurer l\u2019ampleur des d\u00e9g\u00e2ts.<\/p>\n\n\n\n<h2 class=\"wp-block-heading\"><strong>Raconter\u2026 \u00e0 qui&nbsp;?<\/strong><\/h2>\n\n\n\n<p>Cet \u00e9v\u00e8nement incroyable doit \u00eatre racont\u00e9 de g\u00e9n\u00e9ration en g\u00e9n\u00e9ration (v.3). Un peu comme le \u00ab&nbsp;devoir de m\u00e9moire&nbsp;\u00bb, qui appelle \u00e0 ne pas oublier certains \u00e9v\u00e8nements tragiques.<\/p>\n\n\n\n<h2 class=\"wp-block-heading\"><strong>Raconter\u2026 pourquoi&nbsp;?<\/strong><\/h2>\n\n\n\n<p>Peut-\u00eatre imaginez-vous un grand-p\u00e8re racontant au coin du feu le r\u00e9cit palpitant de cette invasion. Mais ici, il s\u2019agit plut\u00f4t d\u2019enseigner les le\u00e7ons \u00e0 tirer de cette trag\u00e9die. C\u2019est ce que Jo\u00ebl va faire dans son livre, afin que le peuple de Dieu soit pr\u00eat pour un \u00e9v\u00e8nement encore plus stup\u00e9fiant&nbsp;: le jugement final de l\u2019Eternel.&nbsp;<\/p>\n\n\n\n<p>\uf0e0 Les t\u00e9moins des miracles de J\u00e9sus s\u2019exclamaient&nbsp;\u00ab On n\u2019a jamais rien vu de pareil \u00bb (Matthieu 9 v.3, Marc 2 v.12). L\u2019\u00e9v\u00e8nement le plus inou\u00ef de l\u2019Histoire est la venue de J\u00e9sus sur Terre, sa mort et sa r\u00e9surrection. Remercions Dieu pour ceux qui nous ont transmis ce message.<\/p>\n\n\n\n<p>\uf0e0 Il est primordial de raconter l\u2019Evangile \u00e0 la g\u00e9n\u00e9ration suivante. Que puis-je faire \u00e0 mon niveau&nbsp;? Comment cela peut-il influencer le choix de mon futur conjoint \/ mes choix \u00e9ducatifs&nbsp;?<\/p>\n","protected":false},"excerpt":{"rendered":"<p>1&nbsp;Parole du SEIGNEUR qui parvint \u00e0 Jo\u00ebl, fils de Petouel&nbsp;: 2&nbsp;Ecoutez, anciens&nbsp;!&nbsp;Pr\u00eatez l&rsquo;oreille, vous tous, habitants du pays&nbsp;!&nbsp;Cela s&rsquo;est-il pass\u00e9 de vos jours,&nbsp;ou m\u00eame aux jours de vos p\u00e8res&nbsp;? 3&nbsp;Racontez-le \u00e0 vos fils,&nbsp;et que vos fils le racontent \u00e0 leurs fils,&nbsp;et leurs fils \u00e0 la g\u00e9n\u00e9ration suivante&nbsp;! 4&nbsp;Ce qu&rsquo;a laiss\u00e9 la chenille,&nbsp;la sauterelle l&rsquo;a d\u00e9vor\u00e9&nbsp;;&nbsp;ce [&hellip;]<\/p>\n","protected":false},"author":3,"featured_media":7558,"comment_status":"open","ping_status":"closed","sticky":false,"template":"","format":"standard","meta":{"_acf_changed":false,"_eb_attr":"","advgb_blocks_editor_width":"","advgb_blocks_columns_visual_guide":"","footnotes":""},"categories":[16],"tags":[651],"video":[],"audio":[],"ecrit":[],"mis-en-avant":[],"redacteur":[],"type-darticle":[],"class_list":["post-7560","post","type-post","status-publish","format-standard","has-post-thumbnail","hentry","category-meditations-bibliques","tag-ecrit"],"blocksy_meta":[],"acf":[],"featured_image_src":"https:\/\/www.creusonslabible.fr\/wp-content\/uploads\/2020\/09\/boris-smokrovic-EbMXBq_TXqM-unsplash-scaled-2.jpg","author_info":{"display_name":"Yoh","author_link":"https:\/\/www.creusonslabible.fr\/?author=3"},"author_meta":{"display_name":"Yoh","author_link":"https:\/\/www.creusonslabible.fr\/?author=3"},"featured_img":"https:\/\/www.creusonslabible.fr\/wp-content\/uploads\/2020\/09\/boris-smokrovic-EbMXBq_TXqM-unsplash-scaled-2-300x200.jpg","coauthors":[],"tax_additional":{"categories":{"linked":["<a href=\"https:\/\/www.creusonslabible.fr\/?cat=16\" class=\"advgb-post-tax-term\">M\u00e9ditations bibliques<\/a>"],"unlinked":["<span class=\"advgb-post-tax-term\">M\u00e9ditations bibliques<\/span>"]},"tags":{"linked":["<a href=\"https:\/\/www.creusonslabible.fr\/?cat=16\" class=\"advgb-post-tax-term\">\u00e9crit<\/a>"],"unlinked":["<span class=\"advgb-post-tax-term\">\u00e9crit<\/span>"]}},"comment_count":"2","relative_dates":{"created":"Publi\u00e9 5 ans il y a","modified":"Mis \u00e0 jour 1 an il y a"},"absolute_dates":{"created":"Publi\u00e9 le 3 novembre 2020","modified":"Mise \u00e0 jour le 23 janvier 2025"},"absolute_dates_time":{"created":"Publi\u00e9 le 3 novembre 2020 8h38","modified":"Mise \u00e0 jour le 23 janvier 2025 11h18"},"featured_img_caption":"","series_order":"","meta_box":[],"_links":{"self":[{"href":"https:\/\/www.creusonslabible.fr\/index.php?rest_route=\/wp\/v2\/posts\/7560","targetHints":{"allow":["GET"]}}],"collection":[{"href":"https:\/\/www.creusonslabible.fr\/index.php?rest_route=\/wp\/v2\/posts"}],"about":[{"href":"https:\/\/www.creusonslabible.fr\/index.php?rest_route=\/wp\/v2\/types\/post"}],"author":[{"embeddable":true,"href":"https:\/\/www.creusonslabible.fr\/index.php?rest_route=\/wp\/v2\/users\/3"}],"replies":[{"embeddable":true,"href":"https:\/\/www.creusonslabible.fr\/index.php?rest_route=%2Fwp%2Fv2%2Fcomments&post=7560"}],"version-history":[{"count":1,"href":"https:\/\/www.creusonslabible.fr\/index.php?rest_route=\/wp\/v2\/posts\/7560\/revisions"}],"predecessor-version":[{"id":10227,"href":"https:\/\/www.creusonslabible.fr\/index.php?rest_route=\/wp\/v2\/posts\/7560\/revisions\/10227"}],"wp:featuredmedia":[{"embeddable":true,"href":"https:\/\/www.creusonslabible.fr\/index.php?rest_route=\/wp\/v2\/media\/7558"}],"wp:attachment":[{"href":"https:\/\/www.creusonslabible.fr\/index.php?rest_route=%2Fwp%2Fv2%2Fmedia&parent=7560"}],"wp:term":[{"taxonomy":"category","embeddable":true,"href":"https:\/\/www.creusonslabible.fr\/index.php?rest_route=%2Fwp%2Fv2%2Fcategories&post=7560"},{"taxonomy":"post_tag","embeddable":true,"href":"https:\/\/www.creusonslabible.fr\/index.php?rest_route=%2Fwp%2Fv2%2Ftags&post=7560"},{"taxonomy":"video","embeddable":true,"href":"https:\/\/www.creusonslabible.fr\/index.php?rest_route=%2Fwp%2Fv2%2Fvideo&post=7560"},{"taxonomy":"audio","embeddable":true,"href":"https:\/\/www.creusonslabible.fr\/index.php?rest_route=%2Fwp%2Fv2%2Faudio&post=7560"},{"taxonomy":"ecrit","embeddable":true,"href":"https:\/\/www.creusonslabible.fr\/index.php?rest_route=%2Fwp%2Fv2%2Fecrit&post=7560"},{"taxonomy":"mis-en-avant","embeddable":true,"href":"https:\/\/www.creusonslabible.fr\/index.php?rest_route=%2Fwp%2Fv2%2Fmis-en-avant&post=7560"},{"taxonomy":"redacteur","embeddable":true,"href":"https:\/\/www.creusonslabible.fr\/index.php?rest_route=%2Fwp%2Fv2%2Fredacteur&post=7560"},{"taxonomy":"type-darticle","embeddable":true,"href":"https:\/\/www.creusonslabible.fr\/index.php?rest_route=%2Fwp%2Fv2%2Ftype-darticle&post=7560"}],"curies":[{"name":"wp","href":"https:\/\/api.w.org\/{rel}","templated":true}]}}