{"id":7562,"date":"2020-11-17T08:57:20","date_gmt":"2020-11-17T06:57:20","guid":{"rendered":"http:\/\/www.creusonslabible.fr\/?p=7562"},"modified":"2025-01-23T11:18:31","modified_gmt":"2025-01-23T09:18:31","slug":"joel-2-v-1-11-qui-pourra-le-supporter","status":"publish","type":"post","link":"https:\/\/www.creusonslabible.fr\/?p=7562","title":{"rendered":"Jo\u00ebl 2 v.1-11 : Qui pourra le supporter ?"},"content":{"rendered":"\n<blockquote class=\"wp-block-quote is-layout-flow wp-block-quote-is-layout-flow\"><p><a href=\"file:\/\/\/var\/folders\/l1\/f43k7wyx4vg1cb5mcn4jx4d80000gn\/T\/bibliauniversalis2\/**2.1\">2&nbsp;<\/a>Sonnez de la trompe en Sion&nbsp;!&nbsp;<br \/>Lancez des acclamations dans ma montagne sacr\u00e9e&nbsp;!&nbsp;<br \/>Que tous les habitants du pays tremblent&nbsp;!&nbsp;<br \/>Car le jour du SEIGNEUR vient,&nbsp;<br \/>il est proche.<\/p><\/blockquote>\n\n\n\n<blockquote class=\"wp-block-quote is-layout-flow wp-block-quote-is-layout-flow\"><p><a href=\"file:\/\/\/var\/folders\/l1\/f43k7wyx4vg1cb5mcn4jx4d80000gn\/T\/bibliauniversalis2\/**2.2\">2&nbsp;<\/a>Jour de t\u00e9n\u00e8bres et d&rsquo;obscurit\u00e9,&nbsp;<br \/>jour de nu\u00e9e et d&rsquo;obscurit\u00e9 \u00e9paisse,&nbsp;<br \/>il vient comme l&rsquo;aurore qui se d\u00e9ploie sur les montagnes.&nbsp;<br \/>C&rsquo;est un peuple nombreux et fort,&nbsp;<br \/>tel qu&rsquo;il n&rsquo;y en a jamais eu&nbsp;<br \/>et qu&rsquo;il n&rsquo;y en aura plus&nbsp;<br \/>dans toutes les g\u00e9n\u00e9rations \u00e0 venir.<\/p><\/blockquote>\n\n\n\n<blockquote class=\"wp-block-quote is-layout-flow wp-block-quote-is-layout-flow\"><p><a href=\"file:\/\/\/var\/folders\/l1\/f43k7wyx4vg1cb5mcn4jx4d80000gn\/T\/bibliauniversalis2\/**2.3\">3&nbsp;<\/a>Devant lui, un feu d\u00e9vorant&nbsp;;&nbsp;<br \/>derri\u00e8re lui, des flammes br\u00fblantes&nbsp;;&nbsp;<br \/>le pays est devant lui comme un jardin d&rsquo;Eden,&nbsp;<br \/>et derri\u00e8re lui c&rsquo;est un d\u00e9sert, un lieu d\u00e9vast\u00e9&nbsp;;&nbsp;<br \/>rien ne lui \u00e9chappe&nbsp;!<\/p><\/blockquote>\n\n\n\n<blockquote class=\"wp-block-quote is-layout-flow wp-block-quote-is-layout-flow\"><p><a href=\"file:\/\/\/var\/folders\/l1\/f43k7wyx4vg1cb5mcn4jx4d80000gn\/T\/bibliauniversalis2\/**2.4\">4&nbsp;<\/a>On dirait des chevaux,&nbsp;<br \/>ils courent comme des attelages.<\/p><\/blockquote>\n\n\n\n<blockquote class=\"wp-block-quote is-layout-flow wp-block-quote-is-layout-flow\"><p><a href=\"file:\/\/\/var\/folders\/l1\/f43k7wyx4vg1cb5mcn4jx4d80000gn\/T\/bibliauniversalis2\/**2.5\">5&nbsp;<\/a>On dirait un bruit de chars&nbsp;<br \/>qui bondissent sur le sommet des montagnes.&nbsp;<br \/>On dirait le bruit des flammes&nbsp;<br \/>qui d\u00e9vorent le chaume.&nbsp;<br \/>On dirait un peuple fort&nbsp;<br \/>rang\u00e9 en ordre de bataille.<\/p><\/blockquote>\n\n\n\n<blockquote class=\"wp-block-quote is-layout-flow wp-block-quote-is-layout-flow\"><p><a href=\"file:\/\/\/var\/folders\/l1\/f43k7wyx4vg1cb5mcn4jx4d80000gn\/T\/bibliauniversalis2\/**2.6\">6&nbsp;<\/a>A sa vue, les peuples tremblent,&nbsp;<br \/>tous les visages p\u00e2lissent.<\/p><\/blockquote>\n\n\n\n<blockquote class=\"wp-block-quote is-layout-flow wp-block-quote-is-layout-flow\"><p><a href=\"file:\/\/\/var\/folders\/l1\/f43k7wyx4vg1cb5mcn4jx4d80000gn\/T\/bibliauniversalis2\/**2.7\">7&nbsp;<\/a>Ils courent comme des h\u00e9ros,&nbsp;<br \/>ils escaladent une muraille comme des hommes de guerre&nbsp;;&nbsp;<br \/>chacun va son chemin,&nbsp;<br \/>ils ne quittent pas leur route.<\/p><\/blockquote>\n\n\n\n<blockquote class=\"wp-block-quote is-layout-flow wp-block-quote-is-layout-flow\"><p><a href=\"file:\/\/\/var\/folders\/l1\/f43k7wyx4vg1cb5mcn4jx4d80000gn\/T\/bibliauniversalis2\/**2.8\">8&nbsp;<\/a>Personne ne bouscule son voisin,&nbsp;<br \/>chacun suit sa propre route&nbsp;;&nbsp;<br \/>ils se ruent au travers des projectiles&nbsp;<br \/>sans rompre les rangs.<\/p><\/blockquote>\n\n\n\n<blockquote class=\"wp-block-quote is-layout-flow wp-block-quote-is-layout-flow\"><p><a href=\"file:\/\/\/var\/folders\/l1\/f43k7wyx4vg1cb5mcn4jx4d80000gn\/T\/bibliauniversalis2\/**2.9\">9&nbsp;<\/a>Ils fondent sur la ville,&nbsp;<br \/>courent sur la muraille,&nbsp;<br \/>escaladent les maisons,&nbsp;<br \/>entrent par les fen\u00eatres comme un voleur.<\/p><\/blockquote>\n\n\n\n<blockquote class=\"wp-block-quote is-layout-flow wp-block-quote-is-layout-flow\"><p><a href=\"file:\/\/\/var\/folders\/l1\/f43k7wyx4vg1cb5mcn4jx4d80000gn\/T\/bibliauniversalis2\/**2.10\">10&nbsp;<\/a>Devant lui, la terre s&rsquo;agite,&nbsp;<br \/>le ciel tremble,&nbsp;<br \/>le soleil et la lune s&rsquo;assombrissent,&nbsp;<br \/>les \u00e9toiles perdent leur clart\u00e9.<\/p><\/blockquote>\n\n\n\n<blockquote class=\"wp-block-quote is-layout-flow wp-block-quote-is-layout-flow\"><p><a href=\"file:\/\/\/var\/folders\/l1\/f43k7wyx4vg1cb5mcn4jx4d80000gn\/T\/bibliauniversalis2\/**2.11\">11&nbsp;<\/a>Le SEIGNEUR fait retentir sa voix devant son arm\u00e9e&nbsp;:&nbsp;<br \/>sa troupe est immense,&nbsp;<br \/>celui qui ex\u00e9cute sa parole est fort&nbsp;;&nbsp;<br \/>car le jour du SEIGNEUR est grand,&nbsp;<br \/>il est tr\u00e8s redoutable&nbsp;:&nbsp;<br \/>qui pourra le supporter&nbsp;?<\/p><\/blockquote>\n\n\n\n<h2 class=\"wp-block-heading\"><strong>Le jour de l\u2019Eternel arrive<\/strong><\/h2>\n\n\n\n<p>Ce texte nous parle du jour de l\u2019Eternel. Le verset 1&nbsp;annonce que : \u00ab&nbsp;le jour de l\u2019Eternel vient, il est proche&nbsp;\u00bb. Et le verset 11 conclut que&nbsp;\u00ab&nbsp;le jour de l\u2019Eternel est grand, il est terrible&nbsp;\u00bb. Mais de quoi s\u2019agit-il exactement&nbsp;?<\/p>\n\n\n\n<p>Jo\u00ebl, comme d\u2019autres proph\u00e8tes, utilisent l\u2019expression \u00ab&nbsp;jour de l\u2019Eternel&nbsp;\u00bb pour d\u00e9signer un jour de jugement.<\/p>\n\n\n\n<p>Il revient ainsi sur la catastrophe du chapitre 1 en montrant qu\u2019il s\u2019agit d\u2019un jugement divin&nbsp;: \u00ab&nbsp;l\u2019Eternel fait entendre sa voix \u00e0 la t\u00eate de son arm\u00e9e&nbsp;\u00bb (v.11). Le fl\u00e9au subi par le peuple est donc une cons\u00e9quence de son infid\u00e9lit\u00e9 envers Dieu. C\u2019\u00e9tait un des ch\u00e2timents pr\u00e9vus dans la loi donn\u00e9e \u00e0 Mo\u00efse (Deut\u00e9ronome 28 v.38).&nbsp;<\/p>\n\n\n\n<p>Ce jugement de Dieu est redoutable&nbsp;: les habitants de Juda tremblent (v.1) suivis de tous les peuples (v.6) jusqu\u2019\u00e0 la cr\u00e9ation elle-m\u00eame (v.10).<\/p>\n\n\n\n<h2 class=\"wp-block-heading\"><strong>Une sc\u00e8ne d\u2019action\u2026<\/strong><\/h2>\n\n\n\n<p>Avec les images utilis\u00e9es, on se croirait presque dans un film. L\u2019\u00e9tau se resserre de plus en plus&nbsp;: d\u2019abord les t\u00e9n\u00e8bres et l\u2019obscurit\u00e9 qui se r\u00e9pandent peu \u00e0 peu (v.2), puis le feu qui progresse immanquablement (v.2, 5), puis l\u2019arm\u00e9e qui s\u2019\u00e9lance, escalade les murs, les murailles, s\u2019infiltre dans les maisons\u2026 Nous sommes pris au pi\u00e8ge&nbsp;!<\/p>\n\n\n\n<h2 class=\"wp-block-heading\"><strong>\u2026qui finit en queue de poisson<\/strong><\/h2>\n\n\n\n<p>Le film s\u2019arr\u00eate de fa\u00e7on \u00e9tonnante&nbsp;: la maison est envahie, l\u2019obscurit\u00e9 est compl\u00e8te. Mais que se passe-t-il apr\u00e8s&nbsp;? La question reste en suspens&nbsp;: \u00ab&nbsp;qui pourra le supporter&nbsp;?&nbsp;\u00bb (v.11). D\u2019une certaine fa\u00e7on, Jo\u00ebl nous met face \u00e0 notre incapacit\u00e9 \u00e0 r\u00e9sister au jugement de Dieu. On en frissonne&nbsp;!<\/p>\n\n\n\n<p>\uf0e0 Un jour, l\u2019obscurit\u00e9 a r\u00e9gn\u00e9 en plein midi, la terre a trembl\u00e9. L\u2019\u00e9tau s\u2019est resserr\u00e9 sur J\u00e9sus. Il n\u2019a pas pu \u00e9chapper \u00e0 la punition divine. M\u00e9ditons sur l\u2019horreur qu\u2019a v\u00e9cue J\u00e9sus en subissant le jugement de Dieu \u00e0 notre place.<\/p>\n","protected":false},"excerpt":{"rendered":"<p>2&nbsp;Sonnez de la trompe en Sion&nbsp;!&nbsp;Lancez des acclamations dans ma montagne sacr\u00e9e&nbsp;!&nbsp;Que tous les habitants du pays tremblent&nbsp;!&nbsp;Car le jour du SEIGNEUR vient,&nbsp;il est proche. 2&nbsp;Jour de t\u00e9n\u00e8bres et d&rsquo;obscurit\u00e9,&nbsp;jour de nu\u00e9e et d&rsquo;obscurit\u00e9 \u00e9paisse,&nbsp;il vient comme l&rsquo;aurore qui se d\u00e9ploie sur les montagnes.&nbsp;C&rsquo;est un peuple nombreux et fort,&nbsp;tel qu&rsquo;il n&rsquo;y en a jamais eu&nbsp;et [&hellip;]<\/p>\n","protected":false},"author":3,"featured_media":7558,"comment_status":"open","ping_status":"closed","sticky":false,"template":"","format":"standard","meta":{"_acf_changed":false,"_eb_attr":"","advgb_blocks_editor_width":"","advgb_blocks_columns_visual_guide":"","footnotes":""},"categories":[16],"tags":[651,551],"video":[],"audio":[],"ecrit":[],"mis-en-avant":[],"redacteur":[],"type-darticle":[],"class_list":["post-7562","post","type-post","status-publish","format-standard","has-post-thumbnail","hentry","category-meditations-bibliques","tag-ecrit","tag-joel"],"blocksy_meta":[],"acf":[],"featured_image_src":"https:\/\/www.creusonslabible.fr\/wp-content\/uploads\/2020\/09\/boris-smokrovic-EbMXBq_TXqM-unsplash-scaled-2.jpg","author_info":{"display_name":"Yoh","author_link":"https:\/\/www.creusonslabible.fr\/?author=3"},"author_meta":{"display_name":"Yoh","author_link":"https:\/\/www.creusonslabible.fr\/?author=3"},"featured_img":"https:\/\/www.creusonslabible.fr\/wp-content\/uploads\/2020\/09\/boris-smokrovic-EbMXBq_TXqM-unsplash-scaled-2-300x200.jpg","coauthors":[],"tax_additional":{"categories":{"linked":["<a href=\"https:\/\/www.creusonslabible.fr\/?cat=16\" class=\"advgb-post-tax-term\">M\u00e9ditations bibliques<\/a>"],"unlinked":["<span class=\"advgb-post-tax-term\">M\u00e9ditations bibliques<\/span>"]},"tags":{"linked":["<a href=\"https:\/\/www.creusonslabible.fr\/?cat=16\" class=\"advgb-post-tax-term\">\u00e9crit<\/a>","<a href=\"https:\/\/www.creusonslabible.fr\/?cat=16\" class=\"advgb-post-tax-term\">Jo\u00ebl<\/a>"],"unlinked":["<span class=\"advgb-post-tax-term\">\u00e9crit<\/span>","<span class=\"advgb-post-tax-term\">Jo\u00ebl<\/span>"]}},"comment_count":"0","relative_dates":{"created":"Publi\u00e9 5 ans il y a","modified":"Mis \u00e0 jour 1 an il y a"},"absolute_dates":{"created":"Publi\u00e9 le 17 novembre 2020","modified":"Mise \u00e0 jour le 23 janvier 2025"},"absolute_dates_time":{"created":"Publi\u00e9 le 17 novembre 2020 8h57","modified":"Mise \u00e0 jour le 23 janvier 2025 11h18"},"featured_img_caption":"","series_order":"","meta_box":[],"_links":{"self":[{"href":"https:\/\/www.creusonslabible.fr\/index.php?rest_route=\/wp\/v2\/posts\/7562","targetHints":{"allow":["GET"]}}],"collection":[{"href":"https:\/\/www.creusonslabible.fr\/index.php?rest_route=\/wp\/v2\/posts"}],"about":[{"href":"https:\/\/www.creusonslabible.fr\/index.php?rest_route=\/wp\/v2\/types\/post"}],"author":[{"embeddable":true,"href":"https:\/\/www.creusonslabible.fr\/index.php?rest_route=\/wp\/v2\/users\/3"}],"replies":[{"embeddable":true,"href":"https:\/\/www.creusonslabible.fr\/index.php?rest_route=%2Fwp%2Fv2%2Fcomments&post=7562"}],"version-history":[{"count":1,"href":"https:\/\/www.creusonslabible.fr\/index.php?rest_route=\/wp\/v2\/posts\/7562\/revisions"}],"predecessor-version":[{"id":10225,"href":"https:\/\/www.creusonslabible.fr\/index.php?rest_route=\/wp\/v2\/posts\/7562\/revisions\/10225"}],"wp:featuredmedia":[{"embeddable":true,"href":"https:\/\/www.creusonslabible.fr\/index.php?rest_route=\/wp\/v2\/media\/7558"}],"wp:attachment":[{"href":"https:\/\/www.creusonslabible.fr\/index.php?rest_route=%2Fwp%2Fv2%2Fmedia&parent=7562"}],"wp:term":[{"taxonomy":"category","embeddable":true,"href":"https:\/\/www.creusonslabible.fr\/index.php?rest_route=%2Fwp%2Fv2%2Fcategories&post=7562"},{"taxonomy":"post_tag","embeddable":true,"href":"https:\/\/www.creusonslabible.fr\/index.php?rest_route=%2Fwp%2Fv2%2Ftags&post=7562"},{"taxonomy":"video","embeddable":true,"href":"https:\/\/www.creusonslabible.fr\/index.php?rest_route=%2Fwp%2Fv2%2Fvideo&post=7562"},{"taxonomy":"audio","embeddable":true,"href":"https:\/\/www.creusonslabible.fr\/index.php?rest_route=%2Fwp%2Fv2%2Faudio&post=7562"},{"taxonomy":"ecrit","embeddable":true,"href":"https:\/\/www.creusonslabible.fr\/index.php?rest_route=%2Fwp%2Fv2%2Fecrit&post=7562"},{"taxonomy":"mis-en-avant","embeddable":true,"href":"https:\/\/www.creusonslabible.fr\/index.php?rest_route=%2Fwp%2Fv2%2Fmis-en-avant&post=7562"},{"taxonomy":"redacteur","embeddable":true,"href":"https:\/\/www.creusonslabible.fr\/index.php?rest_route=%2Fwp%2Fv2%2Fredacteur&post=7562"},{"taxonomy":"type-darticle","embeddable":true,"href":"https:\/\/www.creusonslabible.fr\/index.php?rest_route=%2Fwp%2Fv2%2Ftype-darticle&post=7562"}],"curies":[{"name":"wp","href":"https:\/\/api.w.org\/{rel}","templated":true}]}}