{"id":7568,"date":"2020-12-08T08:13:13","date_gmt":"2020-12-08T06:13:13","guid":{"rendered":"http:\/\/www.creusonslabible.fr\/?p=7568"},"modified":"2025-01-23T11:18:30","modified_gmt":"2025-01-23T09:18:30","slug":"joel-3-v-1-5-restaures-rescapes","status":"publish","type":"post","link":"https:\/\/www.creusonslabible.fr\/?p=7568","title":{"rendered":"Jo\u00ebl 3 v.1-5 : Restaur\u00e9s, rescap\u00e9s"},"content":{"rendered":"\n<blockquote class=\"wp-block-quote is-layout-flow wp-block-quote-is-layout-flow\"><p><a href=\"file:\/\/\/var\/folders\/l1\/f43k7wyx4vg1cb5mcn4jx4d80000gn\/T\/bibliauniversalis2\/**3.1\">3\u00a0.1<\/a> Apr\u00e8s cela, je r\u00e9pandrai mon souffle sur tous\u00a0:\u00a0<br \/>vos fils et vos filles deviendront proph\u00e8tes,\u00a0<br \/>vos anciens auront des r\u00eaves,\u00a0<br \/>et vos jeunes gens des visions.<\/p><\/blockquote>\n\n\n\n<blockquote class=\"wp-block-quote is-layout-flow wp-block-quote-is-layout-flow\"><p><a href=\"file:\/\/\/var\/folders\/l1\/f43k7wyx4vg1cb5mcn4jx4d80000gn\/T\/bibliauniversalis2\/**3.2\">2&nbsp;<\/a>M\u00eame sur les esclaves et sur les servantes,&nbsp;<br \/>en ces jours-l\u00e0, je r\u00e9pandrai mon souffle.<\/p><\/blockquote>\n\n\n\n<blockquote class=\"wp-block-quote is-layout-flow wp-block-quote-is-layout-flow\"><p><a href=\"file:\/\/\/var\/folders\/l1\/f43k7wyx4vg1cb5mcn4jx4d80000gn\/T\/bibliauniversalis2\/**3.3\">3&nbsp;<\/a>Je ferai para\u00eetre des prodiges&nbsp;<br \/>dans le ciel et sur la terre&nbsp;:&nbsp;<br \/>du sang, du feu et des colonnes de fum\u00e9e&nbsp;;<\/p><\/blockquote>\n\n\n\n<blockquote class=\"wp-block-quote is-layout-flow wp-block-quote-is-layout-flow\"><p><a href=\"file:\/\/\/var\/folders\/l1\/f43k7wyx4vg1cb5mcn4jx4d80000gn\/T\/bibliauniversalis2\/**3.4\">4&nbsp;<\/a>le soleil se changera en t\u00e9n\u00e8bres,&nbsp;<br \/>la lune en sang,&nbsp;<br \/>avant que n&rsquo;arrive le jour du SEIGNEUR,&nbsp;<br \/>ce jour grand et redoutable.<\/p><\/blockquote>\n\n\n\n<blockquote class=\"wp-block-quote is-layout-flow wp-block-quote-is-layout-flow\"><p><a href=\"file:\/\/\/var\/folders\/l1\/f43k7wyx4vg1cb5mcn4jx4d80000gn\/T\/bibliauniversalis2\/**3.5\">5&nbsp;<\/a>Alors quiconque invoquera le nom du SEIGNEUR \u00e9chappera,&nbsp;<br \/>car au mont Sion, \u00e0 J\u00e9rusalem,&nbsp;<br \/>il y aura des rescap\u00e9s,&nbsp;<br \/>comme l&rsquo;a dit le SEIGNEUR,&nbsp;<br \/>et ceux que le SEIGNEUR appelle seront parmi les survivants.<\/p><\/blockquote>\n\n\n\n<h2 class=\"wp-block-heading\"><strong>Une restauration compl\u00e8te (v.1-2)<\/strong><\/h2>\n\n\n\n<p>Dieu ne se contente pas d\u2019une restauration mat\u00e9rielle. Aux versets 1 et 2, il va plus loin&nbsp;: il promet une restauration spirituelle. Alors que les Jud\u00e9ens s\u2019\u00e9taient \u00e9gar\u00e9s loin de Dieu, Dieu fera d\u2019eux des proph\u00e8tes. Tous, quel que soit leur \u00e2ge, leur sexe ou leur statut social, reconna\u00eetront le seul vrai Dieu. Tous auront acc\u00e8s \u00e0 Dieu sans interm\u00e9diaire et auront envie d\u2019agir selon sa volont\u00e9.&nbsp;<\/p>\n\n\n\n<p>Cela accomplira le souhait formul\u00e9 par Mo\u00efse en Nombres 11 v. 29&nbsp;: \u00ab Si seulement tout le peuple de l&rsquo;Eternel \u00e9tait compos\u00e9 de proph\u00e8tes ! Si seulement l&rsquo;Eternel mettait son Esprit sur eux !\u00bb<\/p>\n\n\n\n<h2 class=\"wp-block-heading\"><strong>Un salut offert \u00e0 tous (v.3-5)<\/strong><\/h2>\n\n\n\n<p>On retrouve notre fameux \u00ab&nbsp;jour de l\u2019Eternel&nbsp;\u00bb avec les m\u00eames signes que pr\u00e9c\u00e9demment&nbsp;: l\u2019obscurit\u00e9, le feu\u2026 Mais il a d\u00e9sormais une dimension universelle. Un jour, le jugement de Dieu concernera tout le monde. L\u00e0 encore, Dieu donne le moyen d\u2019y \u00e9chapper&nbsp;: \u00ab&nbsp;toute personne qui fera appel au nom de l\u2019Eternel sera sauv\u00e9e&nbsp;\u00bb. \u00c7a ressemble \u00e0 l\u2019invitation \u00e0 revenir \u00e0 Dieu de Jo\u00ebl 2 v.12-13. Mais il y a deux nouveaut\u00e9s dans cette promesse&nbsp;:<\/p>\n\n\n\n<ul class=\"wp-block-list\"><li>L\u2019exhortation \u00e0 se tourner vers Dieu est cette fois individuelle. Il ne s\u2019agit plus d\u2019une repentance collective. Chacun est face \u00e0 son propre choix. Et donc seuls certains seront sauv\u00e9s&nbsp;: \u00ab&nbsp;il y aura des rescap\u00e9s&nbsp;\u00bb.<\/li><li>La promesse ne concerne pas que le peuple d\u2019Isra\u00ebl. Au verset 1 d\u00e9j\u00e0, Dieu parle d\u2019accorder son esprit \u00e0 \u00ab&nbsp;tout \u00eatre humain&nbsp;\u00bb. Et au verset 5, il inclut \u00ab&nbsp;toute personne&nbsp;\u00bb. L\u2019ap\u00f4tre Paul \u00e9voque cette g\u00e9n\u00e9ralisation de la promesse lorsqu\u2019il cite ce passage en Romains 10 v.12-13 : \u00ab&nbsp;Ainsi, il n&rsquo;y a aucune diff\u00e9rence entre le Juif et le non-Juif, puisqu&rsquo;ils ont tous le m\u00eame Seigneur, qui se montre g\u00e9n\u00e9reux pour tous ceux qui font appel \u00e0 lui.&nbsp;En effet,&nbsp;<em>toute personne qui fera appel au nom du Seigneur sera sauv\u00e9e<\/em>. \u00bb<\/li><\/ul>\n\n\n\n<h2 class=\"wp-block-heading\"><strong>Restaur\u00e9s, rescap\u00e9s&nbsp;: le plan de Dieu pour l\u2019humanit\u00e9<\/strong><\/h2>\n\n\n\n<p>Mo\u00efse esp\u00e9rait qu\u2019un jour, tous recevraient l\u2019Esprit de Dieu. Les interlocuteurs de Jo\u00ebl devaient attendre cette restauration spirituelle, en constatant leurs propres \u00e9checs. Quelques si\u00e8cles plus tard, l\u2019Esprit a \u00e9t\u00e9 envoy\u00e9 sur les chr\u00e9tiens, accomplissant ainsi la promesse de Jo\u00ebl 3. L\u2019ap\u00f4tre Pierre lui-m\u00eame cite ce texte lorsque les disciples re\u00e7oivent le Saint-Esprit \u00e0 la Pentec\u00f4te (Actes 2 v.16-24).&nbsp;<\/p>\n\n\n\n<p>\uf0e0 N\u2019est-ce pas encourageant de voir comment Dieu met tout en place pour le bien de ses cr\u00e9atures&nbsp;?&nbsp;<\/p>\n\n\n\n<p>\uf0e0 Comment l\u2019accomplissement des promesses de Dieu peut-il nous aider \u00e0 pers\u00e9v\u00e9rer \u00e0 \u00ab&nbsp;faire appel au nom de l\u2019Eternel&nbsp;\u00bb&nbsp;?<\/p>\n","protected":false},"excerpt":{"rendered":"<p>3\u00a0.1 Apr\u00e8s cela, je r\u00e9pandrai mon souffle sur tous\u00a0:\u00a0vos fils et vos filles deviendront proph\u00e8tes,\u00a0vos anciens auront des r\u00eaves,\u00a0et vos jeunes gens des visions. 2&nbsp;M\u00eame sur les esclaves et sur les servantes,&nbsp;en ces jours-l\u00e0, je r\u00e9pandrai mon souffle. 3&nbsp;Je ferai para\u00eetre des prodiges&nbsp;dans le ciel et sur la terre&nbsp;:&nbsp;du sang, du feu et des colonnes [&hellip;]<\/p>\n","protected":false},"author":3,"featured_media":7558,"comment_status":"open","ping_status":"closed","sticky":false,"template":"","format":"standard","meta":{"_acf_changed":false,"_eb_attr":"","advgb_blocks_editor_width":"","advgb_blocks_columns_visual_guide":"","footnotes":""},"categories":[16],"tags":[651,551],"video":[],"audio":[],"ecrit":[],"mis-en-avant":[],"redacteur":[],"type-darticle":[],"class_list":["post-7568","post","type-post","status-publish","format-standard","has-post-thumbnail","hentry","category-meditations-bibliques","tag-ecrit","tag-joel"],"blocksy_meta":[],"acf":[],"featured_image_src":"https:\/\/www.creusonslabible.fr\/wp-content\/uploads\/2020\/09\/boris-smokrovic-EbMXBq_TXqM-unsplash-scaled-2.jpg","author_info":{"display_name":"Yoh","author_link":"https:\/\/www.creusonslabible.fr\/?author=3"},"author_meta":{"display_name":"Yoh","author_link":"https:\/\/www.creusonslabible.fr\/?author=3"},"featured_img":"https:\/\/www.creusonslabible.fr\/wp-content\/uploads\/2020\/09\/boris-smokrovic-EbMXBq_TXqM-unsplash-scaled-2-300x200.jpg","coauthors":[],"tax_additional":{"categories":{"linked":["<a href=\"https:\/\/www.creusonslabible.fr\/?cat=16\" class=\"advgb-post-tax-term\">M\u00e9ditations bibliques<\/a>"],"unlinked":["<span class=\"advgb-post-tax-term\">M\u00e9ditations bibliques<\/span>"]},"tags":{"linked":["<a href=\"https:\/\/www.creusonslabible.fr\/?cat=16\" class=\"advgb-post-tax-term\">\u00e9crit<\/a>","<a href=\"https:\/\/www.creusonslabible.fr\/?cat=16\" class=\"advgb-post-tax-term\">Jo\u00ebl<\/a>"],"unlinked":["<span class=\"advgb-post-tax-term\">\u00e9crit<\/span>","<span class=\"advgb-post-tax-term\">Jo\u00ebl<\/span>"]}},"comment_count":"0","relative_dates":{"created":"Publi\u00e9 5 ans il y a","modified":"Mis \u00e0 jour 1 an il y a"},"absolute_dates":{"created":"Publi\u00e9 le 8 d\u00e9cembre 2020","modified":"Mise \u00e0 jour le 23 janvier 2025"},"absolute_dates_time":{"created":"Publi\u00e9 le 8 d\u00e9cembre 2020 8h13","modified":"Mise \u00e0 jour le 23 janvier 2025 11h18"},"featured_img_caption":"","series_order":"","meta_box":[],"_links":{"self":[{"href":"https:\/\/www.creusonslabible.fr\/index.php?rest_route=\/wp\/v2\/posts\/7568","targetHints":{"allow":["GET"]}}],"collection":[{"href":"https:\/\/www.creusonslabible.fr\/index.php?rest_route=\/wp\/v2\/posts"}],"about":[{"href":"https:\/\/www.creusonslabible.fr\/index.php?rest_route=\/wp\/v2\/types\/post"}],"author":[{"embeddable":true,"href":"https:\/\/www.creusonslabible.fr\/index.php?rest_route=\/wp\/v2\/users\/3"}],"replies":[{"embeddable":true,"href":"https:\/\/www.creusonslabible.fr\/index.php?rest_route=%2Fwp%2Fv2%2Fcomments&post=7568"}],"version-history":[{"count":2,"href":"https:\/\/www.creusonslabible.fr\/index.php?rest_route=\/wp\/v2\/posts\/7568\/revisions"}],"predecessor-version":[{"id":10222,"href":"https:\/\/www.creusonslabible.fr\/index.php?rest_route=\/wp\/v2\/posts\/7568\/revisions\/10222"}],"wp:featuredmedia":[{"embeddable":true,"href":"https:\/\/www.creusonslabible.fr\/index.php?rest_route=\/wp\/v2\/media\/7558"}],"wp:attachment":[{"href":"https:\/\/www.creusonslabible.fr\/index.php?rest_route=%2Fwp%2Fv2%2Fmedia&parent=7568"}],"wp:term":[{"taxonomy":"category","embeddable":true,"href":"https:\/\/www.creusonslabible.fr\/index.php?rest_route=%2Fwp%2Fv2%2Fcategories&post=7568"},{"taxonomy":"post_tag","embeddable":true,"href":"https:\/\/www.creusonslabible.fr\/index.php?rest_route=%2Fwp%2Fv2%2Ftags&post=7568"},{"taxonomy":"video","embeddable":true,"href":"https:\/\/www.creusonslabible.fr\/index.php?rest_route=%2Fwp%2Fv2%2Fvideo&post=7568"},{"taxonomy":"audio","embeddable":true,"href":"https:\/\/www.creusonslabible.fr\/index.php?rest_route=%2Fwp%2Fv2%2Faudio&post=7568"},{"taxonomy":"ecrit","embeddable":true,"href":"https:\/\/www.creusonslabible.fr\/index.php?rest_route=%2Fwp%2Fv2%2Fecrit&post=7568"},{"taxonomy":"mis-en-avant","embeddable":true,"href":"https:\/\/www.creusonslabible.fr\/index.php?rest_route=%2Fwp%2Fv2%2Fmis-en-avant&post=7568"},{"taxonomy":"redacteur","embeddable":true,"href":"https:\/\/www.creusonslabible.fr\/index.php?rest_route=%2Fwp%2Fv2%2Fredacteur&post=7568"},{"taxonomy":"type-darticle","embeddable":true,"href":"https:\/\/www.creusonslabible.fr\/index.php?rest_route=%2Fwp%2Fv2%2Ftype-darticle&post=7568"}],"curies":[{"name":"wp","href":"https:\/\/api.w.org\/{rel}","templated":true}]}}