{"id":7570,"date":"2020-12-15T02:16:57","date_gmt":"2020-12-15T00:16:57","guid":{"rendered":"http:\/\/www.creusonslabible.fr\/?p=7570"},"modified":"2025-01-23T11:18:30","modified_gmt":"2025-01-23T09:18:30","slug":"joel-4-v-1-8-justice","status":"publish","type":"post","link":"https:\/\/www.creusonslabible.fr\/?p=7570","title":{"rendered":"Jo\u00ebl 4 v.1-8 : Justice"},"content":{"rendered":"\n<blockquote class=\"wp-block-quote is-layout-flow wp-block-quote-is-layout-flow\"><p><a href=\"file:\/\/\/var\/folders\/l1\/f43k7wyx4vg1cb5mcn4jx4d80000gn\/T\/bibliauniversalis2\/**4.1\">4&nbsp;<\/a>En ces jours-l\u00e0, en ce temps-l\u00e0,&nbsp;<br \/>quand je r\u00e9tablirai la situation de Juda et de J\u00e9rusalem,<\/p><\/blockquote>\n\n\n\n<blockquote class=\"wp-block-quote is-layout-flow wp-block-quote-is-layout-flow\"><p><a href=\"file:\/\/\/var\/folders\/l1\/f43k7wyx4vg1cb5mcn4jx4d80000gn\/T\/bibliauniversalis2\/**4.2\">2&nbsp;<\/a>je rassemblerai toutes les nations,&nbsp;<br \/>et je les ferai descendre dans la vall\u00e9e de Josaphat&nbsp;;&nbsp;<br \/>l\u00e0, j&rsquo;entrerai en jugement avec elles&nbsp;<br \/>au sujet d&rsquo;Isra\u00ebl, mon peuple, mon patrimoine,&nbsp;<br \/>qu&rsquo;elles ont dispers\u00e9 parmi les nations,&nbsp;<br \/>et au sujet de mon pays qu&rsquo;elles se sont partag\u00e9.<\/p><\/blockquote>\n\n\n\n<blockquote class=\"wp-block-quote is-layout-flow wp-block-quote-is-layout-flow\"><p><a href=\"file:\/\/\/var\/folders\/l1\/f43k7wyx4vg1cb5mcn4jx4d80000gn\/T\/bibliauniversalis2\/**4.3\">3&nbsp;<\/a>On a tir\u00e9 mon peuple au sort&nbsp;;&nbsp;<br \/>on a donn\u00e9 le gar\u00e7onnet pour une prostitu\u00e9e,&nbsp;<br \/>on a vendu la fillette pour le vin qu&rsquo;on a bu.<\/p><\/blockquote>\n\n\n\n<blockquote class=\"wp-block-quote is-layout-flow wp-block-quote-is-layout-flow\"><p><a href=\"file:\/\/\/var\/folders\/l1\/f43k7wyx4vg1cb5mcn4jx4d80000gn\/T\/bibliauniversalis2\/**4.4\">4&nbsp;<\/a>De m\u00eame,&nbsp;<br \/>que me voulez-vous, Tyr et Sidon,&nbsp;<br \/>et vous tous, districts des Philistins&nbsp;?&nbsp;<br \/>Voulez-vous tirer vengeance de moi&nbsp;?&nbsp;<br \/>Si vous vous vengez de moi,&nbsp;<br \/>je ferai bien vite retomber sur votre t\u00eate ce que vous m\u00e9ritez&nbsp;!<\/p><\/blockquote>\n\n\n\n<blockquote class=\"wp-block-quote is-layout-flow wp-block-quote-is-layout-flow\"><p><a href=\"file:\/\/\/var\/folders\/l1\/f43k7wyx4vg1cb5mcn4jx4d80000gn\/T\/bibliauniversalis2\/**4.5\">5&nbsp;<\/a>Vous avez pris mon argent et mon or&nbsp;;&nbsp;<br \/>mes beaux objets pr\u00e9cieux,&nbsp;<br \/>vous les avez emport\u00e9s dans vos palais.<\/p><\/blockquote>\n\n\n\n<blockquote class=\"wp-block-quote is-layout-flow wp-block-quote-is-layout-flow\"><p><a href=\"file:\/\/\/var\/folders\/l1\/f43k7wyx4vg1cb5mcn4jx4d80000gn\/T\/bibliauniversalis2\/**4.6\">6&nbsp;<\/a>Vous avez vendu les fils de Juda et de J\u00e9rusalem aux Grecs&nbsp;<br \/>afin de les \u00e9loigner de leur territoire.<\/p><\/blockquote>\n\n\n\n<blockquote class=\"wp-block-quote is-layout-flow wp-block-quote-is-layout-flow\"><p><a href=\"file:\/\/\/var\/folders\/l1\/f43k7wyx4vg1cb5mcn4jx4d80000gn\/T\/bibliauniversalis2\/**4.7\">7&nbsp;<\/a>Eh bien, je les \u00e9veille&nbsp;<br \/>pour qu&rsquo;ils quittent le lieu&nbsp;<br \/>o\u00f9 vous les avez vendus,&nbsp;<br \/>et je ferai retomber sur votre t\u00eate ce que vous m\u00e9ritez.<\/p><\/blockquote>\n\n\n\n<blockquote class=\"wp-block-quote is-layout-flow wp-block-quote-is-layout-flow\"><p><a href=\"file:\/\/\/var\/folders\/l1\/f43k7wyx4vg1cb5mcn4jx4d80000gn\/T\/bibliauniversalis2\/**4.8\">8&nbsp;<\/a>Je vendrai vos fils et vos filles aux fils de Juda,&nbsp;<br \/>et ils les vendront aux Sab\u00e9ens, nation lointaine&nbsp;;&nbsp;<br \/>\u2013 c&rsquo;est le SEIGNEUR qui parle.<\/p><\/blockquote>\n\n\n\n<h2 class=\"wp-block-heading\"><strong>Les rescap\u00e9s du mont Sion<\/strong><\/h2>\n\n\n\n<p>Le chapitre pr\u00e9c\u00e9dent s\u2019est achev\u00e9 sur le jour de l\u2019Eternel, \u00ab&nbsp;grand et terrible&nbsp;\u00bb. Le texte d\u2019aujourd\u2019hui poursuit la description de ce qui se passera \u00ab&nbsp;durant ces jours-l\u00e0&nbsp;\u00bb (v.1). Jo\u00ebl expose d\u2019abord ce que Dieu va faire pour les \u00ab&nbsp;rescap\u00e9s sur le mont Sion&nbsp;\u00bb de la fin du chapitre 3 (ou 2 selon les versions)&nbsp;:<\/p>\n\n\n\n<ul class=\"wp-block-list\"><li>dans les versets 1 \u00e0 5&nbsp;: relevez toutes les fois o\u00f9 Dieu utilise mon\/me\/mes.<\/li><li>dans les versets 6 \u00e0 8&nbsp;: observez comment Dieu retourne la situation.&nbsp;<\/li><\/ul>\n\n\n\n<p>Ce passage nous montre combien Dieu aime son peuple. Il lui fera justice (v.2a), il le vengera (v.4). Dans une pr\u00e9dication sur ce texte, le pasteur anglais Christopher Ash utilise l\u2019illustration suivante&nbsp;: c\u2019est comme si on harcelait un enfant insignifiant dans la cour de r\u00e9cr\u00e9ation et qu\u2019on d\u00e9couvrait apr\u00e8s qu\u2019il avait un tr\u00e8s tr\u00e8s tr\u00e8s grand fr\u00e8re.<\/p>\n\n\n\n<h2 class=\"wp-block-heading\"><strong>Un accomplissement en deux temps<\/strong><\/h2>\n\n\n\n<p>Cette proph\u00e9tie a \u00e9t\u00e9 partiellement accomplie lorsque les jud\u00e9ens exil\u00e9s \u00e0 Babylone sont revenus dans leur pays (cf. v.1). Mais les \u00ab&nbsp;rescap\u00e9s sur le mont Sion&nbsp;\u00bb ont aussi une signification symbolique&nbsp;: il s\u2019agit de tous ceux qui se confient en Dieu (3 v.5 \/ 2 v.32). Cette proph\u00e9tie s\u2019applique donc aux chr\u00e9tiens et sera totalement accomplie lors du retour de J\u00e9sus. Dieu fera alors justice aux chr\u00e9tiens, un message qu\u2019on retrouve dans le livre de l\u2019Apocalypse.<\/p>\n\n\n\n<h2 class=\"wp-block-heading\"><strong>Dans le bon camp<\/strong><\/h2>\n\n\n\n<p>Le dernier chapitre de Jo\u00ebl fait appara\u00eetre deux camps&nbsp;:<\/p>\n\n\n\n<ul class=\"wp-block-list\"><li>ceux qui font appel \u00e0 Dieu. Ils seront \u00e9pargn\u00e9s lors du jugement de Dieu. Bien plus, Dieu prendra soin d\u2019eux.<\/li><li>ceux qui se moquent de Dieu. Ils seront jug\u00e9s d\u2019une fa\u00e7on atroce, ce qu\u2019on verra dans les versets suivants.<\/li><\/ul>\n\n\n\n<p>Le contraste entre ces deux camps encourage \u00e0 faire le bon choix&nbsp;!&nbsp;<\/p>\n\n\n\n<p>\uf0e0 Si nous sommes chr\u00e9tiens, nous sommes dans le camp des vainqueurs. M\u00eame si ce n\u2019est pas toujours visible, accrochons-nous \u00e0 cette r\u00e9alit\u00e9, rappel\u00e9e en Romains 8 v.31-33 : \u00ab&nbsp;Si Dieu est pour nous, qui sera contre nous ? Lui qui n&rsquo;a pas \u00e9pargn\u00e9 son propre Fils mais l&rsquo;a donn\u00e9 pour nous tous, comment ne nous accorderait-il pas aussi tout avec lui ? Qui accusera ceux que Dieu a choisis ? C&rsquo;est Dieu qui les d\u00e9clare justes ! \u00bb&nbsp;<\/p>\n\n\n\n<p>Si nous ne sommes pas chr\u00e9tiens, r\u00e9fl\u00e9chissons \u00e0 l\u2019image que nous avons de Dieu, de cette vie et de la mort. D\u2019o\u00f9 nous viennent-elles&nbsp;? Comment nous contentent-elles&nbsp;?&nbsp;<\/p>\n","protected":false},"excerpt":{"rendered":"<p>4&nbsp;En ces jours-l\u00e0, en ce temps-l\u00e0,&nbsp;quand je r\u00e9tablirai la situation de Juda et de J\u00e9rusalem, 2&nbsp;je rassemblerai toutes les nations,&nbsp;et je les ferai descendre dans la vall\u00e9e de Josaphat&nbsp;;&nbsp;l\u00e0, j&rsquo;entrerai en jugement avec elles&nbsp;au sujet d&rsquo;Isra\u00ebl, mon peuple, mon patrimoine,&nbsp;qu&rsquo;elles ont dispers\u00e9 parmi les nations,&nbsp;et au sujet de mon pays qu&rsquo;elles se sont partag\u00e9. 3&nbsp;On [&hellip;]<\/p>\n","protected":false},"author":3,"featured_media":7558,"comment_status":"open","ping_status":"closed","sticky":false,"template":"","format":"standard","meta":{"_acf_changed":false,"_eb_attr":"","advgb_blocks_editor_width":"","advgb_blocks_columns_visual_guide":"","footnotes":""},"categories":[16],"tags":[651,551],"video":[],"audio":[],"ecrit":[],"mis-en-avant":[],"redacteur":[],"type-darticle":[],"class_list":["post-7570","post","type-post","status-publish","format-standard","has-post-thumbnail","hentry","category-meditations-bibliques","tag-ecrit","tag-joel"],"blocksy_meta":[],"acf":[],"featured_image_src":"https:\/\/www.creusonslabible.fr\/wp-content\/uploads\/2020\/09\/boris-smokrovic-EbMXBq_TXqM-unsplash-scaled-2.jpg","author_info":{"display_name":"Yoh","author_link":"https:\/\/www.creusonslabible.fr\/?author=3"},"author_meta":{"display_name":"Yoh","author_link":"https:\/\/www.creusonslabible.fr\/?author=3"},"featured_img":"https:\/\/www.creusonslabible.fr\/wp-content\/uploads\/2020\/09\/boris-smokrovic-EbMXBq_TXqM-unsplash-scaled-2-300x200.jpg","coauthors":[],"tax_additional":{"categories":{"linked":["<a href=\"https:\/\/www.creusonslabible.fr\/?cat=16\" class=\"advgb-post-tax-term\">M\u00e9ditations bibliques<\/a>"],"unlinked":["<span class=\"advgb-post-tax-term\">M\u00e9ditations bibliques<\/span>"]},"tags":{"linked":["<a href=\"https:\/\/www.creusonslabible.fr\/?cat=16\" class=\"advgb-post-tax-term\">\u00e9crit<\/a>","<a href=\"https:\/\/www.creusonslabible.fr\/?cat=16\" class=\"advgb-post-tax-term\">Jo\u00ebl<\/a>"],"unlinked":["<span class=\"advgb-post-tax-term\">\u00e9crit<\/span>","<span class=\"advgb-post-tax-term\">Jo\u00ebl<\/span>"]}},"comment_count":"1","relative_dates":{"created":"Publi\u00e9 5 ans il y a","modified":"Mis \u00e0 jour 1 an il y a"},"absolute_dates":{"created":"Publi\u00e9 le 15 d\u00e9cembre 2020","modified":"Mise \u00e0 jour le 23 janvier 2025"},"absolute_dates_time":{"created":"Publi\u00e9 le 15 d\u00e9cembre 2020 2h16","modified":"Mise \u00e0 jour le 23 janvier 2025 11h18"},"featured_img_caption":"","series_order":"","meta_box":[],"_links":{"self":[{"href":"https:\/\/www.creusonslabible.fr\/index.php?rest_route=\/wp\/v2\/posts\/7570","targetHints":{"allow":["GET"]}}],"collection":[{"href":"https:\/\/www.creusonslabible.fr\/index.php?rest_route=\/wp\/v2\/posts"}],"about":[{"href":"https:\/\/www.creusonslabible.fr\/index.php?rest_route=\/wp\/v2\/types\/post"}],"author":[{"embeddable":true,"href":"https:\/\/www.creusonslabible.fr\/index.php?rest_route=\/wp\/v2\/users\/3"}],"replies":[{"embeddable":true,"href":"https:\/\/www.creusonslabible.fr\/index.php?rest_route=%2Fwp%2Fv2%2Fcomments&post=7570"}],"version-history":[{"count":1,"href":"https:\/\/www.creusonslabible.fr\/index.php?rest_route=\/wp\/v2\/posts\/7570\/revisions"}],"predecessor-version":[{"id":10221,"href":"https:\/\/www.creusonslabible.fr\/index.php?rest_route=\/wp\/v2\/posts\/7570\/revisions\/10221"}],"wp:featuredmedia":[{"embeddable":true,"href":"https:\/\/www.creusonslabible.fr\/index.php?rest_route=\/wp\/v2\/media\/7558"}],"wp:attachment":[{"href":"https:\/\/www.creusonslabible.fr\/index.php?rest_route=%2Fwp%2Fv2%2Fmedia&parent=7570"}],"wp:term":[{"taxonomy":"category","embeddable":true,"href":"https:\/\/www.creusonslabible.fr\/index.php?rest_route=%2Fwp%2Fv2%2Fcategories&post=7570"},{"taxonomy":"post_tag","embeddable":true,"href":"https:\/\/www.creusonslabible.fr\/index.php?rest_route=%2Fwp%2Fv2%2Ftags&post=7570"},{"taxonomy":"video","embeddable":true,"href":"https:\/\/www.creusonslabible.fr\/index.php?rest_route=%2Fwp%2Fv2%2Fvideo&post=7570"},{"taxonomy":"audio","embeddable":true,"href":"https:\/\/www.creusonslabible.fr\/index.php?rest_route=%2Fwp%2Fv2%2Faudio&post=7570"},{"taxonomy":"ecrit","embeddable":true,"href":"https:\/\/www.creusonslabible.fr\/index.php?rest_route=%2Fwp%2Fv2%2Fecrit&post=7570"},{"taxonomy":"mis-en-avant","embeddable":true,"href":"https:\/\/www.creusonslabible.fr\/index.php?rest_route=%2Fwp%2Fv2%2Fmis-en-avant&post=7570"},{"taxonomy":"redacteur","embeddable":true,"href":"https:\/\/www.creusonslabible.fr\/index.php?rest_route=%2Fwp%2Fv2%2Fredacteur&post=7570"},{"taxonomy":"type-darticle","embeddable":true,"href":"https:\/\/www.creusonslabible.fr\/index.php?rest_route=%2Fwp%2Fv2%2Ftype-darticle&post=7570"}],"curies":[{"name":"wp","href":"https:\/\/api.w.org\/{rel}","templated":true}]}}