{"id":7572,"date":"2020-12-22T08:19:14","date_gmt":"2020-12-22T06:19:14","guid":{"rendered":"http:\/\/www.creusonslabible.fr\/?p=7572"},"modified":"2025-01-23T11:18:30","modified_gmt":"2025-01-23T09:18:30","slug":"joel-4-v-9-14-face-au-juge","status":"publish","type":"post","link":"https:\/\/www.creusonslabible.fr\/?p=7572","title":{"rendered":"Jo\u00ebl 4 v.9-14 : Face au Juge"},"content":{"rendered":"\n<blockquote class=\"wp-block-quote is-layout-flow wp-block-quote-is-layout-flow\"><p><a href=\"file:\/\/\/var\/folders\/l1\/f43k7wyx4vg1cb5mcn4jx4d80000gn\/T\/bibliauniversalis2\/**4.9\">9&nbsp;<\/a>Proclamez ceci parmi les nations&nbsp;!&nbsp;<br \/>Consacrez une arm\u00e9e pour la guerre&nbsp;!&nbsp;<br \/>Eveillez les h\u00e9ros&nbsp;!&nbsp;<br \/>Qu&rsquo;ils s&rsquo;approchent, qu&rsquo;ils attaquent,&nbsp;<br \/>tous les hommes de guerre&nbsp;!<\/p><\/blockquote>\n\n\n\n<blockquote class=\"wp-block-quote is-layout-flow wp-block-quote-is-layout-flow\"><p><a href=\"file:\/\/\/var\/folders\/l1\/f43k7wyx4vg1cb5mcn4jx4d80000gn\/T\/bibliauniversalis2\/**4.10\">10&nbsp;<\/a>De vos socs de charrue forgez des \u00e9p\u00e9es,&nbsp;<br \/>de vos serpes des lances&nbsp;!&nbsp;<br \/>Que le faible dise&nbsp;:&nbsp;<br \/>Je suis vaillant&nbsp;!<\/p><\/blockquote>\n\n\n\n<blockquote class=\"wp-block-quote is-layout-flow wp-block-quote-is-layout-flow\"><p><a href=\"file:\/\/\/var\/folders\/l1\/f43k7wyx4vg1cb5mcn4jx4d80000gn\/T\/bibliauniversalis2\/**4.11\">11&nbsp;<\/a>D\u00e9p\u00eachez-vous et venez,&nbsp;<br \/>vous toutes, nations d&rsquo;alentour,&nbsp;<br \/>et rassemblez-vous&nbsp;!&nbsp;<br \/>L\u00e0, SEIGNEUR, fais descendre tes h\u00e9ros&nbsp;!<\/p><\/blockquote>\n\n\n\n<blockquote class=\"wp-block-quote is-layout-flow wp-block-quote-is-layout-flow\"><p><a href=\"file:\/\/\/var\/folders\/l1\/f43k7wyx4vg1cb5mcn4jx4d80000gn\/T\/bibliauniversalis2\/**4.12\">12&nbsp;<\/a>Que les nations s&rsquo;\u00e9veillent et qu&rsquo;elles montent&nbsp;<br \/>vers la vall\u00e9e de Josaphat&nbsp;!&nbsp;<br \/>Car l\u00e0 je m&rsquo;assi\u00e9rai pour juger&nbsp;<br \/>toutes les nations d&rsquo;alentour.<\/p><\/blockquote>\n\n\n\n<blockquote class=\"wp-block-quote is-layout-flow wp-block-quote-is-layout-flow\"><p><a href=\"file:\/\/\/var\/folders\/l1\/f43k7wyx4vg1cb5mcn4jx4d80000gn\/T\/bibliauniversalis2\/**4.13\">13&nbsp;<\/a>Lancez la faucille,&nbsp;<br \/>car la moisson est m\u00fbre&nbsp;!&nbsp;<br \/>Venez, foulez,&nbsp;<br \/>car le pressoir est plein,&nbsp;<br \/>les cuves regorgent&nbsp;!&nbsp;<br \/>Oui, leur mal est grand.<\/p><\/blockquote>\n\n\n\n<blockquote class=\"wp-block-quote is-layout-flow wp-block-quote-is-layout-flow\"><p><a href=\"file:\/\/\/var\/folders\/l1\/f43k7wyx4vg1cb5mcn4jx4d80000gn\/T\/bibliauniversalis2\/**4.14\">14&nbsp;<\/a>Multitudes, multitudes,&nbsp;<br \/>dans la vall\u00e9e du verdict&nbsp;!&nbsp;<br \/>Car le jour du SEIGNEUR est proche,&nbsp;<br \/>dans la vall\u00e9e du verdict.<\/p><\/blockquote>\n\n\n\n<h2 class=\"wp-block-heading\"><strong>Un retour en arri\u00e8re&nbsp;?<\/strong><\/h2>\n\n\n\n<p>Alors qu\u2019on commen\u00e7ait \u00e0 positiver (restauration mat\u00e9rielle, restauration spirituelle, rescap\u00e9s du jugement, retour des d\u00e9port\u00e9s\u2026), Jo\u00ebl revient avec des images tr\u00e8s sombres&nbsp;:<\/p>\n\n\n\n<ul class=\"wp-block-list\"><li>Les interjections (\u00ab&nbsp;Proclamez&nbsp;\u00bb, \u00ab&nbsp;Rassemblez&nbsp;\u00bb\u2026) rappellent celles du chapitre 1.<\/li><li>Des guerriers sont de nouveau convoqu\u00e9s (v.9, 11), comme au chapitre 2.&nbsp;<\/li><li>On r\u00eavait d\u2019aires remplies de bl\u00e9 et de cuves regorgeant de vin nouveau (2 v.24), on est d\u00e9sormais face \u00e0 des moissons d\u2019hommes pr\u00eats \u00e0 \u00eatre fauch\u00e9s et \u00e0 des cuves regorgeant d\u2019humains bient\u00f4t \u00e9cras\u00e9s (v.13).<\/li><li>\u00ab&nbsp;Des foules, des foules&nbsp;\u00bb sont pr\u00e9sentes (v.14), ce qui pr\u00e9sage un bain de sang.<\/li><\/ul>\n\n\n\n<p>Ce n\u2019est peut-\u00eatre pas anodin qu\u2019on retrouve le vocabulaire des chapitres 1 et 2. Cela rappelle au peuple de Juda qu\u2019il aurait subi ce jugement si Dieu ne l\u2019avait pas ramen\u00e9 \u00e0 lui.<\/p>\n\n\n\n<p>\uf0e0 Le livre de Jo\u00ebl appelle \u00e0 l\u2019humilit\u00e9&nbsp;: les chr\u00e9tiens aussi subiraient le m\u00eame jugement que les non-chr\u00e9tiens si Dieu ne les avait pas ramen\u00e9s \u00e0 lui. Il n\u2019y pas de quoi \u00eatre fiers&nbsp;!<\/p>\n\n\n\n<h2 class=\"wp-block-heading\"><strong>Une bataille perdue d\u2019avance<\/strong><\/h2>\n\n\n\n<p>Observez ceux qui sont convoqu\u00e9s dans la vall\u00e9e de Josaphat (aussi appel\u00e9e vall\u00e9e du Verdict dans certaines versions car Josaphat signifie \u00ab&nbsp;Dieu juge&nbsp;\u00bb). Dieu appelle toutes les nations, et plus particuli\u00e8rement leurs guerriers (v.9, 11). Il leur demande de pr\u00e9parer leurs armes (v.10), de se croire \u00ab&nbsp;forts&nbsp;\u00bb (v.10). Les nations auraient-elles d\u00fb saisir l\u2019ironie&nbsp;? Quel que soit le nombre de leurs guerriers ou la grandeur de leur courage, elles ne feront pas le poids face \u00e0 Dieu. C\u2019est une bien mauvaise surprise qui les attend dans la vall\u00e9e du jugement&nbsp;: Dieu les \u00e9crasera.<\/p>\n\n\n\n<p>\uf0e0 Un jugement terrible attend ceux qui ne se confient pas en J\u00e9sus. Pensez \u00e0 ceux qui sont concern\u00e9s autour de vous. Comment cela peut-il vous encourager \u00e0 leur parler de J\u00e9sus&nbsp;?<\/p>\n","protected":false},"excerpt":{"rendered":"<p>9&nbsp;Proclamez ceci parmi les nations&nbsp;!&nbsp;Consacrez une arm\u00e9e pour la guerre&nbsp;!&nbsp;Eveillez les h\u00e9ros&nbsp;!&nbsp;Qu&rsquo;ils s&rsquo;approchent, qu&rsquo;ils attaquent,&nbsp;tous les hommes de guerre&nbsp;! 10&nbsp;De vos socs de charrue forgez des \u00e9p\u00e9es,&nbsp;de vos serpes des lances&nbsp;!&nbsp;Que le faible dise&nbsp;:&nbsp;Je suis vaillant&nbsp;! 11&nbsp;D\u00e9p\u00eachez-vous et venez,&nbsp;vous toutes, nations d&rsquo;alentour,&nbsp;et rassemblez-vous&nbsp;!&nbsp;L\u00e0, SEIGNEUR, fais descendre tes h\u00e9ros&nbsp;! 12&nbsp;Que les nations s&rsquo;\u00e9veillent et qu&rsquo;elles montent&nbsp;vers [&hellip;]<\/p>\n","protected":false},"author":3,"featured_media":7558,"comment_status":"open","ping_status":"closed","sticky":false,"template":"","format":"standard","meta":{"_acf_changed":false,"_eb_attr":"","advgb_blocks_editor_width":"","advgb_blocks_columns_visual_guide":"","footnotes":""},"categories":[16],"tags":[651,551],"video":[],"audio":[],"ecrit":[],"mis-en-avant":[],"redacteur":[],"type-darticle":[],"class_list":["post-7572","post","type-post","status-publish","format-standard","has-post-thumbnail","hentry","category-meditations-bibliques","tag-ecrit","tag-joel"],"blocksy_meta":[],"acf":[],"featured_image_src":"https:\/\/www.creusonslabible.fr\/wp-content\/uploads\/2020\/09\/boris-smokrovic-EbMXBq_TXqM-unsplash-scaled-2.jpg","author_info":{"display_name":"Yoh","author_link":"https:\/\/www.creusonslabible.fr\/?author=3"},"author_meta":{"display_name":"Yoh","author_link":"https:\/\/www.creusonslabible.fr\/?author=3"},"featured_img":"https:\/\/www.creusonslabible.fr\/wp-content\/uploads\/2020\/09\/boris-smokrovic-EbMXBq_TXqM-unsplash-scaled-2-300x200.jpg","coauthors":[],"tax_additional":{"categories":{"linked":["<a href=\"https:\/\/www.creusonslabible.fr\/?cat=16\" class=\"advgb-post-tax-term\">M\u00e9ditations bibliques<\/a>"],"unlinked":["<span class=\"advgb-post-tax-term\">M\u00e9ditations bibliques<\/span>"]},"tags":{"linked":["<a href=\"https:\/\/www.creusonslabible.fr\/?cat=16\" class=\"advgb-post-tax-term\">\u00e9crit<\/a>","<a href=\"https:\/\/www.creusonslabible.fr\/?cat=16\" class=\"advgb-post-tax-term\">Jo\u00ebl<\/a>"],"unlinked":["<span class=\"advgb-post-tax-term\">\u00e9crit<\/span>","<span class=\"advgb-post-tax-term\">Jo\u00ebl<\/span>"]}},"comment_count":"0","relative_dates":{"created":"Publi\u00e9 5 ans il y a","modified":"Mis \u00e0 jour 1 an il y a"},"absolute_dates":{"created":"Publi\u00e9 le 22 d\u00e9cembre 2020","modified":"Mise \u00e0 jour le 23 janvier 2025"},"absolute_dates_time":{"created":"Publi\u00e9 le 22 d\u00e9cembre 2020 8h19","modified":"Mise \u00e0 jour le 23 janvier 2025 11h18"},"featured_img_caption":"","series_order":"","meta_box":[],"_links":{"self":[{"href":"https:\/\/www.creusonslabible.fr\/index.php?rest_route=\/wp\/v2\/posts\/7572","targetHints":{"allow":["GET"]}}],"collection":[{"href":"https:\/\/www.creusonslabible.fr\/index.php?rest_route=\/wp\/v2\/posts"}],"about":[{"href":"https:\/\/www.creusonslabible.fr\/index.php?rest_route=\/wp\/v2\/types\/post"}],"author":[{"embeddable":true,"href":"https:\/\/www.creusonslabible.fr\/index.php?rest_route=\/wp\/v2\/users\/3"}],"replies":[{"embeddable":true,"href":"https:\/\/www.creusonslabible.fr\/index.php?rest_route=%2Fwp%2Fv2%2Fcomments&post=7572"}],"version-history":[{"count":1,"href":"https:\/\/www.creusonslabible.fr\/index.php?rest_route=\/wp\/v2\/posts\/7572\/revisions"}],"predecessor-version":[{"id":10220,"href":"https:\/\/www.creusonslabible.fr\/index.php?rest_route=\/wp\/v2\/posts\/7572\/revisions\/10220"}],"wp:featuredmedia":[{"embeddable":true,"href":"https:\/\/www.creusonslabible.fr\/index.php?rest_route=\/wp\/v2\/media\/7558"}],"wp:attachment":[{"href":"https:\/\/www.creusonslabible.fr\/index.php?rest_route=%2Fwp%2Fv2%2Fmedia&parent=7572"}],"wp:term":[{"taxonomy":"category","embeddable":true,"href":"https:\/\/www.creusonslabible.fr\/index.php?rest_route=%2Fwp%2Fv2%2Fcategories&post=7572"},{"taxonomy":"post_tag","embeddable":true,"href":"https:\/\/www.creusonslabible.fr\/index.php?rest_route=%2Fwp%2Fv2%2Ftags&post=7572"},{"taxonomy":"video","embeddable":true,"href":"https:\/\/www.creusonslabible.fr\/index.php?rest_route=%2Fwp%2Fv2%2Fvideo&post=7572"},{"taxonomy":"audio","embeddable":true,"href":"https:\/\/www.creusonslabible.fr\/index.php?rest_route=%2Fwp%2Fv2%2Faudio&post=7572"},{"taxonomy":"ecrit","embeddable":true,"href":"https:\/\/www.creusonslabible.fr\/index.php?rest_route=%2Fwp%2Fv2%2Fecrit&post=7572"},{"taxonomy":"mis-en-avant","embeddable":true,"href":"https:\/\/www.creusonslabible.fr\/index.php?rest_route=%2Fwp%2Fv2%2Fmis-en-avant&post=7572"},{"taxonomy":"redacteur","embeddable":true,"href":"https:\/\/www.creusonslabible.fr\/index.php?rest_route=%2Fwp%2Fv2%2Fredacteur&post=7572"},{"taxonomy":"type-darticle","embeddable":true,"href":"https:\/\/www.creusonslabible.fr\/index.php?rest_route=%2Fwp%2Fv2%2Ftype-darticle&post=7572"}],"curies":[{"name":"wp","href":"https:\/\/api.w.org\/{rel}","templated":true}]}}