{"id":790,"date":"2012-07-10T22:30:56","date_gmt":"2012-07-10T22:30:56","guid":{"rendered":"http:\/\/elearning.gbu.fr\/?p=790"},"modified":"2026-02-12T17:41:50","modified_gmt":"2026-02-12T15:41:50","slug":"le-pardon","status":"publish","type":"post","link":"https:\/\/www.creusonslabible.fr\/?p=790","title":{"rendered":"Le pardon"},"content":{"rendered":"\n<p>Intervention donn\u00e9e par Jean-Daniel Fischer en 1979<\/p>\n\n\n\n<h2 class=\"wp-block-heading\"><a href=\"http:\/\/elearning.gbu.fr\/audio\/NumerisationK7\/JD_Fischer_le_pardon.mp3\" data-wplink-edit=\"true\">Le pardon<\/a><\/h2>\n\n\n\n<figure class=\"wp-block-audio\"><audio controls src=\"http:\/\/elearning.gbu.fr\/audio\/NumerisationK7\/JD_Fischer_le_pardon.mp3\"><\/audio><\/figure>\n\n\n\n<p>\u00a0Pour enregistrer l&rsquo;audio, faire clic droit sur le titre bleu ou la piste et \u00ab enregistrer la cible du lien sous \u00bb<\/p>\n\n\n\n<h4 class=\"wp-block-heading\">Les audio sont aussi disponibles sur Spotify !<\/h4>\n\n\n\n<p>(Un compte est n\u00e9cessaire pour \u00e9couter en entier, mais il n\u2019y a pas besoin de prendre d\u2019abonnement payant.)<\/p>\n\n\n\n<figure class=\"wp-block-embed is-type-rich is-provider-spotify wp-block-embed-spotify wp-embed-aspect-21-9 wp-has-aspect-ratio\"><div class=\"wp-block-embed__wrapper\">\n<iframe title=\"Spotify Embed: Le pardon\" style=\"border-radius: 12px\" width=\"100%\" height=\"152\" frameborder=\"0\" allowfullscreen allow=\"autoplay; clipboard-write; encrypted-media; fullscreen; picture-in-picture\" loading=\"lazy\" src=\"https:\/\/open.spotify.com\/embed\/episode\/37x9hFTBg0pY6g2srskvQl?si=a5c5139527554be2&amp;utm_source=oembed\"><\/iframe>\n<\/div><\/figure>\n","protected":false},"excerpt":{"rendered":"<p>Intervention donn\u00e9e par Jean-Daniel Fischer en 1979 Le pardon \u00a0Pour enregistrer l&rsquo;audio, faire clic droit sur le titre bleu ou la piste et \u00ab enregistrer la cible du lien sous \u00bb Les audio sont aussi disponibles sur Spotify ! (Un compte est n\u00e9cessaire pour \u00e9couter en entier, mais il n\u2019y a pas besoin de prendre [&hellip;]<\/p>\n","protected":false},"author":2,"featured_media":919,"comment_status":"open","ping_status":"open","sticky":false,"template":"","format":"standard","meta":{"_acf_changed":false,"_eb_attr":"","advgb_blocks_editor_width":"","advgb_blocks_columns_visual_guide":"","footnotes":""},"categories":[39],"tags":[657,220,194],"video":[],"audio":[],"ecrit":[],"mis-en-avant":[],"redacteur":[],"type-darticle":[],"class_list":["post-790","post","type-post","status-publish","format-standard","has-post-thumbnail","hentry","category-la-vie-chretienne","tag-audio","tag-pardonner","tag-sacrifice"],"blocksy_meta":[],"acf":[],"featured_image_src":"https:\/\/www.creusonslabible.fr\/wp-content\/uploads\/2012\/07\/le_pardon-1.jpg","author_info":{"display_name":"caillou","author_link":"https:\/\/www.creusonslabible.fr\/?author=2"},"author_meta":{"display_name":"caillou","author_link":"https:\/\/www.creusonslabible.fr\/?author=2"},"featured_img":"https:\/\/www.creusonslabible.fr\/wp-content\/uploads\/2012\/07\/le_pardon-1.jpg","coauthors":[],"tax_additional":{"categories":{"linked":["<a href=\"https:\/\/www.creusonslabible.fr\/?cat=39\" class=\"advgb-post-tax-term\">La vie chr\u00e9tienne<\/a>"],"unlinked":["<span class=\"advgb-post-tax-term\">La vie chr\u00e9tienne<\/span>"]},"tags":{"linked":["<a href=\"https:\/\/www.creusonslabible.fr\/?cat=39\" class=\"advgb-post-tax-term\">audio<\/a>","<a href=\"https:\/\/www.creusonslabible.fr\/?cat=39\" class=\"advgb-post-tax-term\">pardonner<\/a>","<a href=\"https:\/\/www.creusonslabible.fr\/?cat=39\" class=\"advgb-post-tax-term\">sacrifice<\/a>"],"unlinked":["<span class=\"advgb-post-tax-term\">audio<\/span>","<span class=\"advgb-post-tax-term\">pardonner<\/span>","<span class=\"advgb-post-tax-term\">sacrifice<\/span>"]}},"comment_count":"0","relative_dates":{"created":"Publi\u00e9 14 ans il y a","modified":"Mis \u00e0 jour 3 mois il y a"},"absolute_dates":{"created":"Publi\u00e9 le 10 juillet 2012","modified":"Mise \u00e0 jour le 12 f\u00e9vrier 2026"},"absolute_dates_time":{"created":"Publi\u00e9 le 10 juillet 2012 22h30","modified":"Mise \u00e0 jour le 12 f\u00e9vrier 2026 17h41"},"featured_img_caption":"","series_order":"","meta_box":[],"_links":{"self":[{"href":"https:\/\/www.creusonslabible.fr\/index.php?rest_route=\/wp\/v2\/posts\/790","targetHints":{"allow":["GET"]}}],"collection":[{"href":"https:\/\/www.creusonslabible.fr\/index.php?rest_route=\/wp\/v2\/posts"}],"about":[{"href":"https:\/\/www.creusonslabible.fr\/index.php?rest_route=\/wp\/v2\/types\/post"}],"author":[{"embeddable":true,"href":"https:\/\/www.creusonslabible.fr\/index.php?rest_route=\/wp\/v2\/users\/2"}],"replies":[{"embeddable":true,"href":"https:\/\/www.creusonslabible.fr\/index.php?rest_route=%2Fwp%2Fv2%2Fcomments&post=790"}],"version-history":[{"count":3,"href":"https:\/\/www.creusonslabible.fr\/index.php?rest_route=\/wp\/v2\/posts\/790\/revisions"}],"predecessor-version":[{"id":12145,"href":"https:\/\/www.creusonslabible.fr\/index.php?rest_route=\/wp\/v2\/posts\/790\/revisions\/12145"}],"wp:featuredmedia":[{"embeddable":true,"href":"https:\/\/www.creusonslabible.fr\/index.php?rest_route=\/wp\/v2\/media\/919"}],"wp:attachment":[{"href":"https:\/\/www.creusonslabible.fr\/index.php?rest_route=%2Fwp%2Fv2%2Fmedia&parent=790"}],"wp:term":[{"taxonomy":"category","embeddable":true,"href":"https:\/\/www.creusonslabible.fr\/index.php?rest_route=%2Fwp%2Fv2%2Fcategories&post=790"},{"taxonomy":"post_tag","embeddable":true,"href":"https:\/\/www.creusonslabible.fr\/index.php?rest_route=%2Fwp%2Fv2%2Ftags&post=790"},{"taxonomy":"video","embeddable":true,"href":"https:\/\/www.creusonslabible.fr\/index.php?rest_route=%2Fwp%2Fv2%2Fvideo&post=790"},{"taxonomy":"audio","embeddable":true,"href":"https:\/\/www.creusonslabible.fr\/index.php?rest_route=%2Fwp%2Fv2%2Faudio&post=790"},{"taxonomy":"ecrit","embeddable":true,"href":"https:\/\/www.creusonslabible.fr\/index.php?rest_route=%2Fwp%2Fv2%2Fecrit&post=790"},{"taxonomy":"mis-en-avant","embeddable":true,"href":"https:\/\/www.creusonslabible.fr\/index.php?rest_route=%2Fwp%2Fv2%2Fmis-en-avant&post=790"},{"taxonomy":"redacteur","embeddable":true,"href":"https:\/\/www.creusonslabible.fr\/index.php?rest_route=%2Fwp%2Fv2%2Fredacteur&post=790"},{"taxonomy":"type-darticle","embeddable":true,"href":"https:\/\/www.creusonslabible.fr\/index.php?rest_route=%2Fwp%2Fv2%2Ftype-darticle&post=790"}],"curies":[{"name":"wp","href":"https:\/\/api.w.org\/{rel}","templated":true}]}}