{"id":7906,"date":"2021-09-02T12:09:24","date_gmt":"2021-09-02T10:09:24","guid":{"rendered":"http:\/\/www.creusonslabible.fr\/?p=7906"},"modified":"2025-01-23T11:18:26","modified_gmt":"2025-01-23T09:18:26","slug":"nehemie-1-1-4-eloigne-mais-pas-detache","status":"publish","type":"post","link":"https:\/\/www.creusonslabible.fr\/?p=7906","title":{"rendered":"N\u00e9h\u00e9mie 1.1-4 : \u00c9loign\u00e9\u2026 mais pas d\u00e9tach\u00e9"},"content":{"rendered":"\n<p><\/p>\n\n\n\n<h2 class=\"wp-block-heading\"><strong>Un juif au c\u0153ur de l<\/strong>\u2019<strong>empire perse (verset 1)<\/strong><\/h2>\n\n\n\n<p>Le livre de N\u00e9h\u00e9mie est l\u2019une des rares autobiographies dans la Bible. N\u00e9h\u00e9mie fait d\u00e9marrer son histoire la 20<sup>\u00e8me<\/sup> ann\u00e9e du r\u00e8gne d\u2019Artaxerx\u00e8s. Nous sommes donc 151 ans apr\u00e8s la d\u00e9portation des Juifs de Juda par l\u2019empire babylonien, et 92 ans apr\u00e8s le retour d\u2019une partie des d\u00e9port\u00e9s \u00e0 J\u00e9rusalem, encourag\u00e9e par le roi Perse Cyrus II. Voici une petite chronologie pour mieux nous y retrouver&nbsp;:<\/p>\n\n\n\n<figure class=\"wp-block-image size-large\"><a href=\"https:\/\/www.creusonslabible.fr\/wp-content\/uploads\/2021\/09\/image-1-1.png\"><img loading=\"lazy\" decoding=\"async\" width=\"1024\" height=\"300\" src=\"https:\/\/www.creusonslabible.fr\/wp-content\/uploads\/2021\/09\/image-1-1-1024x300.png\" alt=\"\" class=\"wp-image-7942\" srcset=\"https:\/\/www.creusonslabible.fr\/wp-content\/uploads\/2021\/09\/image-1-1-1024x300.png 1024w, https:\/\/www.creusonslabible.fr\/wp-content\/uploads\/2021\/09\/image-1-1-300x88.png 300w, https:\/\/www.creusonslabible.fr\/wp-content\/uploads\/2021\/09\/image-1-1-768x225.png 768w, https:\/\/www.creusonslabible.fr\/wp-content\/uploads\/2021\/09\/image-1-1.png 1442w\" sizes=\"auto, (max-width: 1024px) 100vw, 1024px\" \/><\/a><\/figure>\n\n\n\n<p>N\u00e9h\u00e9mie se trouve \u00e0 Suse, c\u2019est-\u00e0-dire dans l\u2019une des 4 capitales de l\u2019empire perse, et plus particuli\u00e8rement dans la citadelle, c\u2019est-\u00e0-dire dans la zone fortifi\u00e9e de la ville o\u00f9 se trouvait le palais royal.<\/p>\n\n\n\n<h2 class=\"wp-block-heading\"><strong>Un juif attach\u00e9 \u00e0 son peuple (versets 2-3)<\/strong><\/h2>\n\n\n\n<p>N\u00e9h\u00e9mie r\u00e9side donc dans un des lieux de pouvoir de l\u2019empire perse. Sa famille n\u2019avait visiblement pas fait le choix de retourner en Juda lors du retour des exil\u00e9s. Dans ces circonstances, N\u00e9h\u00e9mie s\u2019est-il d\u00e9tach\u00e9 de son peuple&nbsp;? D\u00e8s le verset 2, on voit que ce n\u2019est pas le cas&nbsp;: il prend des nouvelles de ceux qui r\u00e9sident \u00e0 J\u00e9rusalem. Quelles sont ces nouvelles&nbsp;? La situation des habitants de Juda et de J\u00e9rusalem est d\u00e9crite avec des mots dramatiques (selon les traductions&nbsp;: \u00ab&nbsp;au comble du malheur&nbsp;\u00bb, \u00ab&nbsp;tr\u00e8s humiliante&nbsp;\u00bb, \u00ab&nbsp;grande mis\u00e8re&nbsp;\u00bb\u2026).<\/p>\n\n\n\n<h2 class=\"wp-block-heading\"><strong>Un juif attach\u00e9 aux promesses de Dieu (verset 4)<\/strong><\/h2>\n\n\n\n<p>L\u2019ampleur de la r\u00e9action de N\u00e9h\u00e9mie face \u00e0 ces nouvelles peut surprendre. Qu\u2019est-ce qui explique autant d\u2019\u00e9motions&nbsp;? Il y a d\u2019abord le grand amour de N\u00e9h\u00e9mie pour son peuple, un amour qu\u2019on retrouve par exemple en&nbsp;N\u00e9h\u00e9mie 5 v.19&nbsp;: \u00ab&nbsp;Mon Dieu, souviens-toi [\u2026] de tout ce que j\u2019ai fait pour ce peuple&nbsp;\u00bb.&nbsp;<\/p>\n\n\n\n<p>Mais il y a plus que \u00e7a car N\u00e9h\u00e9mie prend \u00e0 c\u0153ur, non seulement la situation du peuple, mais aussi celle de la ville de J\u00e9rusalem. Pourquoi&nbsp;? C\u2019\u00e9tait la ville que Dieu avait choisi pour \u00ab&nbsp;r\u00e9sidence&nbsp;\u00bb. Dieu avait promis qu\u2019elle redeviendrait \u00ab&nbsp;la cit\u00e9 de l\u2019\u00c9ternel&nbsp;\u00bb (\u00c9sa\u00efe 60.14). Or J\u00e9rusalem n\u2019a rien de cette gloire attendue. C\u2019est pourquoi N\u00e9h\u00e9mie se tourne vers Dieu pour qu\u2019il accomplisse ses promesses de restauration, \u00e0 la fois envers son peuple et envers J\u00e9rusalem.<\/p>\n\n\n\n<p><\/p>\n\n\n\n<p><span class=\"has-inline-color has-vivid-cyan-blue-color\">&#8211;&gt; Aujourd\u2019hui, le peuple de Dieu est constitu\u00e9 des chr\u00e9tiens. A quel point est-ce que je suis attach\u00e9(e) au peuple de Dieu&nbsp;\u2013 ou \u00e0 un autre peuple aussi, de mani\u00e8re g\u00e9n\u00e9rale&nbsp;? Comment est-ce que cet attachement se manifeste chez moi ?&nbsp;<\/span><\/p>\n\n\n\n<p><span class=\"has-inline-color has-vivid-cyan-blue-color\">&#8211;&gt; Les chr\u00e9tiens attendent aussi une restauration&nbsp;: celle qui aura lieu lors du retour de J\u00e9sus, lorsque la Terre et le c\u0153ur des chr\u00e9tiens seront enti\u00e8rement \u00ab&nbsp;r\u00e9par\u00e9s&nbsp;\u00bb. Qu\u2019est-ce qui me permet\/m\u2019emp\u00eache de croire en cette promesse&nbsp;? Est-ce que j\u2019attends l\u2019accomplissement de cette promesse avec la m\u00eame attente que N\u00e9h\u00e9mie&nbsp;? Est-ce que je prie pour cela&nbsp;?<\/span><\/p>\n","protected":false},"excerpt":{"rendered":"<p>Un juif au c\u0153ur de l\u2019empire perse (verset 1) Le livre de N\u00e9h\u00e9mie est l\u2019une des rares autobiographies dans la Bible. N\u00e9h\u00e9mie fait d\u00e9marrer son histoire la 20\u00e8me ann\u00e9e du r\u00e8gne d\u2019Artaxerx\u00e8s. Nous sommes donc 151 ans apr\u00e8s la d\u00e9portation des Juifs de Juda par l\u2019empire babylonien, et 92 ans apr\u00e8s le retour d\u2019une partie [&hellip;]<\/p>\n","protected":false},"author":5,"featured_media":7907,"comment_status":"open","ping_status":"closed","sticky":false,"template":"","format":"standard","meta":{"_acf_changed":false,"_eb_attr":"","advgb_blocks_editor_width":"","advgb_blocks_columns_visual_guide":"","footnotes":""},"categories":[16],"tags":[651,437],"video":[],"audio":[],"ecrit":[],"mis-en-avant":[],"redacteur":[],"type-darticle":[],"class_list":["post-7906","post","type-post","status-publish","format-standard","has-post-thumbnail","hentry","category-meditations-bibliques","tag-ecrit","tag-nehemie"],"blocksy_meta":[],"acf":[],"featured_image_src":"https:\/\/www.creusonslabible.fr\/wp-content\/uploads\/2021\/09\/yeswanth-m-d57A7x85f3w-unsplash-scaled-2.jpg","author_info":{"display_name":"MA","author_link":"https:\/\/www.creusonslabible.fr\/?author=5"},"author_meta":{"display_name":"MA","author_link":"https:\/\/www.creusonslabible.fr\/?author=5"},"featured_img":"https:\/\/www.creusonslabible.fr\/wp-content\/uploads\/2021\/09\/yeswanth-m-d57A7x85f3w-unsplash-scaled-2-300x225.jpg","coauthors":[],"tax_additional":{"categories":{"linked":["<a href=\"https:\/\/www.creusonslabible.fr\/?cat=16\" class=\"advgb-post-tax-term\">M\u00e9ditations bibliques<\/a>"],"unlinked":["<span class=\"advgb-post-tax-term\">M\u00e9ditations bibliques<\/span>"]},"tags":{"linked":["<a href=\"https:\/\/www.creusonslabible.fr\/?cat=16\" class=\"advgb-post-tax-term\">\u00e9crit<\/a>","<a href=\"https:\/\/www.creusonslabible.fr\/?cat=16\" class=\"advgb-post-tax-term\">N\u00e9h\u00e9mie<\/a>"],"unlinked":["<span class=\"advgb-post-tax-term\">\u00e9crit<\/span>","<span class=\"advgb-post-tax-term\">N\u00e9h\u00e9mie<\/span>"]}},"comment_count":"0","relative_dates":{"created":"Publi\u00e9 5 ans il y a","modified":"Mis \u00e0 jour 1 an il y a"},"absolute_dates":{"created":"Publi\u00e9 le 2 septembre 2021","modified":"Mise \u00e0 jour le 23 janvier 2025"},"absolute_dates_time":{"created":"Publi\u00e9 le 2 septembre 2021 12h09","modified":"Mise \u00e0 jour le 23 janvier 2025 11h18"},"featured_img_caption":"","series_order":"","meta_box":[],"_links":{"self":[{"href":"https:\/\/www.creusonslabible.fr\/index.php?rest_route=\/wp\/v2\/posts\/7906","targetHints":{"allow":["GET"]}}],"collection":[{"href":"https:\/\/www.creusonslabible.fr\/index.php?rest_route=\/wp\/v2\/posts"}],"about":[{"href":"https:\/\/www.creusonslabible.fr\/index.php?rest_route=\/wp\/v2\/types\/post"}],"author":[{"embeddable":true,"href":"https:\/\/www.creusonslabible.fr\/index.php?rest_route=\/wp\/v2\/users\/5"}],"replies":[{"embeddable":true,"href":"https:\/\/www.creusonslabible.fr\/index.php?rest_route=%2Fwp%2Fv2%2Fcomments&post=7906"}],"version-history":[{"count":1,"href":"https:\/\/www.creusonslabible.fr\/index.php?rest_route=\/wp\/v2\/posts\/7906\/revisions"}],"predecessor-version":[{"id":10211,"href":"https:\/\/www.creusonslabible.fr\/index.php?rest_route=\/wp\/v2\/posts\/7906\/revisions\/10211"}],"wp:featuredmedia":[{"embeddable":true,"href":"https:\/\/www.creusonslabible.fr\/index.php?rest_route=\/wp\/v2\/media\/7907"}],"wp:attachment":[{"href":"https:\/\/www.creusonslabible.fr\/index.php?rest_route=%2Fwp%2Fv2%2Fmedia&parent=7906"}],"wp:term":[{"taxonomy":"category","embeddable":true,"href":"https:\/\/www.creusonslabible.fr\/index.php?rest_route=%2Fwp%2Fv2%2Fcategories&post=7906"},{"taxonomy":"post_tag","embeddable":true,"href":"https:\/\/www.creusonslabible.fr\/index.php?rest_route=%2Fwp%2Fv2%2Ftags&post=7906"},{"taxonomy":"video","embeddable":true,"href":"https:\/\/www.creusonslabible.fr\/index.php?rest_route=%2Fwp%2Fv2%2Fvideo&post=7906"},{"taxonomy":"audio","embeddable":true,"href":"https:\/\/www.creusonslabible.fr\/index.php?rest_route=%2Fwp%2Fv2%2Faudio&post=7906"},{"taxonomy":"ecrit","embeddable":true,"href":"https:\/\/www.creusonslabible.fr\/index.php?rest_route=%2Fwp%2Fv2%2Fecrit&post=7906"},{"taxonomy":"mis-en-avant","embeddable":true,"href":"https:\/\/www.creusonslabible.fr\/index.php?rest_route=%2Fwp%2Fv2%2Fmis-en-avant&post=7906"},{"taxonomy":"redacteur","embeddable":true,"href":"https:\/\/www.creusonslabible.fr\/index.php?rest_route=%2Fwp%2Fv2%2Fredacteur&post=7906"},{"taxonomy":"type-darticle","embeddable":true,"href":"https:\/\/www.creusonslabible.fr\/index.php?rest_route=%2Fwp%2Fv2%2Ftype-darticle&post=7906"}],"curies":[{"name":"wp","href":"https:\/\/api.w.org\/{rel}","templated":true}]}}