{"id":7910,"date":"2021-09-08T12:11:00","date_gmt":"2021-09-08T10:11:00","guid":{"rendered":"http:\/\/www.creusonslabible.fr\/?p=7910"},"modified":"2025-01-23T11:18:25","modified_gmt":"2025-01-23T09:18:25","slug":"nehemie-1-1-4-eloigne-mais-pas-detache-2","status":"publish","type":"post","link":"https:\/\/www.creusonslabible.fr\/?p=7910","title":{"rendered":"N\u00e9h\u00e9mie 1.5-11 : Un mod\u00e8le de pri\u00e8re"},"content":{"rendered":"\n<p><\/p>\n\n\n\n<p>Apr\u00e8s avoir re\u00e7u de mauvaises nouvelles concernant la situation en Juda et \u00e0 J\u00e9rusalem, quelle a \u00e9t\u00e9 la premi\u00e8re r\u00e9action&nbsp;de N\u00e9h\u00e9mie ? Je\u00fbner et prier. Explorons sa pri\u00e8re, un mod\u00e8le \u00e0 bien des \u00e9gards.<\/p>\n\n\n\n<h2 class=\"wp-block-heading\"><strong>Une pri\u00e8re ancr\u00e9e dans la connaissance de Dieu (versets 5-6a)<\/strong><\/h2>\n\n\n\n<p>N\u00e9h\u00e9mie s\u2019adresse au \u00ab&nbsp;Dieu du ciel&nbsp;\u00bb, un titre qui semble \u00eatre apparu pendant l\u2019exil. Ce nom montrerait que Dieu r\u00e8gne en tout lieu, et pas seulement sur les terres d\u2019Isra\u00ebl.<\/p>\n\n\n\n<p>&nbsp;A ce premier titre, N\u00e9h\u00e9mie ajoute celui de \u00ab&nbsp;Dieu grand et redoutable&nbsp;\u00bb, une expression puis\u00e9e dans le pass\u00e9 du peuple d\u2019Isra\u00ebl, qu\u2019on trouve dans Deut\u00e9ronome 7.21.&nbsp;<\/p>\n\n\n\n<p>Dans ce m\u00eame chapitre du Deut\u00e9ronome, le peuple est encourag\u00e9 \u00e0 \u00ab&nbsp;reconna\u00eetre que l\u2019\u00c9ternel est un Dieu fid\u00e8le \u00e0 son alliance en t\u00e9moignant de l\u2019amour pour mille g\u00e9n\u00e9rations \u00e0 ceux qui l\u2019aiment et ob\u00e9issent \u00e0 ses commandements&nbsp;\u00bb (verset 9). C\u2019est exactement ce que N\u00e9h\u00e9mie affirme \u00e0 la fin du verset 5.&nbsp;<\/p>\n\n\n\n<p>Cette bonne connaissance de qui est Dieu permet \u00e0 N\u00e9h\u00e9mie, son \u00ab&nbsp;serviteur&nbsp;\u00bb (verset 6a), de s\u2019adresser \u00e0 lui avec confiance. Il sait que Dieu l\u2019\u00e9coute o\u00f9 qu\u2019il se trouve, qu\u2019il a la puissance d\u2019agir et qu\u2019il se montrera bon envers lui.&nbsp;<\/p>\n\n\n\n<h2 class=\"wp-block-heading\"><strong>Une pri\u00e8re ancr\u00e9e dans la connaissance de soi-m\u00eame (versets 6b-7)<\/strong><\/h2>\n\n\n\n<p>N\u00e9h\u00e9mie fait partie de ceux qui aiment Dieu. On aurait donc pu s\u2019attendre \u00e0 ce qu\u2019il se d\u00e9solidarise de ses anc\u00eatres, exil\u00e9s \u00e0 cause de leur d\u00e9sob\u00e9issance chronique envers Dieu. Pourtant,&nbsp;N\u00e9h\u00e9mie s\u2019associe \u00e0 eux, certainement parce qu\u2019il est lucide sur son propre p\u00e9ch\u00e9.<\/p>\n\n\n\n<h2 class=\"wp-block-heading\"><strong>Une pri\u00e8re ancr\u00e9e dans la connaissance de la Parole de Dieu (versets 8-10)<\/strong><\/h2>\n\n\n\n<p>Apr\u00e8s avoir reconnu son p\u00e9ch\u00e9 et celui du peuple, N\u00e9h\u00e9mie s\u2019appuie sur les promesses que Dieu a faites via Mo\u00efse. Une partie de ces promesses s\u2019est accomplie avec le retour de certains exil\u00e9s. Pour autant, d\u2019une part la gloire de Dieu n\u2019est plus pr\u00e9sente \u00e0 J\u00e9rusalem&nbsp;; d\u2019autre part, N\u00e9h\u00e9mie pense sans doute \u00e0 ce qui devait accompagner le retour d\u2019exil&nbsp;:&nbsp;Dieu devait rendre les rescap\u00e9s \u00ab&nbsp;heureux et plus nombreux que leurs anc\u00eatres&nbsp;\u00bb (Deut\u00e9ronome 30.6), ce qui n\u2019est clairement pas le cas.<\/p>\n\n\n\n<h2 class=\"wp-block-heading\"><strong>Une pri\u00e8re ancr\u00e9e dans la confiance en Dieu (verset 11)<\/strong><\/h2>\n\n\n\n<p>Parce qu\u2019il sait qui est Dieu et qu\u2019il conna\u00eet ses promesses, N\u00e9h\u00e9mie ose faire une pri\u00e8re audacieuse&nbsp;: gagner la compassion de \u00ab&nbsp;cet homme&nbsp;\u00bb, l\u2019empereur perse lui-m\u00eame&nbsp;! C\u2019est peut-\u00eatre volontaire que N\u00e9h\u00e9mie ne mentionne qu\u2019\u00e0 la fin le poste haut plac\u00e9 que lui-m\u00eame occupe. S\u2019il en avait parl\u00e9 au d\u00e9but, on se serait dit \u00ab&nbsp;c\u2019est bon, gr\u00e2ce \u00e0 sa position \u00e9lev\u00e9e, N\u00e9h\u00e9mie va pouvoir faire jouer ses relations pour aider son peuple&nbsp;\u00bb. Mais finalement, N\u00e9h\u00e9mie compte sur une seule chose&nbsp;: son Dieu&nbsp;!<\/p>\n\n\n\n<p><span class=\"has-inline-color has-vivid-cyan-blue-color\">&#8211;&gt; Est-ce qu\u2019il m\u2019arrive d\u2019avoir du mal \u00e0 prier \u00e0 cause d\u2019une m\u00e9connaissance de Dieu&nbsp;? Dans quels domaines ai-je le plus de mal \u00e0 me dire que rien ne lui \u00e9chappe&nbsp;? M\u2019arrive-t-il, et pourquoi, de penser qu\u2019un sujet de pri\u00e8re est trop insignifiant ou au contraire trop grand pour lui&nbsp;? Que mon attitude m\u2019emp\u00eache de m\u2019adresser \u00e0 lui&nbsp;? Que la pri\u00e8re est juste un moyen de lui faire plaisir ?<\/span><\/p>\n\n\n\n<p><span class=\"has-inline-color has-vivid-cyan-blue-color\">&#8211;&gt; De quelle mani\u00e8re est-ce que je m\u2019inspire \/ pourrais m\u2019inspirer \u00e0 l\u2019avenir des paroles de la Bible pour prier (et mieux prier)&nbsp;?<\/span><\/p>\n","protected":false},"excerpt":{"rendered":"<p>Apr\u00e8s avoir re\u00e7u de mauvaises nouvelles concernant la situation en Juda et \u00e0 J\u00e9rusalem, quelle a \u00e9t\u00e9 la premi\u00e8re r\u00e9action&nbsp;de N\u00e9h\u00e9mie ? Je\u00fbner et prier. Explorons sa pri\u00e8re, un mod\u00e8le \u00e0 bien des \u00e9gards. Une pri\u00e8re ancr\u00e9e dans la connaissance de Dieu (versets 5-6a) N\u00e9h\u00e9mie s\u2019adresse au \u00ab&nbsp;Dieu du ciel&nbsp;\u00bb, un titre qui semble \u00eatre [&hellip;]<\/p>\n","protected":false},"author":5,"featured_media":7907,"comment_status":"open","ping_status":"closed","sticky":false,"template":"","format":"standard","meta":{"_acf_changed":false,"_eb_attr":"","advgb_blocks_editor_width":"","advgb_blocks_columns_visual_guide":"","footnotes":""},"categories":[16],"tags":[651,437],"video":[],"audio":[],"ecrit":[],"mis-en-avant":[],"redacteur":[],"type-darticle":[],"class_list":["post-7910","post","type-post","status-publish","format-standard","has-post-thumbnail","hentry","category-meditations-bibliques","tag-ecrit","tag-nehemie"],"blocksy_meta":[],"acf":[],"featured_image_src":"https:\/\/www.creusonslabible.fr\/wp-content\/uploads\/2021\/09\/yeswanth-m-d57A7x85f3w-unsplash-scaled-2.jpg","author_info":{"display_name":"MA","author_link":"https:\/\/www.creusonslabible.fr\/?author=5"},"author_meta":{"display_name":"MA","author_link":"https:\/\/www.creusonslabible.fr\/?author=5"},"featured_img":"https:\/\/www.creusonslabible.fr\/wp-content\/uploads\/2021\/09\/yeswanth-m-d57A7x85f3w-unsplash-scaled-2-300x225.jpg","coauthors":[],"tax_additional":{"categories":{"linked":["<a href=\"https:\/\/www.creusonslabible.fr\/?cat=16\" class=\"advgb-post-tax-term\">M\u00e9ditations bibliques<\/a>"],"unlinked":["<span class=\"advgb-post-tax-term\">M\u00e9ditations bibliques<\/span>"]},"tags":{"linked":["<a href=\"https:\/\/www.creusonslabible.fr\/?cat=16\" class=\"advgb-post-tax-term\">\u00e9crit<\/a>","<a href=\"https:\/\/www.creusonslabible.fr\/?cat=16\" class=\"advgb-post-tax-term\">N\u00e9h\u00e9mie<\/a>"],"unlinked":["<span class=\"advgb-post-tax-term\">\u00e9crit<\/span>","<span class=\"advgb-post-tax-term\">N\u00e9h\u00e9mie<\/span>"]}},"comment_count":"0","relative_dates":{"created":"Publi\u00e9 5 ans il y a","modified":"Mis \u00e0 jour 1 an il y a"},"absolute_dates":{"created":"Publi\u00e9 le 8 septembre 2021","modified":"Mise \u00e0 jour le 23 janvier 2025"},"absolute_dates_time":{"created":"Publi\u00e9 le 8 septembre 2021 12h11","modified":"Mise \u00e0 jour le 23 janvier 2025 11h18"},"featured_img_caption":"","series_order":"","meta_box":[],"_links":{"self":[{"href":"https:\/\/www.creusonslabible.fr\/index.php?rest_route=\/wp\/v2\/posts\/7910","targetHints":{"allow":["GET"]}}],"collection":[{"href":"https:\/\/www.creusonslabible.fr\/index.php?rest_route=\/wp\/v2\/posts"}],"about":[{"href":"https:\/\/www.creusonslabible.fr\/index.php?rest_route=\/wp\/v2\/types\/post"}],"author":[{"embeddable":true,"href":"https:\/\/www.creusonslabible.fr\/index.php?rest_route=\/wp\/v2\/users\/5"}],"replies":[{"embeddable":true,"href":"https:\/\/www.creusonslabible.fr\/index.php?rest_route=%2Fwp%2Fv2%2Fcomments&post=7910"}],"version-history":[{"count":1,"href":"https:\/\/www.creusonslabible.fr\/index.php?rest_route=\/wp\/v2\/posts\/7910\/revisions"}],"predecessor-version":[{"id":10210,"href":"https:\/\/www.creusonslabible.fr\/index.php?rest_route=\/wp\/v2\/posts\/7910\/revisions\/10210"}],"wp:featuredmedia":[{"embeddable":true,"href":"https:\/\/www.creusonslabible.fr\/index.php?rest_route=\/wp\/v2\/media\/7907"}],"wp:attachment":[{"href":"https:\/\/www.creusonslabible.fr\/index.php?rest_route=%2Fwp%2Fv2%2Fmedia&parent=7910"}],"wp:term":[{"taxonomy":"category","embeddable":true,"href":"https:\/\/www.creusonslabible.fr\/index.php?rest_route=%2Fwp%2Fv2%2Fcategories&post=7910"},{"taxonomy":"post_tag","embeddable":true,"href":"https:\/\/www.creusonslabible.fr\/index.php?rest_route=%2Fwp%2Fv2%2Ftags&post=7910"},{"taxonomy":"video","embeddable":true,"href":"https:\/\/www.creusonslabible.fr\/index.php?rest_route=%2Fwp%2Fv2%2Fvideo&post=7910"},{"taxonomy":"audio","embeddable":true,"href":"https:\/\/www.creusonslabible.fr\/index.php?rest_route=%2Fwp%2Fv2%2Faudio&post=7910"},{"taxonomy":"ecrit","embeddable":true,"href":"https:\/\/www.creusonslabible.fr\/index.php?rest_route=%2Fwp%2Fv2%2Fecrit&post=7910"},{"taxonomy":"mis-en-avant","embeddable":true,"href":"https:\/\/www.creusonslabible.fr\/index.php?rest_route=%2Fwp%2Fv2%2Fmis-en-avant&post=7910"},{"taxonomy":"redacteur","embeddable":true,"href":"https:\/\/www.creusonslabible.fr\/index.php?rest_route=%2Fwp%2Fv2%2Fredacteur&post=7910"},{"taxonomy":"type-darticle","embeddable":true,"href":"https:\/\/www.creusonslabible.fr\/index.php?rest_route=%2Fwp%2Fv2%2Ftype-darticle&post=7910"}],"curies":[{"name":"wp","href":"https:\/\/api.w.org\/{rel}","templated":true}]}}