{"id":7926,"date":"2021-10-19T12:00:00","date_gmt":"2021-10-19T10:00:00","guid":{"rendered":"http:\/\/www.creusonslabible.fr\/?p=7926"},"modified":"2025-01-22T13:27:24","modified_gmt":"2025-01-22T11:27:24","slug":"geopolitique-biblique-3-dangers-et-tentations","status":"publish","type":"post","link":"https:\/\/www.creusonslabible.fr\/?p=7926","title":{"rendered":"G\u00e9opolitique biblique (5) : Nouveaux d\u00e9parts ?"},"content":{"rendered":"\n<h1 class=\"wp-block-heading\">Ann\u00e9es 580 avant J\u00e9sus-Christ, la grande majorit\u00e9 du peuple de Dieu n&rsquo;habite plus en terre promise mais en exil, tr\u00e8s tr\u00e8s loin. Tout est donc fichu ? Non, car Dieu a, comme toujours, un plan.<\/h1>\n\n\n\n<h2 class=\"wp-block-heading\">Sommaire de la s\u00e9rie<\/h2>\n\n\n\n<ul class=\"wp-block-list\">\n<li><a rel=\"noreferrer noopener\" href=\"http:\/\/www.creusonslabible.fr\/?p=7249\" target=\"_blank\">Les bases<\/a><\/li>\n\n\n\n<li><a rel=\"noreferrer noopener\" href=\"http:\/\/www.creusonslabible.fr\/?p=7277\" target=\"_blank\">\u00c9volution du territoire d&rsquo;Isra\u00ebl <\/a><\/li>\n\n\n\n<li><a rel=\"noreferrer noopener\" href=\"http:\/\/www.creusonslabible.fr\/?p=7304\" target=\"_blank\">Dangers et tentations<\/a><\/li>\n\n\n\n<li><a href=\"http:\/\/www.creusonslabible.fr\/?p=7947\">Retour \u00e0 la case \u00ab\u00a0d\u00e9part\u00a0\u00bb <\/a><\/li>\n\n\n\n<li><strong>Nouveau d\u00e9part ? (vous y \u00eates)<\/strong><\/li>\n\n\n\n<li><a rel=\"noreferrer noopener\" href=\"https:\/\/www.creusonslabible.fr\/?p=7299\" target=\"_blank\">En attendant J\u00e9sus<\/a><\/li>\n\n\n\n<li><a href=\"https:\/\/www.creusonslabible.fr\/?p=9012\">Les accomplissements g\u00e9ographiques de J\u00e9sus<\/a><\/li>\n\n\n\n<li>Les d\u00e9buts de l&rsquo;\u00c9glise (\u00e0 para\u00eetre)<\/li>\n\n\n\n<li>Missions (\u00e0 para\u00eetre)<\/li>\n<\/ul>\n\n\n\n<h1 class=\"wp-block-heading\">70 ans fermes<\/h1>\n\n\n\n<p>Le proph\u00e8te J\u00e9r\u00e9mie l&rsquo;avait pr\u00e9dit, la p\u00e9riode de d\u00e9portation des jud\u00e9ens devait \u00eatre limit\u00e9e :<\/p>\n\n\n\n<blockquote class=\"wp-block-quote is-layout-flow wp-block-quote-is-layout-flow\">\n<p>Le pays tout entier ne sera plus que ruines et terre d\u00e9vast\u00e9e. Toutes les nations seront assujetties au roi de Babylone pendant soixante-dix ans.<a href=\"file:\/\/\/var\/folders\/l1\/f43k7wyx4vg1cb5mcn4jx4d80000gn\/T\/bibliauniversalis2\/**25.12\"> <\/a>Et au bout de ces soixante-dix ans, je demanderai compte de leur crime au roi de Babylone et \u00e0 son peuple \u2013 l&rsquo;\u00c9ternel le d\u00e9clare \u2013 je s\u00e9virai contre le pays des Chald\u00e9ens et je le r\u00e9duirai en d\u00e9sert pour toujours.<\/p>\n<cite>J\u00e9r\u00e9mie 25.11-12<\/cite><\/blockquote>\n\n\n\n<p>Pourquoi 70 ans ? Parce que les isra\u00e9lites avaient viol\u00e9 les ann\u00e9es sabbatiques. En effet, tous les 7 ans on devait laisser la terre se reposer, sans rien y semer et ainsi ne compter que sur la gr\u00e2ce de Dieu (qui aurait pourvu une r\u00e9colte exceptionnelle l&rsquo;ann\u00e9e pr\u00e9c\u00e9dente). D&rsquo;apr\u00e8s le L\u00e9vitique (\u00e9crit avant l&rsquo;entr\u00e9e en terre promise !), ces 70 ans d&rsquo;exil correspondent aux nombres d&rsquo;ann\u00e9es sabbatiques non respect\u00e9es :<\/p>\n\n\n\n<blockquote class=\"wp-block-quote is-layout-flow wp-block-quote-is-layout-flow\">\n<p>Alors la terre jouira d&rsquo;ann\u00e9es de repos durant tout le temps qu&rsquo;elle sera d\u00e9sol\u00e9e et que vous serez dans le pays de vos ennemis&nbsp;; enfin elle ch\u00f4mera et jouira de son repos.&nbsp;Durant toute cette p\u00e9riode o\u00f9 elle demeurera d\u00e9vast\u00e9e, elle se reposera pour les ann\u00e9es de repos dont vous l&rsquo;aurez frustr\u00e9e le temps que vous l&rsquo;aurez habit\u00e9e.<\/p>\n<cite>L\u00e9vitique 26.34-35<\/cite><\/blockquote>\n\n\n\n<h1 class=\"wp-block-heading\">Retour d&rsquo;exil<\/h1>\n\n\n\n<p>Pendant cette p\u00e9riode de 70 ans, les isra\u00e9lites vont aussi \u00eatre oblig\u00e9s d&rsquo;adorer officiellement les idoles qui les tentaient tant quand ils \u00e9taient sur leur terre&#8230; jusqu&rsquo;\u00e0 en \u00eatre d\u00e9go\u00fbt\u00e9s et revenir \u00e0 l&rsquo;\u00c9ternel qui ne demande qu&rsquo;\u00e0 entendre leur repentir et les ramener chez eux : <\/p>\n\n\n\n<blockquote class=\"wp-block-quote is-layout-flow wp-block-quote-is-layout-flow\">\n<p>L\u00e0, vous servirez des dieux qui sont l&rsquo;oeuvre de mains humaines, du bois et de la pierre, qui ne peuvent ni voir, ni entendre, ni manger, ni sentir. De l\u00e0 vous rechercherez le SEIGNEUR, ton Dieu ; tu le trouveras, si tu le cherches de tout ton coeur et de toute ton \u00e2me. Dans ta d\u00e9tresse, quand toutes ces paroles t&rsquo;atteindront, dans la suite des temps, tu reviendras au SEIGNEUR, ton Dieu, et tu l&rsquo;\u00e9couteras ; car le SEIGNEUR, ton Dieu, est un Dieu compatissant ; il ne t&rsquo;abandonnera pas, il ne te d\u00e9truira pas ; il n&rsquo;oubliera pas l&rsquo;alliance qu&rsquo;il a jur\u00e9e \u00e0 tes p\u00e8res.<\/p>\n<cite>Deut\u00e9ronome 4.28-31<\/cite><\/blockquote>\n\n\n\n<p>Un premier retour a donc eu lieu sous la conduite de Zorobabel en 537. <\/p>\n\n\n\n<figure class=\"wp-block-image size-large is-resized\"><a href=\"https:\/\/www.creusonslabible.fr\/wp-content\/uploads\/2021\/09\/Deportations.003-1.jpeg\"><img loading=\"lazy\" decoding=\"async\" width=\"1024\" height=\"576\" src=\"https:\/\/www.creusonslabible.fr\/wp-content\/uploads\/2021\/09\/Deportations.003-1-1024x576.jpeg\" alt=\"\" class=\"wp-image-7931\" style=\"width:1080px;height:607px\" srcset=\"https:\/\/www.creusonslabible.fr\/wp-content\/uploads\/2021\/09\/Deportations.003-1-1024x576.jpeg 1024w, https:\/\/www.creusonslabible.fr\/wp-content\/uploads\/2021\/09\/Deportations.003-1-300x169.jpeg 300w, https:\/\/www.creusonslabible.fr\/wp-content\/uploads\/2021\/09\/Deportations.003-1-768x432.jpeg 768w, https:\/\/www.creusonslabible.fr\/wp-content\/uploads\/2021\/09\/Deportations.003-1-1536x864.jpeg 1536w, https:\/\/www.creusonslabible.fr\/wp-content\/uploads\/2021\/09\/Deportations.003-1.jpeg 1920w\" sizes=\"auto, (max-width: 1024px) 100vw, 1024px\" \/><\/a><figcaption class=\"wp-element-caption\">Middle_East_topographic_map-blank.svg: S\u00e9mhur (talk)derivative work: Zunkir [CC BY-SA (https:\/\/creativecommons.org\/licenses\/by-sa\/3.0)]<\/figcaption><\/figure>\n\n\n\n<p>Petit calcul rapide : 586-537 = 49 ! C&rsquo;est pas le nombre qu&rsquo;on esp\u00e9rait. Par contre 605 (1er exil) &#8211; 537 = 68 et c&rsquo;est mieux si on prend les 70 ans comme quelque chose de plut\u00f4t symbolique (aujourd&rsquo;hui on dirait \u00ab\u00a0\u00e0 la louche\u00a0\u00bb). Mais par contre si on prend en compte que le temple de J\u00e9rusalem a \u00e9t\u00e9 fini entre 520 et 516, on atteint les 70 ans par rapport \u00e0 la destruction du temple de Salomon en 586. <\/p>\n\n\n\n<p>En tout cas, d&rsquo;apr\u00e8s le livre d&rsquo;Esdras, ce retour n&rsquo;a pas \u00e9t\u00e9 de tout repos puisque pendant plus de 15 ans la reconstruction a patin\u00e9 \u00e0 cause de l&rsquo;opposition des peuples voisins. Si bien que Dieu a envoy\u00e9 2 proph\u00e8tes (Agg\u00e9e et Zacharie) afin d&rsquo;encourager Zorobabel et Josu\u00e9 (le Grand-Pr\u00eatre) \u00e0 continuer les travaux. <\/p>\n\n\n\n<p>Mais ce n&rsquo;est pas tout ! Un second retour va se faire au si\u00e8cle suivant :<\/p>\n\n\n\n<figure class=\"wp-block-image size-large is-resized\"><a href=\"https:\/\/www.creusonslabible.fr\/wp-content\/uploads\/2021\/09\/Deportations.004-1.jpeg\"><img loading=\"lazy\" decoding=\"async\" width=\"1024\" height=\"576\" src=\"https:\/\/www.creusonslabible.fr\/wp-content\/uploads\/2021\/09\/Deportations.004-1-1024x576.jpeg\" alt=\"\" class=\"wp-image-7932\" style=\"width:1080px;height:607px\" srcset=\"https:\/\/www.creusonslabible.fr\/wp-content\/uploads\/2021\/09\/Deportations.004-1-1024x576.jpeg 1024w, https:\/\/www.creusonslabible.fr\/wp-content\/uploads\/2021\/09\/Deportations.004-1-300x169.jpeg 300w, https:\/\/www.creusonslabible.fr\/wp-content\/uploads\/2021\/09\/Deportations.004-1-768x432.jpeg 768w, https:\/\/www.creusonslabible.fr\/wp-content\/uploads\/2021\/09\/Deportations.004-1-1536x864.jpeg 1536w, https:\/\/www.creusonslabible.fr\/wp-content\/uploads\/2021\/09\/Deportations.004-1.jpeg 1920w\" sizes=\"auto, (max-width: 1024px) 100vw, 1024px\" \/><\/a><figcaption class=\"wp-element-caption\">Middle_East_topographic_map-blank.svg: S\u00e9mhur (talk)derivative work: Zunkir [CC BY-SA (https:\/\/creativecommons.org\/licenses\/by-sa\/3.0)]<\/figcaption><\/figure>\n\n\n\n<p>Si on voulait \u00eatre pr\u00e9cis, on pourrait dire qu&rsquo;un second retour de 2000 exil\u00e9s s&rsquo;op\u00e8re en 458 avec Esdras et qu&rsquo;un 3\u00e8me arrive 15 ans plus tard avec N\u00e9h\u00e9mie afin de reconstruire les murailles de J\u00e9rusalem. Ce sera le temps o\u00f9 Malachie, le dernier proph\u00e8te de l&rsquo;Ancien Testament, fera son apparition.<\/p>\n\n\n\n<h1 class=\"wp-block-heading\">Une province perse<\/h1>\n\n\n\n<p>On pourrait se dire que l&rsquo;histoire se finit bien ! Sauf que ceux qu&rsquo;on appelle dor\u00e9navant les juifs (ceux qui viennent de Jud\u00e9e) ne sont plus les citoyens d&rsquo;un royaume octroy\u00e9 par Dieu mais seulement les habitants d&rsquo;une minuscule province de l&#8217;empire Ach\u00e9m\u00e9nide : <\/p>\n\n\n\n<figure class=\"wp-block-image size-large is-resized\"><a href=\"https:\/\/www.creusonslabible.fr\/wp-content\/uploads\/2021\/10\/1280px-Carte_empire_achemenide-1.png\"><img loading=\"lazy\" decoding=\"async\" width=\"1024\" height=\"530\" src=\"https:\/\/www.creusonslabible.fr\/wp-content\/uploads\/2021\/10\/1280px-Carte_empire_achemenide-1-1024x530.png\" alt=\"\" class=\"wp-image-8009\" style=\"width:1105px;height:571px\" srcset=\"https:\/\/www.creusonslabible.fr\/wp-content\/uploads\/2021\/10\/1280px-Carte_empire_achemenide-1-1024x530.png 1024w, https:\/\/www.creusonslabible.fr\/wp-content\/uploads\/2021\/10\/1280px-Carte_empire_achemenide-1-300x155.png 300w, https:\/\/www.creusonslabible.fr\/wp-content\/uploads\/2021\/10\/1280px-Carte_empire_achemenide-1-768x397.png 768w, https:\/\/www.creusonslabible.fr\/wp-content\/uploads\/2021\/10\/1280px-Carte_empire_achemenide-1.png 1280w\" sizes=\"auto, (max-width: 1024px) 100vw, 1024px\" \/><\/a><figcaption class=\"wp-element-caption\"><a href=\"https:\/\/commons.wikimedia.org\/wiki\/Category:Maps_by_Fabienkhan\" target=\"_blank\" rel=\"noreferrer noopener\">Maps by Fabienkhan<\/a> &#8211; <a href=\"https:\/\/creativecommons.org\/licenses\/by-sa\/2.5\/\">Creative Commons Attribution-ShareAlike 2.5<\/a><\/figcaption><\/figure>\n\n\n\n<p>Perdu dans cet immense territoire, le peuple de Dieu n&rsquo;a plus de r\u00f4le g\u00e9opolitique \u00e0 jouer et n&rsquo;est plus que l&rsquo;ombre de lui-m\u00eame si on compare son nouvel \u00e9tat (ci-dessous \u00e0 gauche en rose) \u00e0 celui du Royaume de David (ci-dessous \u00e0 droite) :  <\/p>\n\n\n\n<div class=\"wp-block-columns is-layout-flex wp-container-core-columns-is-layout-28f84493 wp-block-columns-is-layout-flex\">\n<div class=\"wp-block-column is-layout-flow wp-block-column-is-layout-flow\" style=\"flex-basis:50%\">\n<figure class=\"wp-block-image size-large is-style-default\"><a href=\"https:\/\/www.creusonslabible.fr\/wp-content\/uploads\/2021\/10\/673px-Palestine_under_the_Persians_Smith_1915-1.jpg\"><img loading=\"lazy\" decoding=\"async\" width=\"638\" height=\"1024\" src=\"https:\/\/www.creusonslabible.fr\/wp-content\/uploads\/2021\/10\/673px-Palestine_under_the_Persians_Smith_1915-1-638x1024.jpg\" alt=\"\" class=\"wp-image-8011\" srcset=\"https:\/\/www.creusonslabible.fr\/wp-content\/uploads\/2021\/10\/673px-Palestine_under_the_Persians_Smith_1915-1-638x1024.jpg 638w, https:\/\/www.creusonslabible.fr\/wp-content\/uploads\/2021\/10\/673px-Palestine_under_the_Persians_Smith_1915-1-187x300.jpg 187w, https:\/\/www.creusonslabible.fr\/wp-content\/uploads\/2021\/10\/673px-Palestine_under_the_Persians_Smith_1915-1.jpg 673w\" sizes=\"auto, (max-width: 638px) 100vw, 638px\" \/><\/a><figcaption class=\"wp-element-caption\">Palestine under the Persians; Atlas of the Historical Geography of the Holy Land by&nbsp;<a href=\"https:\/\/en.wikipedia.org\/wiki\/George_Adam_Smith\">George Adam Smith<\/a>&nbsp;in 1915. Showing&nbsp;<a href=\"https:\/\/en.wikipedia.org\/wiki\/Yehud_Medinata\">Judea<\/a>&nbsp;as pink and&nbsp;<a href=\"https:\/\/en.wikipedia.org\/wiki\/Samaria\">Samaria<\/a>&nbsp;as green &#8211; Domaine public<\/figcaption><\/figure>\n<\/div>\n\n\n\n<div class=\"wp-block-column is-layout-flow wp-block-column-is-layout-flow\" style=\"flex-basis:50%\">\n<figure class=\"wp-block-image size-large\"><a href=\"https:\/\/www.creusonslabible.fr\/wp-content\/uploads\/2021\/10\/710px-Kingdom_of_Israel_1020_map.svg_-1.png\"><img loading=\"lazy\" decoding=\"async\" width=\"673\" height=\"1024\" src=\"https:\/\/www.creusonslabible.fr\/wp-content\/uploads\/2021\/10\/710px-Kingdom_of_Israel_1020_map.svg_-1-673x1024.png\" alt=\"\" class=\"wp-image-8014\" srcset=\"https:\/\/www.creusonslabible.fr\/wp-content\/uploads\/2021\/10\/710px-Kingdom_of_Israel_1020_map.svg_-1-673x1024.png 673w, https:\/\/www.creusonslabible.fr\/wp-content\/uploads\/2021\/10\/710px-Kingdom_of_Israel_1020_map.svg_-1-197x300.png 197w, https:\/\/www.creusonslabible.fr\/wp-content\/uploads\/2021\/10\/710px-Kingdom_of_Israel_1020_map.svg_-1.png 710w\" sizes=\"auto, (max-width: 673px) 100vw, 673px\" \/><\/a><figcaption class=\"wp-element-caption\">Regno di Davide.svg: RobertoReggi12 Tribes of Israel Map.svg: Richardprins12_tribus_de_Israel.svg: Translated by Kordas12 staemme israels heb.svg: by user:\u05d9\u05d5\u05e1\u05d912 staemme israels.png: by user:Janzderivative work: Richardprins, CC BY-SA 3.0 <a href=\"http:\/\/creativecommons.org\/licenses\/by-sa\/3.0\/\">http:\/\/creativecommons.org\/licenses\/by-sa\/3.0\/<\/a>, via Wikimedia Commons<\/figcaption><\/figure>\n<\/div>\n<\/div>\n\n\n\n<h1 class=\"wp-block-heading\">Ce n&rsquo;est qu&rsquo;un d\u00e9but<\/h1>\n\n\n\n<p>Lors du premier retour des juifs, en 538, Daniel qui est en poste \u00e0 Babylone re\u00e7oit une r\u00e9v\u00e9lation de Dieu. L&rsquo;ange Gabriel, lui fait une r\u00e9v\u00e9lation tr\u00e8s surprenante : si c&rsquo;est le moment pour le peuple de revenir \u00e0 J\u00e9rusalem, il faudra encore \u00eatre patient pour voir un changement significatif : <\/p>\n\n\n\n<blockquote class=\"wp-block-quote is-layout-flow wp-block-quote-is-layout-flow\">\n<p>Une p\u00e9riode de soixante-dix septaines (= 490 ans) a \u00e9t\u00e9 fix\u00e9e pour ton peuple et pour ta ville sainte, pour mettre un terme \u00e0 la r\u00e9volte contre Dieu, et pour en finir avec les p\u00e9ch\u00e9s, pour expier la faute et pour instaurer une justice \u00e9ternelle, pour accomplir vision et proph\u00e9tie, et pour conf\u00e9rer l&rsquo;onction au Saint des saints.<\/p>\n\n\n\n<p>Voici donc ce que tu dois savoir et comprendre&nbsp;: Depuis le moment o\u00f9 le d\u00e9cret ordonnant de restaurer et de reb\u00e2tir J\u00e9rusalem a \u00e9t\u00e9 promulgu\u00e9 jusqu&rsquo;\u00e0 l&rsquo;av\u00e8nement d&rsquo;un chef ayant re\u00e7u l&rsquo;onction (= Messie), il s&rsquo;\u00e9coulera sept septaines et soixante-deux septaines. La ville sera reb\u00e2tie et r\u00e9tablie avec ses places et ses remparts, en des temps de d\u00e9tresse.<\/p>\n\n\n\n<p>\u00c0 la fin des soixante-deux septaines, un homme ayant re\u00e7u l&rsquo;onction sera mis \u00e0 mort, bien qu&rsquo;on ne puisse rien lui reprocher. Quant \u00e0 la ville et au sanctuaire, ils seront d\u00e9truits par le peuple d&rsquo;un chef qui viendra, mais sa fin arrivera, provoqu\u00e9e comme par une inondation, et jusqu&rsquo;\u00e0 la fin, s\u00e9viront la guerre et les d\u00e9vastations qui ont \u00e9t\u00e9 d\u00e9cr\u00e9t\u00e9es.<\/p>\n<cite>Daniel 9.24-26<\/cite><\/blockquote>\n\n\n\n<p>Sans vouloir interpr\u00e9ter pr\u00e9cis\u00e9ment ce passage apocalyptique (par d\u00e9finition symbolique et avec une structure particuli\u00e8re qui n&rsquo;est pas notre sujet), on peut tout de m\u00eame relever qu&rsquo;un Messie va venir r\u00e9gler le P\u00e9ch\u00e9 du peuple, qu&rsquo;il sera mis \u00e0 mort et que la ville de J\u00e9rusalem avec son temple seront d\u00e9truits \u00e0 nouveau. Surtout, tout cela arrivera dans tr\u00e8s tr\u00e8s longtemps : 500 ans \u00e0 la louche. <\/p>\n\n\n\n<p>Ces 500 ans de silence, de transition o\u00f9 se mettra en place le monde du temps de J\u00e9sus feront l&rsquo;objet de notre prochaine \u00e9tape.<\/p>\n\n\n\n<h5 class=\"wp-block-heading\">Pour aller plus loin :<\/h5>\n\n\n\n<ul class=\"wp-block-list\">\n<li><a href=\"http:\/\/www.creusonslabible.fr\/?p=5424\">La frise chronologique du retour d&rsquo;exil<\/a> <\/li>\n<\/ul>\n\n\n\n<p><\/p>\n","protected":false},"excerpt":{"rendered":"<p>Ann\u00e9es 580 avant J\u00e9sus-Christ, la grande majorit\u00e9 du peuple de Dieu n&rsquo;habite plus en terre promise mais en exil, tr\u00e8s tr\u00e8s loin. Tout est donc fichu ? Non, car Dieu a, comme toujours, un plan. Sommaire de la s\u00e9rie 70 ans fermes Le proph\u00e8te J\u00e9r\u00e9mie l&rsquo;avait pr\u00e9dit, la p\u00e9riode de d\u00e9portation des jud\u00e9ens devait \u00eatre [&hellip;]<\/p>\n","protected":false},"author":3,"featured_media":7270,"comment_status":"open","ping_status":"closed","sticky":false,"template":"","format":"standard","meta":{"_acf_changed":false,"_eb_attr":"","advgb_blocks_editor_width":"","advgb_blocks_columns_visual_guide":"","footnotes":""},"categories":[25,174],"tags":[651,573,574,437,571,575,576],"video":[],"audio":[],"ecrit":[],"mis-en-avant":[],"redacteur":[],"type-darticle":[],"class_list":["post-7926","post","type-post","status-publish","format-standard","has-post-thumbnail","hentry","category-cartes","category-histoire-d-israel","tag-ecrit","tag-esdras","tag-exil","tag-nehemie","tag-perse","tag-retour","tag-zorobabel"],"blocksy_meta":[],"acf":[],"featured_image_src":"https:\/\/www.creusonslabible.fr\/wp-content\/uploads\/2020\/02\/map-1.png","author_info":{"display_name":"Yoh","author_link":"https:\/\/www.creusonslabible.fr\/?author=3"},"author_meta":{"display_name":"Yoh","author_link":"https:\/\/www.creusonslabible.fr\/?author=3"},"featured_img":"https:\/\/www.creusonslabible.fr\/wp-content\/uploads\/2020\/02\/map-1-300x172.png","coauthors":[],"tax_additional":{"categories":{"linked":["<a href=\"https:\/\/www.creusonslabible.fr\/?cat=25\" class=\"advgb-post-tax-term\">Cartes<\/a>","<a href=\"https:\/\/www.creusonslabible.fr\/?cat=174\" class=\"advgb-post-tax-term\">Histoire d&#039;Isra\u00ebl<\/a>"],"unlinked":["<span class=\"advgb-post-tax-term\">Cartes<\/span>","<span class=\"advgb-post-tax-term\">Histoire d&#039;Isra\u00ebl<\/span>"]},"tags":{"linked":["<a href=\"https:\/\/www.creusonslabible.fr\/?cat=174\" class=\"advgb-post-tax-term\">\u00e9crit<\/a>","<a href=\"https:\/\/www.creusonslabible.fr\/?cat=174\" class=\"advgb-post-tax-term\">Esdras<\/a>","<a href=\"https:\/\/www.creusonslabible.fr\/?cat=174\" class=\"advgb-post-tax-term\">exil<\/a>","<a href=\"https:\/\/www.creusonslabible.fr\/?cat=174\" class=\"advgb-post-tax-term\">N\u00e9h\u00e9mie<\/a>","<a href=\"https:\/\/www.creusonslabible.fr\/?cat=174\" class=\"advgb-post-tax-term\">Perse<\/a>","<a href=\"https:\/\/www.creusonslabible.fr\/?cat=174\" class=\"advgb-post-tax-term\">retour<\/a>","<a href=\"https:\/\/www.creusonslabible.fr\/?cat=174\" class=\"advgb-post-tax-term\">zorobabel<\/a>"],"unlinked":["<span class=\"advgb-post-tax-term\">\u00e9crit<\/span>","<span class=\"advgb-post-tax-term\">Esdras<\/span>","<span class=\"advgb-post-tax-term\">exil<\/span>","<span class=\"advgb-post-tax-term\">N\u00e9h\u00e9mie<\/span>","<span class=\"advgb-post-tax-term\">Perse<\/span>","<span class=\"advgb-post-tax-term\">retour<\/span>","<span class=\"advgb-post-tax-term\">zorobabel<\/span>"]}},"comment_count":"0","relative_dates":{"created":"Publi\u00e9 5 ans il y a","modified":"Mis \u00e0 jour 1 an il y a"},"absolute_dates":{"created":"Publi\u00e9 le 19 octobre 2021","modified":"Mise \u00e0 jour le 22 janvier 2025"},"absolute_dates_time":{"created":"Publi\u00e9 le 19 octobre 2021 12h00","modified":"Mise \u00e0 jour le 22 janvier 2025 13h27"},"featured_img_caption":"","series_order":"","meta_box":[],"_links":{"self":[{"href":"https:\/\/www.creusonslabible.fr\/index.php?rest_route=\/wp\/v2\/posts\/7926","targetHints":{"allow":["GET"]}}],"collection":[{"href":"https:\/\/www.creusonslabible.fr\/index.php?rest_route=\/wp\/v2\/posts"}],"about":[{"href":"https:\/\/www.creusonslabible.fr\/index.php?rest_route=\/wp\/v2\/types\/post"}],"author":[{"embeddable":true,"href":"https:\/\/www.creusonslabible.fr\/index.php?rest_route=\/wp\/v2\/users\/3"}],"replies":[{"embeddable":true,"href":"https:\/\/www.creusonslabible.fr\/index.php?rest_route=%2Fwp%2Fv2%2Fcomments&post=7926"}],"version-history":[{"count":1,"href":"https:\/\/www.creusonslabible.fr\/index.php?rest_route=\/wp\/v2\/posts\/7926\/revisions"}],"predecessor-version":[{"id":10139,"href":"https:\/\/www.creusonslabible.fr\/index.php?rest_route=\/wp\/v2\/posts\/7926\/revisions\/10139"}],"wp:featuredmedia":[{"embeddable":true,"href":"https:\/\/www.creusonslabible.fr\/index.php?rest_route=\/wp\/v2\/media\/7270"}],"wp:attachment":[{"href":"https:\/\/www.creusonslabible.fr\/index.php?rest_route=%2Fwp%2Fv2%2Fmedia&parent=7926"}],"wp:term":[{"taxonomy":"category","embeddable":true,"href":"https:\/\/www.creusonslabible.fr\/index.php?rest_route=%2Fwp%2Fv2%2Fcategories&post=7926"},{"taxonomy":"post_tag","embeddable":true,"href":"https:\/\/www.creusonslabible.fr\/index.php?rest_route=%2Fwp%2Fv2%2Ftags&post=7926"},{"taxonomy":"video","embeddable":true,"href":"https:\/\/www.creusonslabible.fr\/index.php?rest_route=%2Fwp%2Fv2%2Fvideo&post=7926"},{"taxonomy":"audio","embeddable":true,"href":"https:\/\/www.creusonslabible.fr\/index.php?rest_route=%2Fwp%2Fv2%2Faudio&post=7926"},{"taxonomy":"ecrit","embeddable":true,"href":"https:\/\/www.creusonslabible.fr\/index.php?rest_route=%2Fwp%2Fv2%2Fecrit&post=7926"},{"taxonomy":"mis-en-avant","embeddable":true,"href":"https:\/\/www.creusonslabible.fr\/index.php?rest_route=%2Fwp%2Fv2%2Fmis-en-avant&post=7926"},{"taxonomy":"redacteur","embeddable":true,"href":"https:\/\/www.creusonslabible.fr\/index.php?rest_route=%2Fwp%2Fv2%2Fredacteur&post=7926"},{"taxonomy":"type-darticle","embeddable":true,"href":"https:\/\/www.creusonslabible.fr\/index.php?rest_route=%2Fwp%2Fv2%2Ftype-darticle&post=7926"}],"curies":[{"name":"wp","href":"https:\/\/api.w.org\/{rel}","templated":true}]}}