{"id":8102,"date":"2021-12-07T14:29:51","date_gmt":"2021-12-07T12:29:51","guid":{"rendered":"http:\/\/www.creusonslabible.fr\/?p=8102"},"modified":"2025-01-22T13:33:45","modified_gmt":"2025-01-22T11:33:45","slug":"hors-contexte-1-babel","status":"publish","type":"post","link":"https:\/\/www.creusonslabible.fr\/?p=8102","title":{"rendered":"Hors Contexte\u202f1 : Babel"},"content":{"rendered":"\n<p>Et si vous aviez toujours lu le r\u00e9cit de Babel hors de son contexte ? Comment cela influe-t-il sur notre mani\u00e8re de comprendre un texte ? Votre perspective sur le r\u00e9cit de Babel va peut-\u00eatre changer en regardant cette vid\u00e9o. <\/p>\n\n\n\n<figure class=\"wp-block-embed is-type-video is-provider-youtube wp-block-embed-youtube wp-embed-aspect-16-9 wp-has-aspect-ratio\"><div class=\"wp-block-embed__wrapper\">\n<iframe loading=\"lazy\" title=\"Hors Contexte 1 :\u202fBabel (Gen\u00e8se 11)\" width=\"1290\" height=\"726\" src=\"https:\/\/www.youtube.com\/embed\/q8kXfs3DkPI?feature=oembed\" frameborder=\"0\" allow=\"accelerometer; autoplay; clipboard-write; encrypted-media; gyroscope; picture-in-picture; web-share\" referrerpolicy=\"strict-origin-when-cross-origin\" allowfullscreen><\/iframe>\n<\/div><\/figure>\n","protected":false},"excerpt":{"rendered":"<p>Et si vous aviez toujours lu le r\u00e9cit de Babel hors de son contexte ? Comment cela influe-t-il sur notre mani\u00e8re de comprendre un texte ? Votre perspective sur le r\u00e9cit de Babel va peut-\u00eatre changer en regardant cette vid\u00e9o.<\/p>\n","protected":false},"author":2,"featured_media":8103,"comment_status":"open","ping_status":"closed","sticky":false,"template":"","format":"standard","meta":{"_acf_changed":false,"_eb_attr":"","advgb_blocks_editor_width":"","advgb_blocks_columns_visual_guide":"","footnotes":""},"categories":[24],"tags":[187,585,586,587,440,78],"video":[],"audio":[],"ecrit":[],"mis-en-avant":[],"redacteur":[],"type-darticle":[],"class_list":["post-8102","post","type-post","status-publish","format-standard","has-post-thumbnail","hentry","category-textes-bibliques-commentes","tag-babel","tag-contexte","tag-hors-contexte","tag-langue","tag-methode","tag-video"],"blocksy_meta":[],"acf":[],"featured_image_src":"https:\/\/www.creusonslabible.fr\/wp-content\/uploads\/2021\/12\/Babel2-1.jpg","author_info":{"display_name":"caillou","author_link":"https:\/\/www.creusonslabible.fr\/?author=2"},"author_meta":{"display_name":"caillou","author_link":"https:\/\/www.creusonslabible.fr\/?author=2"},"featured_img":"https:\/\/www.creusonslabible.fr\/wp-content\/uploads\/2021\/12\/Babel2-1-300x169.jpg","coauthors":[],"tax_additional":{"categories":{"linked":["<a href=\"https:\/\/www.creusonslabible.fr\/?cat=24\" class=\"advgb-post-tax-term\">Textes Bibliques comment\u00e9s<\/a>"],"unlinked":["<span class=\"advgb-post-tax-term\">Textes Bibliques comment\u00e9s<\/span>"]},"tags":{"linked":["<a href=\"https:\/\/www.creusonslabible.fr\/?cat=24\" class=\"advgb-post-tax-term\">Babel<\/a>","<a href=\"https:\/\/www.creusonslabible.fr\/?cat=24\" class=\"advgb-post-tax-term\">Contexte<\/a>","<a href=\"https:\/\/www.creusonslabible.fr\/?cat=24\" class=\"advgb-post-tax-term\">Hors Contexte<\/a>","<a href=\"https:\/\/www.creusonslabible.fr\/?cat=24\" class=\"advgb-post-tax-term\">langue<\/a>","<a href=\"https:\/\/www.creusonslabible.fr\/?cat=24\" class=\"advgb-post-tax-term\">m\u00e9thode<\/a>","<a href=\"https:\/\/www.creusonslabible.fr\/?cat=24\" class=\"advgb-post-tax-term\">vid\u00e9o<\/a>"],"unlinked":["<span class=\"advgb-post-tax-term\">Babel<\/span>","<span class=\"advgb-post-tax-term\">Contexte<\/span>","<span class=\"advgb-post-tax-term\">Hors Contexte<\/span>","<span class=\"advgb-post-tax-term\">langue<\/span>","<span class=\"advgb-post-tax-term\">m\u00e9thode<\/span>","<span class=\"advgb-post-tax-term\">vid\u00e9o<\/span>"]}},"comment_count":"0","relative_dates":{"created":"Publi\u00e9 4 ans il y a","modified":"Mis \u00e0 jour 1 an il y a"},"absolute_dates":{"created":"Publi\u00e9 le 7 d\u00e9cembre 2021","modified":"Mise \u00e0 jour le 22 janvier 2025"},"absolute_dates_time":{"created":"Publi\u00e9 le 7 d\u00e9cembre 2021 14h29","modified":"Mise \u00e0 jour le 22 janvier 2025 13h33"},"featured_img_caption":"","series_order":"","meta_box":[],"_links":{"self":[{"href":"https:\/\/www.creusonslabible.fr\/index.php?rest_route=\/wp\/v2\/posts\/8102","targetHints":{"allow":["GET"]}}],"collection":[{"href":"https:\/\/www.creusonslabible.fr\/index.php?rest_route=\/wp\/v2\/posts"}],"about":[{"href":"https:\/\/www.creusonslabible.fr\/index.php?rest_route=\/wp\/v2\/types\/post"}],"author":[{"embeddable":true,"href":"https:\/\/www.creusonslabible.fr\/index.php?rest_route=\/wp\/v2\/users\/2"}],"replies":[{"embeddable":true,"href":"https:\/\/www.creusonslabible.fr\/index.php?rest_route=%2Fwp%2Fv2%2Fcomments&post=8102"}],"version-history":[{"count":1,"href":"https:\/\/www.creusonslabible.fr\/index.php?rest_route=\/wp\/v2\/posts\/8102\/revisions"}],"predecessor-version":[{"id":10163,"href":"https:\/\/www.creusonslabible.fr\/index.php?rest_route=\/wp\/v2\/posts\/8102\/revisions\/10163"}],"wp:featuredmedia":[{"embeddable":true,"href":"https:\/\/www.creusonslabible.fr\/index.php?rest_route=\/wp\/v2\/media\/8103"}],"wp:attachment":[{"href":"https:\/\/www.creusonslabible.fr\/index.php?rest_route=%2Fwp%2Fv2%2Fmedia&parent=8102"}],"wp:term":[{"taxonomy":"category","embeddable":true,"href":"https:\/\/www.creusonslabible.fr\/index.php?rest_route=%2Fwp%2Fv2%2Fcategories&post=8102"},{"taxonomy":"post_tag","embeddable":true,"href":"https:\/\/www.creusonslabible.fr\/index.php?rest_route=%2Fwp%2Fv2%2Ftags&post=8102"},{"taxonomy":"video","embeddable":true,"href":"https:\/\/www.creusonslabible.fr\/index.php?rest_route=%2Fwp%2Fv2%2Fvideo&post=8102"},{"taxonomy":"audio","embeddable":true,"href":"https:\/\/www.creusonslabible.fr\/index.php?rest_route=%2Fwp%2Fv2%2Faudio&post=8102"},{"taxonomy":"ecrit","embeddable":true,"href":"https:\/\/www.creusonslabible.fr\/index.php?rest_route=%2Fwp%2Fv2%2Fecrit&post=8102"},{"taxonomy":"mis-en-avant","embeddable":true,"href":"https:\/\/www.creusonslabible.fr\/index.php?rest_route=%2Fwp%2Fv2%2Fmis-en-avant&post=8102"},{"taxonomy":"redacteur","embeddable":true,"href":"https:\/\/www.creusonslabible.fr\/index.php?rest_route=%2Fwp%2Fv2%2Fredacteur&post=8102"},{"taxonomy":"type-darticle","embeddable":true,"href":"https:\/\/www.creusonslabible.fr\/index.php?rest_route=%2Fwp%2Fv2%2Ftype-darticle&post=8102"}],"curies":[{"name":"wp","href":"https:\/\/api.w.org\/{rel}","templated":true}]}}