{"id":8107,"date":"2022-02-10T12:16:00","date_gmt":"2022-02-10T10:16:00","guid":{"rendered":"http:\/\/www.creusonslabible.fr\/?p=8107"},"modified":"2025-01-22T13:27:38","modified_gmt":"2025-01-22T11:27:38","slug":"etre-sel-et-lumiere-matthieu-5-13-16","status":"publish","type":"post","link":"https:\/\/www.creusonslabible.fr\/?p=8107","title":{"rendered":"\u00catre sel et lumi\u00e8re (Matthieu 5.13-16)"},"content":{"rendered":"\n<p><\/p>\n\n\n\n<p>par Christophe Paya, doyen de la Facult\u00e9 Libre de Th\u00e9ologie \u00c9vang\u00e9lique de Vaux sur Seine<\/p>\n\n\n\n<p>Les images du sel et de la lumi\u00e8re viennent juste apr\u00e8s les B\u00e9atitudes. Ceux et celles qui sont dits \u00ab&nbsp;heureux&nbsp;\u00bb par J\u00e9sus (5.3-12) sont le sel de la terre et la lumi\u00e8re du monde. Mais les deux images montrent aussi que \u00ab&nbsp;saler&nbsp;\u00bb et \u00ab&nbsp;\u00e9clairer&nbsp;\u00bb sont ce que les disciples de J\u00e9sus sont appel\u00e9s \u00e0 faire. Ces deux images mettent donc imm\u00e9diatement en mouvement le portrait des B\u00e9atitudes&nbsp;: loin d\u2019\u00eatre statique ou fataliste, il correspond \u00e0 la description de disciples en mouvement, actifs, dans le monde.&nbsp;<\/p>\n\n\n\n<p>Le \u00ab&nbsp;vous&nbsp;\u00bb du v.13 (\u00ab&nbsp;<em>vous<\/em> \u00eates le sel&nbsp;\u00bb) prolonge celui des v.11-12 (\u00ab&nbsp;heureux serez-<em>vous<\/em>&nbsp;\u00bb). C\u2019est donc toujours le disciple de J\u00e9sus qui est en cause, et il est heureux&nbsp;!&nbsp;<\/p>\n\n\n\n<h3 class=\"wp-block-heading\">Le sel de la terre<\/h3>\n\n\n\n<p>L\u2019image du sel a donn\u00e9 lieu \u00e0 plusieurs interpr\u00e9tations li\u00e9es aux diff\u00e9rentes fonctions du sel dans le monde antique (les principales \u00e9tant&nbsp;: donner du go\u00fbt, conserver et purifier&nbsp;; on peut mentionner aussi son rapport aux sacrifices, Lv 2.13&nbsp;; Nb 18.19) ou \u00e0 sa nature (sel m\u00eal\u00e9 \u00e0 des impuret\u00e9s, etc.).&nbsp;<\/p>\n\n\n\n<p>Nombreux sont en effet les usages et les images li\u00e9s au sel, hier comme aujourd\u2019hui. Mais malgr\u00e9 leur int\u00e9r\u00eat pratique, ces pr\u00e9cisions ne sont pas n\u00e9cessaires \u00e0 la compr\u00e9hension du texte. Le sel, \u00e0 toutes les \u00e9poques, est tr\u00e8s utile et est utilis\u00e9 partout. La parabole est bas\u00e9e sur un raisonnement par l\u2019absurde&nbsp;: le sel est utile, mais si le sel ne sale plus, il est inutile&nbsp;; ce n\u2019est plus du sel. Il serait absurde de devoir saler le sel&nbsp;!&nbsp;<\/p>\n\n\n\n<p>La fin de la parabole \u2013 le sel est jet\u00e9 dehors et pi\u00e9tin\u00e9 \u2013 montre que l\u2019avertissement est s\u00e9rieux et que la responsabilit\u00e9 des auditeurs est engag\u00e9e. Ce qui est impossible \u2013 que le sel ne soit plus sal\u00e9 \u2013 n\u2019est pas exclu\u2026 Pour revenir aux B\u00e9atitudes, l\u2019impossible peut se produire&nbsp;: les pleurs peuvent se changer en amertume&nbsp;; la douceur se laisser tenter par la violence&nbsp;; la faim et soif de justice devenir d\u00e9sir de vengeance&nbsp;; la puret\u00e9 de c\u0153ur devenir pharisa\u00efsme\u2026 L\u2019image du sel invite donc \u00e0 consid\u00e9rer le portrait des B\u00e9atitudes comme un portrait \u00e9volutif, et donc comme quelque chose que l\u2019on peut \u00eatre, cesser d\u2019\u00eatre, redevenir.&nbsp;<\/p>\n\n\n\n<h3 class=\"wp-block-heading\">La lumi\u00e8re du monde<\/h3>\n\n\n\n<p>L\u2019image de la lumi\u00e8re ne communique pas un message diff\u00e9rent de celle du sel, mais apporte quelques pr\u00e9cisions. Le sel sale par nature&nbsp;; la lumi\u00e8re \u00e9claire par nature&nbsp;; c\u2019est in\u00e9vitable. Une ville, avec ses \u00e9clairages, plac\u00e9e sur une hauteur, sera forc\u00e9ment visible. Mais quelle serait l\u2019utilit\u00e9 d\u2019une lampe cach\u00e9e sous un seau&nbsp;? Il serait absurde d\u2019allumer une lampe pour ensuite en cacher la lumi\u00e8re&nbsp;! Son utilit\u00e9 vient de ce qu\u2019elle \u00e9claire. Et cette utilit\u00e9 vaut pour tous ceux qui en b\u00e9n\u00e9ficient.<\/p>\n\n\n\n<p>Le message du sel est donc renforc\u00e9&nbsp;: la lumi\u00e8re a une fonction&nbsp;; il est naturel qu\u2019elle la remplisse&nbsp;; l\u2019en emp\u00eacher serait absurde. Mais la parabole de la lampe, plus longue, apporte des pr\u00e9cisions. Tout d\u2019abord le r\u00f4le qui vis\u00e9 n\u2019est pas au b\u00e9n\u00e9fice seulement d\u2019un groupe \u2013 les disciples \u2013 mais de tous les \u00eatres humains (v.16). Deuxi\u00e8mement, l\u2019effet du sel et de la lumi\u00e8re est b\u00e9n\u00e9fique et visible&nbsp;: \u00ab&nbsp;qu\u2019ils voient le bien que vous faites&nbsp;\u00bb, ce sont de belles et bonnes \u0153uvres.&nbsp;<\/p>\n\n\n\n<p>L\u2019image de la ville et celle de la lampe peuvent aussi \u00eatre rapproch\u00e9es de l\u2019Ancien Testament (\u00c9s 2.2-5&nbsp;; voir 42.6&nbsp;; 49.6&nbsp;; 60.3)&nbsp;: cette ville et cette lampe qui \u00e9clairent, ce sont celles de Dieu, qui \u00e9claire le monde et qui veut que son peuple, peuple de pr\u00eatres, refl\u00e8te cette lumi\u00e8re, pour que sa gloire s\u2019\u00e9tende jusqu\u2019aux extr\u00e9mit\u00e9s de la terre. La lumi\u00e8re demeure d\u2019ailleurs une image tr\u00e8s pr\u00e9sente dans le reste du Nouveau Testament&nbsp;: les chr\u00e9tiens appartiennent \u00e0 la lumi\u00e8re (\u00c9p 5.8&nbsp;; 1 Th 5.5) et brillent dans le monde (Ph 2.15), portant la lumi\u00e8re de l\u2019\u00c9vangile (2 Co 4.4).<\/p>\n\n\n\n<h3 class=\"wp-block-heading\">L\u2019\u00c9glise dans le monde<\/h3>\n\n\n\n<p>Sel et lumi\u00e8re, les disciples de J\u00e9sus ont ensemble un r\u00f4le \u00e0 jouer dans le monde qui les entoure. Ils ne sont pas appel\u00e9s \u00e0 une vie s\u00e9par\u00e9e ou cach\u00e9e, mais \u00e0 une visibilit\u00e9, qui ne soit pas une mise en valeur personnelle (6.1, 2, 5) mais une mise en valeur de Dieu. Ainsi, l\u2019\u00c9glise est appel\u00e9e \u00e0 \u00eatre une communaut\u00e9 ouverte et visible, mais visible au sens de transparente, afin que la gloire de Dieu soit perceptible \u00e0 l\u2019arri\u00e8re-plan.<\/p>\n\n\n\n<p>La vie des chr\u00e9tiens est donc importante pour le monde. Les images du sel et de la lumi\u00e8re leur donnent une identit\u00e9 et une vocation qui sont distinctes du reste du monde, mais qui sont aussi en rapport avec le monde. \u00c0 la lumi\u00e8re des B\u00e9atitudes qui pr\u00e9c\u00e8dent, il ne faut pas sp\u00e9cialement chercher dans ces images des pratiques spectaculaires. C\u2019est bien plut\u00f4t l\u2019ordinaire de la vie qui est en cause, l\u2019incarnation du message du royaume des cieux dans les multiples situations d\u00e9licates de la vie humaine. Ainsi, la conjugaison d\u2019un message pr\u00each\u00e9 et d\u2019un message v\u00e9cu fera conna\u00eetre au monde le P\u00e8re c\u00e9leste.&nbsp;<\/p>\n\n\n\n<p>La communaut\u00e9 chr\u00e9tienne, au vu de ses images, se caract\u00e9rise par sa diff\u00e9rence. Cette diff\u00e9rence peut susciter divers types de r\u00e9actions. Dans certains endroits, c\u2019est la pers\u00e9cution ouverte. Mais cette diff\u00e9rence repr\u00e9sente aussi pour le monde qui nous entoure des points de rep\u00e8re. \u00c0 qui s\u2019adresser si l\u2019on cherche Dieu&nbsp;? Les lieux de sel et de lumi\u00e8re que sont les communaut\u00e9s chr\u00e9tiennes et les chr\u00e9tiens l\u00e0 o\u00f9 ils se trouvent peuvent \u00eatre de ces rep\u00e8res. Contrairement \u00e0 d\u2019autres groupes, qui cherchent \u00e0 faire conna\u00eetre leur \u00ab&nbsp;marque&nbsp;\u00bb, l\u2019\u00c9glise cherche \u00e0 faire conna\u00eetre Dieu. Lumi\u00e8re du monde, elle l\u2019est par reflet, comme la lune l\u2019est pour le soleil, elle qui n\u2019est que d\u00e9sert sans la lumi\u00e8re du soleil.<\/p>\n","protected":false},"excerpt":{"rendered":"<p>par Christophe Paya, doyen de la Facult\u00e9 Libre de Th\u00e9ologie \u00c9vang\u00e9lique de Vaux sur Seine Les images du sel et de la lumi\u00e8re viennent juste apr\u00e8s les B\u00e9atitudes. Ceux et celles qui sont dits \u00ab&nbsp;heureux&nbsp;\u00bb par J\u00e9sus (5.3-12) sont le sel de la terre et la lumi\u00e8re du monde. Mais les deux images montrent aussi [&hellip;]<\/p>\n","protected":false},"author":3,"featured_media":8162,"comment_status":"open","ping_status":"closed","sticky":false,"template":"","format":"standard","meta":{"_acf_changed":false,"_eb_attr":"","advgb_blocks_editor_width":"","advgb_blocks_columns_visual_guide":"","footnotes":""},"categories":[24],"tags":[651,408,23,35],"video":[],"audio":[],"ecrit":[],"mis-en-avant":[],"redacteur":[],"type-darticle":[],"class_list":["post-8107","post","type-post","status-publish","format-standard","has-post-thumbnail","hentry","category-textes-bibliques-commentes","tag-ecrit","tag-matthieu","tag-nouveau-testament","tag-sermon-sur-la-montagne"],"blocksy_meta":[],"acf":[],"featured_image_src":"https:\/\/www.creusonslabible.fr\/wp-content\/uploads\/2022\/02\/salt-pan-the-evening-sun-tsai-foot-salt-wells-tile-plate-tainan-1.jpg","author_info":{"display_name":"Yoh","author_link":"https:\/\/www.creusonslabible.fr\/?author=3"},"author_meta":{"display_name":"Yoh","author_link":"https:\/\/www.creusonslabible.fr\/?author=3"},"featured_img":"https:\/\/www.creusonslabible.fr\/wp-content\/uploads\/2022\/02\/salt-pan-the-evening-sun-tsai-foot-salt-wells-tile-plate-tainan-1-300x200.jpg","coauthors":[],"tax_additional":{"categories":{"linked":["<a href=\"https:\/\/www.creusonslabible.fr\/?cat=24\" class=\"advgb-post-tax-term\">Textes Bibliques comment\u00e9s<\/a>"],"unlinked":["<span class=\"advgb-post-tax-term\">Textes Bibliques comment\u00e9s<\/span>"]},"tags":{"linked":["<a href=\"https:\/\/www.creusonslabible.fr\/?cat=24\" class=\"advgb-post-tax-term\">\u00e9crit<\/a>","<a href=\"https:\/\/www.creusonslabible.fr\/?cat=24\" class=\"advgb-post-tax-term\">Matthieu<\/a>","<a href=\"https:\/\/www.creusonslabible.fr\/?cat=24\" class=\"advgb-post-tax-term\">Nouveau-Testament<\/a>","<a href=\"https:\/\/www.creusonslabible.fr\/?cat=24\" class=\"advgb-post-tax-term\">Sermon sur la montagne<\/a>"],"unlinked":["<span class=\"advgb-post-tax-term\">\u00e9crit<\/span>","<span class=\"advgb-post-tax-term\">Matthieu<\/span>","<span class=\"advgb-post-tax-term\">Nouveau-Testament<\/span>","<span class=\"advgb-post-tax-term\">Sermon sur la montagne<\/span>"]}},"comment_count":"0","relative_dates":{"created":"Publi\u00e9 4 ans il y a","modified":"Mis \u00e0 jour 1 an il y a"},"absolute_dates":{"created":"Publi\u00e9 le 10 f\u00e9vrier 2022","modified":"Mise \u00e0 jour le 22 janvier 2025"},"absolute_dates_time":{"created":"Publi\u00e9 le 10 f\u00e9vrier 2022 12h16","modified":"Mise \u00e0 jour le 22 janvier 2025 13h27"},"featured_img_caption":"","series_order":"","meta_box":[],"_links":{"self":[{"href":"https:\/\/www.creusonslabible.fr\/index.php?rest_route=\/wp\/v2\/posts\/8107","targetHints":{"allow":["GET"]}}],"collection":[{"href":"https:\/\/www.creusonslabible.fr\/index.php?rest_route=\/wp\/v2\/posts"}],"about":[{"href":"https:\/\/www.creusonslabible.fr\/index.php?rest_route=\/wp\/v2\/types\/post"}],"author":[{"embeddable":true,"href":"https:\/\/www.creusonslabible.fr\/index.php?rest_route=\/wp\/v2\/users\/3"}],"replies":[{"embeddable":true,"href":"https:\/\/www.creusonslabible.fr\/index.php?rest_route=%2Fwp%2Fv2%2Fcomments&post=8107"}],"version-history":[{"count":1,"href":"https:\/\/www.creusonslabible.fr\/index.php?rest_route=\/wp\/v2\/posts\/8107\/revisions"}],"predecessor-version":[{"id":10144,"href":"https:\/\/www.creusonslabible.fr\/index.php?rest_route=\/wp\/v2\/posts\/8107\/revisions\/10144"}],"wp:featuredmedia":[{"embeddable":true,"href":"https:\/\/www.creusonslabible.fr\/index.php?rest_route=\/wp\/v2\/media\/8162"}],"wp:attachment":[{"href":"https:\/\/www.creusonslabible.fr\/index.php?rest_route=%2Fwp%2Fv2%2Fmedia&parent=8107"}],"wp:term":[{"taxonomy":"category","embeddable":true,"href":"https:\/\/www.creusonslabible.fr\/index.php?rest_route=%2Fwp%2Fv2%2Fcategories&post=8107"},{"taxonomy":"post_tag","embeddable":true,"href":"https:\/\/www.creusonslabible.fr\/index.php?rest_route=%2Fwp%2Fv2%2Ftags&post=8107"},{"taxonomy":"video","embeddable":true,"href":"https:\/\/www.creusonslabible.fr\/index.php?rest_route=%2Fwp%2Fv2%2Fvideo&post=8107"},{"taxonomy":"audio","embeddable":true,"href":"https:\/\/www.creusonslabible.fr\/index.php?rest_route=%2Fwp%2Fv2%2Faudio&post=8107"},{"taxonomy":"ecrit","embeddable":true,"href":"https:\/\/www.creusonslabible.fr\/index.php?rest_route=%2Fwp%2Fv2%2Fecrit&post=8107"},{"taxonomy":"mis-en-avant","embeddable":true,"href":"https:\/\/www.creusonslabible.fr\/index.php?rest_route=%2Fwp%2Fv2%2Fmis-en-avant&post=8107"},{"taxonomy":"redacteur","embeddable":true,"href":"https:\/\/www.creusonslabible.fr\/index.php?rest_route=%2Fwp%2Fv2%2Fredacteur&post=8107"},{"taxonomy":"type-darticle","embeddable":true,"href":"https:\/\/www.creusonslabible.fr\/index.php?rest_route=%2Fwp%2Fv2%2Ftype-darticle&post=8107"}],"curies":[{"name":"wp","href":"https:\/\/api.w.org\/{rel}","templated":true}]}}