{"id":8113,"date":"2022-03-10T10:35:33","date_gmt":"2022-03-10T08:35:33","guid":{"rendered":"http:\/\/www.creusonslabible.fr\/?p=8113"},"modified":"2025-01-22T13:22:06","modified_gmt":"2025-01-22T11:22:06","slug":"le-livre-de-jonas-et-le-probleme-du-racisme","status":"publish","type":"post","link":"https:\/\/www.creusonslabible.fr\/?p=8113","title":{"rendered":"Le livre de Jonas et le probl\u00e8me du racisme"},"content":{"rendered":"\n<p><\/p>\n\n\n\n<p>Rodrigo F. de Sousa, professeur d&rsquo;Ancien Testament \u00e0 la Facult\u00e9 Jean Calvin<\/p>\n\n\n\n<p>Quelle contribution nous apporte le livre de Jonas au sujet \u00e9pineux du racisme\u00a0? Une premi\u00e8re lecture du r\u00e9cit peut sugg\u00e9rer qu\u2019elle r\u00e9side dans le portrait positif des \u00e9trangers, compte tenu de la mani\u00e8re dont il souligne la disposition pour l\u2019\u00e9coute de Dieu par les marins (Jon 1,5-16) et l\u2019ensemble de la population de Ninive (Jon 3,4-10). Ce portrait nous signale une ouverture vers l\u2019autre qui peut m\u00eame \u00eatre consid\u00e9r\u00e9e comme r\u00e9volutionnaire dans le monde ancien et qui anticipe les paroles et l\u2019\u0153uvre du Christ.<\/p>\n\n\n\n<p>Mais on peut aller plus loin. Bien que le portrait des nations dans Jonas touche de fa\u00e7on ciliaire le sujet du racisme, le racisme en tant que tel n\u2019est pas en jeu dans le r\u00e9cit. L\u2019accent est d\u2019abord mis sur notre r\u00e9ponse \u00e0 la mani\u00e8re dont Dieu choisit de r\u00e9v\u00e9ler son amour aux hommes. D\u2019une mani\u00e8re indirecte, c\u2019est justement ce message central qui nous apporte quelques pistes essentielles pour penser le racisme.<\/p>\n\n\n\n<p>Pour avancer, un petit r\u00e9capitulatif global du livre est n\u00e9cessaire : Le premier chapitre raconte un appel de Dieu au proph\u00e8te Jonas pour annoncer le jugement \u00e0 la ville de Ninive. Jonas se rebelle et s\u2019enfuit par navire vers l\u2019autre extr\u00e9mit\u00e9 du monde connu. Cette d\u00e9sob\u00e9issance r\u00e9sulte dans une grande temp\u00eate qui force les marins \u00e0 jeter Jonas dans la mer. Pour sauver son proph\u00e8te, Dieu envoie un gros poisson qui l\u2019avale et, apr\u00e8s trois jours, le livre sain et sauf sur une plage. Le chapitre 2 comprend notamment la pri\u00e8re de Jonas dans le ventre de ce poisson.<\/p>\n\n\n\n<p>Le chapitre 3 s\u2019ouvre avec une reprise de la mission du proph\u00e8te. Cette fois-l\u00e0, Jonas ob\u00e9it, et l\u2019aboutissement est une sorte de r\u00e9veil collectif de la ville de Ninive, suivi par la d\u00e9cision divine d\u2019\u00e9pargner la population de sa col\u00e8re. Si le r\u00e9cit s\u2019arr\u00eatait \u00e0 la fin du chapitre 3, on aurait une sym\u00e9trie parfaite, illustrant un principe exprim\u00e9 dans le livre de J\u00e9r\u00e9mie&nbsp;: \u00ab&nbsp;Tant\u00f4t je d\u00e9cr\u00e8te de d\u00e9raciner, de renverser et de ruiner une nation ou un royaume. Mais si cette nation se convertit du mal qui avait provoqu\u00e9 mon d\u00e9cret, je renonce au mal que je pensais lui faire.&nbsp;\u00bb (Jr 18,7-8 TOB).<\/p>\n\n\n\n<p>Mais alors, voil\u00e0 le chapitre 4, o\u00f9 nous trouvons un dialogue complexe entre Jonas et Dieu, dans lequel le proph\u00e8te explicite les raisons de sa r\u00e9ticence \u00e0 accomplir la mission qui lui avait \u00e9t\u00e9 confi\u00e9e. Ce chapitre brise la sym\u00e9trie du r\u00e9cit, et sert de cl\u00e9 pour la lecture de l\u2019ensemble du livre, nous permettant d\u2019en saisir ses th\u00e8mes et messages centraux.<\/p>\n\n\n\n<p>Voil\u00e0 la justificative du proph\u00e8te\u00a0: \u00ab\u00a0Je savais bien que tu es un Dieu bon et mis\u00e9ricordieux, lent \u00e0 la col\u00e8re et plein de bienveillance, et qui revient sur sa d\u00e9cision de faire du mal\u00a0\u00bb (Jon 4,2 TOB).\u00a0 Rien de faux dans ce que Jonas affirme par rapport \u00e0 Dieu. En fait, toutes les d\u00e9clarations th\u00e9ologiques du proph\u00e8te dans le livre sont parfaitement correctes d\u2019un point de vue dogmatique. Le probl\u00e8me est justement l\u2019usage qu\u2019il fait de sa bonne doctrine.<\/p>\n\n\n\n<p>L\u2019objection principale de Jonas par rapport \u00e0 sa mission est la possibilit\u00e9 d\u2019accord du pardon aux ninivites. Et l\u00e0 il faut \u00eatre clair que cette objection n\u2019est pas motiv\u00e9e simplement par une forme de \u00ab&nbsp;racisme&nbsp;\u00bb. Si le Jonas de ce r\u00e9cit est le m\u00eame proph\u00e8te mentionn\u00e9 dans 2 R 14,25, alors il a \u00e9t\u00e9 envoy\u00e9 au c\u0153ur de l\u2019empire Assyrien, la plus grande menace pesant sur Isra\u00ebl \u00e0 son \u00e9poque. Si le r\u00e9cit a \u00e9t\u00e9 effectivement \u00e9crit apr\u00e8s l\u2019exil, l\u2019ombre de la destruction des royaumes d\u2019Isra\u00ebl et Juda plane aussi sur le lecteur.<\/p>\n\n\n\n<p>Jonas nous est pr\u00e9sent\u00e9 dans le livre comme un personnage dot\u00e9 de convictions fortes, et d\u2019un sens de la justice inexorable, qu\u2019il applique de fa\u00e7on parfaitement coh\u00e9rente. Rappelons-nous que lors de la temp\u00eate qui risque d\u2019emporter tous les marins \u00e9trangers, c\u2019est lui qui demande \u00e0 \u00eatre sacrifi\u00e9 \u00e0 leur place, parce qu\u2019il reconna\u00eet \u00e0 la fois sa culpabilit\u00e9 et leur innocence (Jon 1,12). Les actions de Jonas semblent donc \u00eatre moins motiv\u00e9es par une forme de pr\u00e9jug\u00e9 ou de racisme que par ses convictions concernant ce qui est la justice et sa bonne mise en place. L\u2019application stricte d\u2019une logique de r\u00e9tribution impitoyable rapproche Jonas et l\u2019inspecteur Javert, du c\u00e9l\u00e8bre roman <em>Les Mis\u00e9rables<\/em> de Victor Hugo, pour qui le sens aigu de justice le prive de son humanit\u00e9.<\/p>\n\n\n\n<p>Donc, d\u2019un c\u00f4t\u00e9, le livre de Jonas d\u00e9fie le racisme en nous montrant que la gr\u00e2ce de Dieu couvre tous ceux qui se tournent vers lui, ind\u00e9pendamment de leur origine nationale ou ethnique. Mais sa contribution plus profonde est une mise en garde pour que nos meilleures convictions \u00e9thiques et th\u00e9ologiques ne soient pas instrumentalis\u00e9es par la haine. Evidemment, la solution propos\u00e9e par le livre de Jonas n\u2019est pas d\u2019abandonner nos convictions et professions de foi, mais d\u2019\u00eatre toujours pr\u00eats \u00e0 nous laisser de nouveau enseigner par Dieu.<\/p>\n","protected":false},"excerpt":{"rendered":"<p>Rodrigo F. de Sousa, professeur d&rsquo;Ancien Testament \u00e0 la Facult\u00e9 Jean Calvin Quelle contribution nous apporte le livre de Jonas au sujet \u00e9pineux du racisme\u00a0? Une premi\u00e8re lecture du r\u00e9cit peut sugg\u00e9rer qu\u2019elle r\u00e9side dans le portrait positif des \u00e9trangers, compte tenu de la mani\u00e8re dont il souligne la disposition pour l\u2019\u00e9coute de Dieu par [&hellip;]<\/p>\n","protected":false},"author":3,"featured_media":8181,"comment_status":"open","ping_status":"closed","sticky":false,"template":"","format":"standard","meta":{"_acf_changed":false,"_eb_attr":"","advgb_blocks_editor_width":"","advgb_blocks_columns_visual_guide":"","footnotes":""},"categories":[174],"tags":[170,651,273,588],"video":[],"audio":[],"ecrit":[],"mis-en-avant":[],"redacteur":[],"type-darticle":[],"class_list":["post-8113","post","type-post","status-publish","format-standard","has-post-thumbnail","hentry","category-histoire-d-israel","tag-ancien-testament","tag-ecrit","tag-jonas","tag-racisme"],"blocksy_meta":[],"acf":[],"featured_image_src":"https:\/\/www.creusonslabible.fr\/wp-content\/uploads\/2022\/03\/markus-spiske-QozzJpFZ2lg-unsplash-scaled-e1646901318287-1.jpg","author_info":{"display_name":"Yoh","author_link":"https:\/\/www.creusonslabible.fr\/?author=3"},"author_meta":{"display_name":"Yoh","author_link":"https:\/\/www.creusonslabible.fr\/?author=3"},"featured_img":"https:\/\/www.creusonslabible.fr\/wp-content\/uploads\/2022\/03\/markus-spiske-QozzJpFZ2lg-unsplash-scaled-e1646901318287-1-300x90.jpg","coauthors":[],"tax_additional":{"categories":{"linked":["<a href=\"https:\/\/www.creusonslabible.fr\/?cat=174\" class=\"advgb-post-tax-term\">Histoire d&#039;Isra\u00ebl<\/a>"],"unlinked":["<span class=\"advgb-post-tax-term\">Histoire d&#039;Isra\u00ebl<\/span>"]},"tags":{"linked":["<a href=\"https:\/\/www.creusonslabible.fr\/?cat=174\" class=\"advgb-post-tax-term\">Ancien-Testament<\/a>","<a href=\"https:\/\/www.creusonslabible.fr\/?cat=174\" class=\"advgb-post-tax-term\">\u00e9crit<\/a>","<a href=\"https:\/\/www.creusonslabible.fr\/?cat=174\" class=\"advgb-post-tax-term\">Jonas<\/a>","<a href=\"https:\/\/www.creusonslabible.fr\/?cat=174\" class=\"advgb-post-tax-term\">racisme<\/a>"],"unlinked":["<span class=\"advgb-post-tax-term\">Ancien-Testament<\/span>","<span class=\"advgb-post-tax-term\">\u00e9crit<\/span>","<span class=\"advgb-post-tax-term\">Jonas<\/span>","<span class=\"advgb-post-tax-term\">racisme<\/span>"]}},"comment_count":"0","relative_dates":{"created":"Publi\u00e9 4 ans il y a","modified":"Mis \u00e0 jour 1 an il y a"},"absolute_dates":{"created":"Publi\u00e9 le 10 mars 2022","modified":"Mise \u00e0 jour le 22 janvier 2025"},"absolute_dates_time":{"created":"Publi\u00e9 le 10 mars 2022 10h35","modified":"Mise \u00e0 jour le 22 janvier 2025 13h22"},"featured_img_caption":"","series_order":"","meta_box":[],"_links":{"self":[{"href":"https:\/\/www.creusonslabible.fr\/index.php?rest_route=\/wp\/v2\/posts\/8113","targetHints":{"allow":["GET"]}}],"collection":[{"href":"https:\/\/www.creusonslabible.fr\/index.php?rest_route=\/wp\/v2\/posts"}],"about":[{"href":"https:\/\/www.creusonslabible.fr\/index.php?rest_route=\/wp\/v2\/types\/post"}],"author":[{"embeddable":true,"href":"https:\/\/www.creusonslabible.fr\/index.php?rest_route=\/wp\/v2\/users\/3"}],"replies":[{"embeddable":true,"href":"https:\/\/www.creusonslabible.fr\/index.php?rest_route=%2Fwp%2Fv2%2Fcomments&post=8113"}],"version-history":[{"count":1,"href":"https:\/\/www.creusonslabible.fr\/index.php?rest_route=\/wp\/v2\/posts\/8113\/revisions"}],"predecessor-version":[{"id":10113,"href":"https:\/\/www.creusonslabible.fr\/index.php?rest_route=\/wp\/v2\/posts\/8113\/revisions\/10113"}],"wp:featuredmedia":[{"embeddable":true,"href":"https:\/\/www.creusonslabible.fr\/index.php?rest_route=\/wp\/v2\/media\/8181"}],"wp:attachment":[{"href":"https:\/\/www.creusonslabible.fr\/index.php?rest_route=%2Fwp%2Fv2%2Fmedia&parent=8113"}],"wp:term":[{"taxonomy":"category","embeddable":true,"href":"https:\/\/www.creusonslabible.fr\/index.php?rest_route=%2Fwp%2Fv2%2Fcategories&post=8113"},{"taxonomy":"post_tag","embeddable":true,"href":"https:\/\/www.creusonslabible.fr\/index.php?rest_route=%2Fwp%2Fv2%2Ftags&post=8113"},{"taxonomy":"video","embeddable":true,"href":"https:\/\/www.creusonslabible.fr\/index.php?rest_route=%2Fwp%2Fv2%2Fvideo&post=8113"},{"taxonomy":"audio","embeddable":true,"href":"https:\/\/www.creusonslabible.fr\/index.php?rest_route=%2Fwp%2Fv2%2Faudio&post=8113"},{"taxonomy":"ecrit","embeddable":true,"href":"https:\/\/www.creusonslabible.fr\/index.php?rest_route=%2Fwp%2Fv2%2Fecrit&post=8113"},{"taxonomy":"mis-en-avant","embeddable":true,"href":"https:\/\/www.creusonslabible.fr\/index.php?rest_route=%2Fwp%2Fv2%2Fmis-en-avant&post=8113"},{"taxonomy":"redacteur","embeddable":true,"href":"https:\/\/www.creusonslabible.fr\/index.php?rest_route=%2Fwp%2Fv2%2Fredacteur&post=8113"},{"taxonomy":"type-darticle","embeddable":true,"href":"https:\/\/www.creusonslabible.fr\/index.php?rest_route=%2Fwp%2Fv2%2Ftype-darticle&post=8113"}],"curies":[{"name":"wp","href":"https:\/\/api.w.org\/{rel}","templated":true}]}}