{"id":8247,"date":"2022-07-11T13:04:06","date_gmt":"2022-07-11T11:04:06","guid":{"rendered":"https:\/\/www.creusonslabible.fr\/?p=8247"},"modified":"2025-01-22T13:27:15","modified_gmt":"2025-01-22T11:27:15","slug":"matthieu-20-19-31-je-suis-comme-saint-thomas","status":"publish","type":"post","link":"https:\/\/www.creusonslabible.fr\/?p=8247","title":{"rendered":"Jean 20.19-31 : Je suis comme Saint Thomas !"},"content":{"rendered":"\n<p><\/p>\n\n\n\n<p><strong>Question d\u2019intro 1&nbsp;:<\/strong>&nbsp;\u00cates-vous du genre \u00e0 faire confiance \u00e0 ce qu\u2019on vous dit ou bien \u00eates-vous comme Saint-Thomas \u00e0 ne rien croire sans preuve&nbsp;?<\/p>\n\n\n\n<p><strong>Question 2&nbsp;:<\/strong>&nbsp;Avez-vous d\u00e9j\u00e0 vu Saint-Thomas&nbsp;?<\/p>\n\n\n\n<p><strong>Contexte&nbsp;<\/strong>:&nbsp;Nous sommes le jour de la r\u00e9surrection de J\u00e9sus.&nbsp;Seuls 2 disciples ont constat\u00e9 la disparition du corps et Marie-Madeleine a rencontr\u00e9 J\u00e9sus.&nbsp;<\/p>\n\n\n\n<blockquote class=\"wp-block-quote is-layout-flow wp-block-quote-is-layout-flow\">\n<p>Jean 20.19\u00a0Le soir de ce jour-l\u00e0, qui \u00e9tait le premier de la semaine, alors que\u00a0les portes de l&rsquo;endroit o\u00f9 se trouvaient les disciples \u00e9taient ferm\u00e9es, par crainte des Juifs,\u00a0J\u00e9sus vint\u00a0;\u00a0debout au milieu d&rsquo;eux, il leur dit\u00a0:\u00a0Que la paix soit avec vous\u00a0!\u00a020\u00a0Quand il eut dit cela,\u00a0il leur montra ses mains et son c\u00f4t\u00e9.\u00a0Les disciples se r\u00e9jouirent de voir le Seigneur.\u00a021\u00a0J\u00e9sus leur dit \u00e0 nouveau\u00a0:\u00a0Que la paix soit avec vous\u00a0!\u00a0Comme le P\u00e8re m&rsquo;a envoy\u00e9, moi aussi je vous envoie.\u00a022\u00a0Apr\u00e8s avoir dit cela, il souffla sur eux et leur dit\u00a0:\u00a0Recevez l&rsquo;Esprit saint.\u00a023\u00a0A qui vous pardonnerez les p\u00e9ch\u00e9s, ceux-ci sont pardonn\u00e9s\u00a0; \u00e0 qui vous les retiendrez, ils sont retenus.\u00a0<\/p>\n\n\n\n<p>24\u00a0Thomas, celui qu&rsquo;on appelle le Jumeau, l&rsquo;un des Douze, n&rsquo;\u00e9tait pas avec eux lorsque J\u00e9sus vint.\u00a025\u00a0Les autres disciples lui dirent donc\u00a0:\u00a0Nous avons vu le Seigneur.\u00a0Mais lui leur dit\u00a0:\u00a0Si je ne vois pas dans ses mains la marque des clous, si je ne mets pas mon doigt dans la marque des clous et ma main dans son c\u00f4t\u00e9, je ne le croirai jamais\u00a0!\u00a0<\/p>\n\n\n\n<p>26\u00a0Huit jours apr\u00e8s, ses disciples \u00e9taient de nouveau dans la maison, et Thomas avec eux. J\u00e9sus vient, alors que les\u00a0portes \u00e9taient ferm\u00e9es\u00a0;debout au milieu d&rsquo;eux, il leur dit\u00a0:\u00a0Que la paix soit avec vous\u00a0!\u00a027\u00a0Puis il dit \u00e0 Thomas\u00a0:\u00a0Avance ici ton doigt, regarde mes mains, avance ta main et mets-la dans mon c\u00f4t\u00e9\u00a0! Ne sois pas un incroyant, deviens un homme de foi\u00a0!\u00a028\u00a0Thomas lui r\u00e9pondit\u00a0: Mon Seigneur, mon Dieu\u00a0!\u00a029\u00a0J\u00e9sus lui dit\u00a0:\u00a0Parce que\u00a0tu m&rsquo;as vu, tu es convaincu\u00a0? Heureux ceux qui croient sans avoir vu\u00a0!<\/p>\n\n\n\n<p>30 J\u00e9sus a encore produit, devant ses disciples, beaucoup d&rsquo;autres signes qui ne sont pas \u00e9crits dans ce livre. 31 Mais ceux-ci sont \u00e9crits pour que vous croyiez que J\u00e9sus est le Christ, le Fils de Dieu, et que, par cette foi, vous ayez la vie en son nom.<\/p>\n<\/blockquote>\n\n\n\n<ul class=\"wp-block-list\">\n<li>[O] Quel est l\u2019\u00e9tat d\u2019esprit des disciples\u00a0au d\u00e9but du passage\u00a0?<\/li>\n\n\n\n<li>[O\/I]Dans quels\u00a0buts\u00a0J\u00e9sus appara\u00eet-il\u00a0au mlieu des disciples\u00a0? (montrer qu\u2019il est ressuscit\u00e9 et rappeler la mission des ap\u00f4tres)<\/li>\n\n\n\n<li>[I] Les ap\u00f4tres sont envoy\u00e9s pour faire quoi\u00a0? (dire que J\u00e9sus est ressuscit\u00e9 et qu\u2019il faut croire en lui pour \u00eatre sauv\u00e9)<\/li>\n\n\n\n<li>[I] Comment les disciples peuvent-ils avoir les pouvoirs du v.23\u00a0? (Leur mission est d\u2019annoncer l\u2019\u00c9vangile. D\u00e8s qu\u2019une personne accepte l\u2019\u00c9vangile et se fait baptiser, ses p\u00e9ch\u00e9 sont pardonn\u00e9s)\u00a0<\/li>\n\n\n\n<li>[I] Alors que J\u00e9sus les a envoy\u00e9s, les disciples sont toujours enferm\u00e9s 1 semaine plus tard (26). Pourquoi\u00a0?<\/li>\n\n\n\n<li>[O\/I] En quoi Thomas est-il le premier \u00ab\u00a0client\u00a0\u00bb des disciples\u00a0? Est-ce un succ\u00e8s\u00a0?<\/li>\n\n\n\n<li>[O\/I] Comprenez-vous la r\u00e9action de Thomas\u00a0? Pourquoi\u00a0?<\/li>\n\n\n\n<li>[O] Quelles sont les similitudes entre la 1\u00e8re apparition (19-23) et la 2nde (26-29)\u00a0?<\/li>\n\n\n\n<li>[O] Quelles sont les diff\u00e9rences\u00a0?<\/li>\n<\/ul>\n\n\n\n<figure class=\"wp-block-table is-style-regular\"><table><tbody><tr><td>Portes ferm\u00e9s, J\u00e9sus au milieu d\u2019eux (19)<\/td><td>Portes ferm\u00e9s, J\u00e9sus au milieu d\u2019eux (26)<\/td><\/tr><tr><td>Que la paix soit avec vous (19)<\/td><td>Que la paix soit avec vous (26)<\/td><\/tr><tr><td>Montra mains et c\u00f4t\u00e9 (20)<\/td><td>Doigt dans mains, main dans c\u00f4t\u00e9 (27)<\/td><\/tr><tr><td><\/td><td><strong>Ne sois pas incr\u00e9dule, aie la foi&nbsp;! (27)<\/strong><\/td><\/tr><tr><td>Les disciples se r\u00e9jouirent (20)<\/td><td>\u00ab&nbsp;Mon Seigneur et mon Dieu&nbsp;\u00bb (28)<\/td><\/tr><tr><td>Je vous envoie (21-23)<\/td><td>Heureux ceux qui croient sans voir&nbsp;! (29)<\/td><\/tr><\/tbody><\/table><\/figure>\n\n\n\n<p>On remarque avec ce tableau que les 3 premi\u00e8res occurrences sont identiques mais \u00e0 partir de la 4\u00e8me, Thomas joue le r\u00f4le d\u2019un incroyant qui se convertit alors que les autres disciples ont le r\u00f4le d\u2019ap\u00f4tres (=envoy\u00e9s pour la Bonne Nouvelle).<\/p>\n\n\n\n<ul class=\"wp-block-list\">\n<li>[I] Comment la 2nde apparation de J\u00e9sus pourrait \u00eatre vue comme un exemple de pr\u00e9dication donn\u00e9 aux futurs ap\u00f4tres\u00a0?\u00a0<\/li>\n\n\n\n<li>[O\/I] Quel est le rapport entre cette sc\u00e8ne avec Thomas et la conclusion des vv.30-31\u00a0? (toujours la question de prouver que J\u00e9sus est bien le Fils de Dieu et qu\u2019il faut croire en lui pour avoir la vie)<\/li>\n<\/ul>\n\n\n\n<h2 class=\"wp-block-heading\"><strong>Applications<\/strong><\/h2>\n\n\n\n<ul class=\"wp-block-list\">\n<li>D\u2019apr\u00e8s vous, ce r\u00e9cit est-il digne de foi\u00a0? Pourquoi\u00a0?<\/li>\n\n\n\n<li>Croire sans voir, \u00e7a vous para\u00eet possible ou impossible\u00a0? Pourquoi\u00a0?<\/li>\n\n\n\n<li>Que r\u00e9pondriez-vous \u00e0 J\u00e9sus s\u2019il vous disait\u00a0: \u00ab\u00a0Ne sois pas incr\u00e9dule, aie la foi\u00a0!\u00a0\u00bb\u00a0?<\/li>\n<\/ul>\n","protected":false},"excerpt":{"rendered":"<p>Question d\u2019intro 1&nbsp;:&nbsp;\u00cates-vous du genre \u00e0 faire confiance \u00e0 ce qu\u2019on vous dit ou bien \u00eates-vous comme Saint-Thomas \u00e0 ne rien croire sans preuve&nbsp;? Question 2&nbsp;:&nbsp;Avez-vous d\u00e9j\u00e0 vu Saint-Thomas&nbsp;? Contexte&nbsp;:&nbsp;Nous sommes le jour de la r\u00e9surrection de J\u00e9sus.&nbsp;Seuls 2 disciples ont constat\u00e9 la disparition du corps et Marie-Madeleine a rencontr\u00e9 J\u00e9sus.&nbsp; Jean 20.19\u00a0Le soir de [&hellip;]<\/p>\n","protected":false},"author":3,"featured_media":8248,"comment_status":"open","ping_status":"closed","sticky":false,"template":"","format":"standard","meta":{"_acf_changed":false,"_eb_attr":"","advgb_blocks_editor_width":"","advgb_blocks_columns_visual_guide":"","footnotes":""},"categories":[18,10],"tags":[651,23,595,444,596,597],"video":[],"audio":[],"ecrit":[],"mis-en-avant":[],"redacteur":[],"type-darticle":[],"class_list":["post-8247","post","type-post","status-publish","format-standard","has-post-thumbnail","hentry","category-dab-pour-etudiants","category-discussions-autour-de-la-bible","tag-ecrit","tag-nouveau-testament","tag-preuve","tag-resurrection","tag-stigmates","tag-thomas"],"blocksy_meta":[],"acf":[],"featured_image_src":"https:\/\/www.creusonslabible.fr\/wp-content\/uploads\/2022\/07\/kelly-sikkema-fL5M_GgZ_w8-unsplash-1.jpg","author_info":{"display_name":"Yoh","author_link":"https:\/\/www.creusonslabible.fr\/?author=3"},"author_meta":{"display_name":"Yoh","author_link":"https:\/\/www.creusonslabible.fr\/?author=3"},"featured_img":"https:\/\/www.creusonslabible.fr\/wp-content\/uploads\/2022\/07\/kelly-sikkema-fL5M_GgZ_w8-unsplash-1-300x188.jpg","coauthors":[],"tax_additional":{"categories":{"linked":["<a href=\"https:\/\/www.creusonslabible.fr\/?cat=18\" class=\"advgb-post-tax-term\">DAB pour \u00e9tudiants<\/a>","<a href=\"https:\/\/www.creusonslabible.fr\/?cat=10\" class=\"advgb-post-tax-term\">Discussions autour de la Bible<\/a>"],"unlinked":["<span class=\"advgb-post-tax-term\">DAB pour \u00e9tudiants<\/span>","<span class=\"advgb-post-tax-term\">Discussions autour de la Bible<\/span>"]},"tags":{"linked":["<a href=\"https:\/\/www.creusonslabible.fr\/?cat=10\" class=\"advgb-post-tax-term\">\u00e9crit<\/a>","<a href=\"https:\/\/www.creusonslabible.fr\/?cat=10\" class=\"advgb-post-tax-term\">Nouveau-Testament<\/a>","<a href=\"https:\/\/www.creusonslabible.fr\/?cat=10\" class=\"advgb-post-tax-term\">preuve<\/a>","<a href=\"https:\/\/www.creusonslabible.fr\/?cat=10\" class=\"advgb-post-tax-term\">resurrection<\/a>","<a href=\"https:\/\/www.creusonslabible.fr\/?cat=10\" class=\"advgb-post-tax-term\">stigmates<\/a>","<a href=\"https:\/\/www.creusonslabible.fr\/?cat=10\" class=\"advgb-post-tax-term\">thomas<\/a>"],"unlinked":["<span class=\"advgb-post-tax-term\">\u00e9crit<\/span>","<span class=\"advgb-post-tax-term\">Nouveau-Testament<\/span>","<span class=\"advgb-post-tax-term\">preuve<\/span>","<span class=\"advgb-post-tax-term\">resurrection<\/span>","<span class=\"advgb-post-tax-term\">stigmates<\/span>","<span class=\"advgb-post-tax-term\">thomas<\/span>"]}},"comment_count":"0","relative_dates":{"created":"Publi\u00e9 4 ans il y a","modified":"Mis \u00e0 jour 1 an il y a"},"absolute_dates":{"created":"Publi\u00e9 le 11 juillet 2022","modified":"Mise \u00e0 jour le 22 janvier 2025"},"absolute_dates_time":{"created":"Publi\u00e9 le 11 juillet 2022 13h04","modified":"Mise \u00e0 jour le 22 janvier 2025 13h27"},"featured_img_caption":"","series_order":"","meta_box":[],"_links":{"self":[{"href":"https:\/\/www.creusonslabible.fr\/index.php?rest_route=\/wp\/v2\/posts\/8247","targetHints":{"allow":["GET"]}}],"collection":[{"href":"https:\/\/www.creusonslabible.fr\/index.php?rest_route=\/wp\/v2\/posts"}],"about":[{"href":"https:\/\/www.creusonslabible.fr\/index.php?rest_route=\/wp\/v2\/types\/post"}],"author":[{"embeddable":true,"href":"https:\/\/www.creusonslabible.fr\/index.php?rest_route=\/wp\/v2\/users\/3"}],"replies":[{"embeddable":true,"href":"https:\/\/www.creusonslabible.fr\/index.php?rest_route=%2Fwp%2Fv2%2Fcomments&post=8247"}],"version-history":[{"count":1,"href":"https:\/\/www.creusonslabible.fr\/index.php?rest_route=\/wp\/v2\/posts\/8247\/revisions"}],"predecessor-version":[{"id":9950,"href":"https:\/\/www.creusonslabible.fr\/index.php?rest_route=\/wp\/v2\/posts\/8247\/revisions\/9950"}],"wp:featuredmedia":[{"embeddable":true,"href":"https:\/\/www.creusonslabible.fr\/index.php?rest_route=\/wp\/v2\/media\/8248"}],"wp:attachment":[{"href":"https:\/\/www.creusonslabible.fr\/index.php?rest_route=%2Fwp%2Fv2%2Fmedia&parent=8247"}],"wp:term":[{"taxonomy":"category","embeddable":true,"href":"https:\/\/www.creusonslabible.fr\/index.php?rest_route=%2Fwp%2Fv2%2Fcategories&post=8247"},{"taxonomy":"post_tag","embeddable":true,"href":"https:\/\/www.creusonslabible.fr\/index.php?rest_route=%2Fwp%2Fv2%2Ftags&post=8247"},{"taxonomy":"video","embeddable":true,"href":"https:\/\/www.creusonslabible.fr\/index.php?rest_route=%2Fwp%2Fv2%2Fvideo&post=8247"},{"taxonomy":"audio","embeddable":true,"href":"https:\/\/www.creusonslabible.fr\/index.php?rest_route=%2Fwp%2Fv2%2Faudio&post=8247"},{"taxonomy":"ecrit","embeddable":true,"href":"https:\/\/www.creusonslabible.fr\/index.php?rest_route=%2Fwp%2Fv2%2Fecrit&post=8247"},{"taxonomy":"mis-en-avant","embeddable":true,"href":"https:\/\/www.creusonslabible.fr\/index.php?rest_route=%2Fwp%2Fv2%2Fmis-en-avant&post=8247"},{"taxonomy":"redacteur","embeddable":true,"href":"https:\/\/www.creusonslabible.fr\/index.php?rest_route=%2Fwp%2Fv2%2Fredacteur&post=8247"},{"taxonomy":"type-darticle","embeddable":true,"href":"https:\/\/www.creusonslabible.fr\/index.php?rest_route=%2Fwp%2Fv2%2Ftype-darticle&post=8247"}],"curies":[{"name":"wp","href":"https:\/\/api.w.org\/{rel}","templated":true}]}}