{"id":8281,"date":"2022-07-12T15:58:47","date_gmt":"2022-07-12T13:58:47","guid":{"rendered":"https:\/\/www.creusonslabible.fr\/?p=8281"},"modified":"2025-01-22T13:27:13","modified_gmt":"2025-01-22T11:27:13","slug":"1-corinthiens-13-lamour-fraternel","status":"publish","type":"post","link":"https:\/\/www.creusonslabible.fr\/?p=8281","title":{"rendered":"1 Corinthiens 13 : l\u2019amour fraternel"},"content":{"rendered":"\n<p><\/p>\n\n\n\n<p><strong>Question d\u2019intro&nbsp;:&nbsp;<\/strong>Quelles sont les conditions n\u00e9cessaires pour que des individus fassent soci\u00e9t\u00e9&nbsp;?<\/p>\n\n\n\n<p><strong>Contexte\u00a0<\/strong>: Les chr\u00e9tiens de Corinthe sont tr\u00e8s motiv\u00e9s mais leur assembl\u00e9e conna\u00eet quelques difficult\u00e9s internes. Un de leurs probl\u00e8mes, c\u2019est le complexe de sup\u00e9riorit\u00e9\/inf\u00e9riorit\u00e9. C\u2019est \u00e0 qui se r\u00e9clamera du meilleur enseignant, qui sera le plus spirituel et qui aura les dons les plus impressionnants pour servir dans l\u2019\u00c9glise. Paul va donc leur rappeler ce qu\u2019est une \u00c9glise, ce que sont les relations fraternelles.<\/p>\n\n\n\n<blockquote class=\"wp-block-quote is-layout-flow wp-block-quote-is-layout-flow\"><p>1 Corinthiens 12.26 Un membre souffre-t-il ? Tous les autres souffrent avec lui. Un membre est-il \u00e0 l&rsquo;honneur ? Tous les autres partagent sa joie. 27 Or vous, vous constituez ensemble un corps qui appartient au Christ, et chacun de vous en particulier en est un membre.<\/p><p>28 C&rsquo;est ainsi que Dieu a \u00e9tabli dans l&rsquo;\u00c9glise, premi\u00e8rement des ap\u00f4tres, deuxi\u00e8mement des proph\u00e8tes, troisi\u00e8mement des enseignants ; puis viennent les dons suivants qu&rsquo;il a faits \u00e0 l&rsquo;\u00c9glise : les miracles, la gu\u00e9rison de malades, l&rsquo;aide, la direction d&rsquo;\u00c9glise, le parler dans des langues inconnues.&nbsp;29 Tous sont-ils ap\u00f4tres ? Tous sont-ils proph\u00e8tes ? Tous sont-ils enseignants ? Tous font-ils des miracles ? 30 Est-il donn\u00e9 \u00e0 tous de gu\u00e9rir des malades, tous parlent-ils dans des langues inconnues ou tous les interpr\u00e8tent-ils ? Evidemment non !<\/p><p>31 Aspirez aux dons les meilleurs. Pour cela, je vais vous indiquer l&rsquo;approche par excellence.<\/p><\/blockquote>\n\n\n\n<ul class=\"wp-block-list\"><li>[O] Sur quoi Paul veut-il insister dans les vv.26-27&nbsp;?&nbsp;<em>l\u2019\u00c9glise comme corps, comme assembl\u00e9e fraternelle o\u00f9 tout le monde est utile et solidaire<\/em><\/li><li>[O\/I] Pourquoi Paul enchaine-t-il avec cette liste de dons spirituels&nbsp; au v.28?&nbsp;<em>pour montrer que chacun a son utilit\u00e9 pour servir l\u2019\u00c9glise<\/em><\/li><li>[O\/I] Qu\u2019est-ce que Paul veut d\u00e9montrer aux vv.29-30&nbsp;?&nbsp;<em>Que personne n\u2019est autosuffisant en ayant tous les dons mais que ceux-ci sont r\u00e9partis parmi tous les membres de l\u2019\u00c9glise.<\/em><\/li><li>[O\/I] \u00c0 quoi peut-on s\u2019attendre apr\u00e8s le v.31&nbsp;?&nbsp;<em>Un mode d\u2019emploi des dons<\/em><\/li><\/ul>\n\n\n\n<blockquote class=\"wp-block-quote is-layout-flow wp-block-quote-is-layout-flow\"><p>13.1 En effet, supposons que je parle les langues des hommes et m\u00eame celles des anges :&nbsp;si je n&rsquo;ai pas l&rsquo;amour, je ne suis rien de plus qu&rsquo;une trompette claironnante ou une cymbale bruyante.<\/p><p>2 Supposons que j&rsquo;aie le don de proph\u00e9tie, que je comprenne tous les secrets et que je poss\u00e8de toute la connaissance ; supposons m\u00eame que j&rsquo;aie, dans toute sa pl\u00e9nitude, la foi qui peut transporter les montagnes :&nbsp;si je n&rsquo;ai pas l&rsquo;amour, je ne suis rien.<\/p><p>3 Si m\u00eame je sacrifiais tous mes biens, et jusqu&rsquo;\u00e0 ma vie, pour aider les autres, au point de pouvoir m&rsquo;en vanter,&nbsp;si je n&rsquo;ai pas l&rsquo;amour, cela ne me sert de rien.<\/p><\/blockquote>\n\n\n\n<ul class=\"wp-block-list\"><li>[O] Quel est le refrain&nbsp;? S<em>i je n&rsquo;ai pas l&rsquo;amour<\/em><\/li><li>[O] Ce refrain correspond \u00e0 des dons. Lesquels&nbsp;?&nbsp;<em>Parler en langues, proph\u00e9tie, les miracles et l\u2019aide.<\/em><\/li><li>[O] Quel mauvais usage peut-on faire de ces dons&nbsp;?&nbsp;<em>S\u2019en servir pour \u00eatre visibles et se mettre en valeur&nbsp;: \u00ab&nbsp;trompette claironnante ou une cymbale bruyante&nbsp;\u00bb, \u00ab&nbsp; au point de pouvoir m&rsquo;en vanter&nbsp;\u00bb<\/em><\/li><li>[O] Quel est le facteur d\u00e9terminant pour que ces dons soient utiles&nbsp;?&nbsp;<em>L\u2019amour<\/em><\/li><li>[I] Pourquoi l\u2019amour change-t-il tout&nbsp;?&nbsp;<em>\u00c7a change l\u2019\u00e9tat d\u2019esprit, la mani\u00e8re de faire et le but.<\/em><\/li><\/ul>\n\n\n\n<blockquote class=\"wp-block-quote is-layout-flow wp-block-quote-is-layout-flow\"><p>4 L&rsquo;amour est patient, il est plein de bont\u00e9, l&rsquo;amour. Il n&rsquo;est pas envieux, il ne cherche pas \u00e0 se faire valoir, il ne s&rsquo;enfle pas d&rsquo;orgueil. 5 Il ne fait rien d&rsquo;inconvenant. Il ne cherche pas son propre int\u00e9r\u00eat, il ne s&rsquo;aigrit pas contre les autres, il ne trame pas le mal. 6 L&rsquo;injustice l&rsquo;attriste, la v\u00e9rit\u00e9 le r\u00e9jouit.<\/p><p>7 En toute occasion, il pardonne, il fait confiance, il esp\u00e8re, il pers\u00e9v\u00e8re.&nbsp;<\/p><\/blockquote>\n\n\n\n<ul class=\"wp-block-list\"><li>[O\/I] Que pensez-vous de cette d\u00e9finition de l\u2019amour&nbsp;?<\/li><li>[I] En quoi cette d\u00e9finition est-elle une gifle pour les corinthiens&nbsp;?&nbsp;<em>Cela met en valeur leurs travers probables.<\/em><\/li><li>[O\/I] Relisez cette d\u00e9finition en inversant les positifs\/n\u00e9gatifs.&nbsp;<em>\u00ab&nbsp;l\u2019amour n\u2019est pas impatient, n\u2019est pas m\u00e9chant, se satisfait de ce qu\u2019il a, recherche le bien des autres, il est humble. Il fait des choses convenables, il est au service des autres\u2026<\/em><\/li><li>[I] Comment les corinthiens ont-ils pu passer du \u00ab&nbsp;service pour la communaut\u00e9&nbsp;\u00bb \u00e0 \u00ab&nbsp;je me sers de la communaut\u00e9&nbsp;\u00bb&nbsp;?<\/li><\/ul>\n\n\n\n<blockquote class=\"wp-block-quote is-layout-flow wp-block-quote-is-layout-flow\"><p>8 L&rsquo;amour n&rsquo;aura pas de fin. Les proph\u00e9ties cesseront, les langues inconnues prendront fin, et la connaissance particuli\u00e8re cessera. 9 Notre connaissance est partielle, et partielles sont nos proph\u00e9ties.<\/p><p>10 Mais le jour o\u00f9 la perfection appara\u00eetra, ce qui est partiel cessera.<\/p><p>11 Lorsque j&rsquo;\u00e9tais enfant, je parlais comme un enfant, je pensais et je raisonnais en enfant. Une fois devenu homme, je me suis d\u00e9fait de ce qui est propre \u00e0 l&rsquo;enfant.<\/p><p>12 Aujourd&rsquo;hui, certes, nous ne voyons que d&rsquo;une mani\u00e8re indirecte, comme dans un miroir. Alors, nous verrons directement. Dans le temps pr\u00e9sent, je connais d&rsquo;une mani\u00e8re partielle, mais alors je conna\u00eetrai comme Dieu me conna\u00eet.<\/p><p>13 En somme, trois choses demeurent : la foi, l&rsquo;esp\u00e9rance et l&rsquo;amour, mais la plus grande d&rsquo;entre elles, c&rsquo;est l&rsquo;amour.<\/p><\/blockquote>\n\n\n\n<ul class=\"wp-block-list\"><li>[O\/I] Paul parle de 2 p\u00e9riodes. Lesquelles&nbsp;?&nbsp;<em>Avant et apr\u00e8s le retour de J\u00e9sus&nbsp;<\/em><em>qui instaurera une<\/em><em>&nbsp;nouvelle terre<\/em><\/li><li>[O] Qu\u2019est-ce qui appartient \u00e0 la 1\u00e8re p\u00e9riode et \u00e0 la 2nde&nbsp;?<\/li><\/ul>\n\n\n\n<figure class=\"wp-block-table is-style-regular\"><table><tbody><tr><td>Proph\u00e9tie, langues, connaissance<\/td><td>Amour (8)<\/td><\/tr><tr><td>Partiel<\/td><td>Perfection (10)<\/td><\/tr><tr><td>Enfant<\/td><td>Homme (11)<\/td><\/tr><tr><td>Vision indirecte comme dans un miroir<\/td><td>Vision directe<\/td><\/tr><tr><td>Connaissance partielle<\/td><td>Connaissance comme Dieu connait<\/td><\/tr><\/tbody><\/table><\/figure>\n\n\n\n<ul class=\"wp-block-list\"><li>[I] Dans quelle p\u00e9riode faut-il s\u2019inscrire&nbsp;? Pourquoi&nbsp;?&nbsp;<em>La 2nde<\/em><\/li><li>[I] Dans quelle p\u00e9riode sont les corinthiens&nbsp;?&nbsp;<em>La 1\u00e8re<\/em><\/li><\/ul>\n\n\n\n<h2 class=\"wp-block-heading\"><strong>Applications<\/strong><\/h2>\n\n\n\n<ul class=\"wp-block-list\"><li>On peut faire de bonnes choses pour des raisons purement \u00e9go\u00efstes&nbsp;: \u00eatre vu comme quelqu\u2019un de bien, compenser de mauvaises actions pass\u00e9es ou encore tenter de gu\u00e9rir un complexe d\u2019inf\u00e9riorit\u00e9. Comment faire pour que nos bonnes actions soient vraiment motiv\u00e9es par l\u2019amour et non par le P\u00e9ch\u00e9&nbsp;?<\/li><li>Quand on est fier de ce qu\u2019on fait, on a tendance \u00e0 se comparer aux autres et m\u00eame \u00e0 s\u2019en plaindre (parce qu\u2019ils font moins bien que nous !). Comment cultiver la vision de l\u2019\u00c9glise\/la soci\u00e9t\u00e9 comme corps constitu\u00e9 d\u2019une multitude de membres diff\u00e9rents et utiles&nbsp;?<\/li><li>Aujourd\u2019hui, on se m\u00e9fie des figures d\u2019autorit\u00e9 parce qu\u2019on ne les voit plus comme \u00e9tant au service de la soci\u00e9t\u00e9 mais d\u2019elles-m\u00eames. Que faudrait-il faire pour que la confiance revienne&nbsp;?<\/li><\/ul>\n","protected":false},"excerpt":{"rendered":"<p>Question d\u2019intro&nbsp;:&nbsp;Quelles sont les conditions n\u00e9cessaires pour que des individus fassent soci\u00e9t\u00e9&nbsp;? Contexte\u00a0: Les chr\u00e9tiens de Corinthe sont tr\u00e8s motiv\u00e9s mais leur assembl\u00e9e conna\u00eet quelques difficult\u00e9s internes. Un de leurs probl\u00e8mes, c\u2019est le complexe de sup\u00e9riorit\u00e9\/inf\u00e9riorit\u00e9. C\u2019est \u00e0 qui se r\u00e9clamera du meilleur enseignant, qui sera le plus spirituel et qui aura les dons les [&hellip;]<\/p>\n","protected":false},"author":3,"featured_media":8282,"comment_status":"open","ping_status":"closed","sticky":false,"template":"","format":"standard","meta":{"_acf_changed":false,"_eb_attr":"","advgb_blocks_editor_width":"","advgb_blocks_columns_visual_guide":"","footnotes":""},"categories":[18,10],"tags":[107,601,651],"video":[],"audio":[],"ecrit":[],"mis-en-avant":[],"redacteur":[],"type-darticle":[],"class_list":["post-8281","post","type-post","status-publish","format-standard","has-post-thumbnail","hentry","category-dab-pour-etudiants","category-discussions-autour-de-la-bible","tag-amour","tag-dons-spirituels","tag-ecrit"],"blocksy_meta":[],"acf":[],"featured_image_src":"https:\/\/www.creusonslabible.fr\/wp-content\/uploads\/2022\/07\/tim-marshall-cAtzHUz7Z8g-unsplash-1.jpg","author_info":{"display_name":"Yoh","author_link":"https:\/\/www.creusonslabible.fr\/?author=3"},"author_meta":{"display_name":"Yoh","author_link":"https:\/\/www.creusonslabible.fr\/?author=3"},"featured_img":"https:\/\/www.creusonslabible.fr\/wp-content\/uploads\/2022\/07\/tim-marshall-cAtzHUz7Z8g-unsplash-1-300x200.jpg","coauthors":[],"tax_additional":{"categories":{"linked":["<a href=\"https:\/\/www.creusonslabible.fr\/?cat=18\" class=\"advgb-post-tax-term\">DAB pour \u00e9tudiants<\/a>","<a href=\"https:\/\/www.creusonslabible.fr\/?cat=10\" class=\"advgb-post-tax-term\">Discussions autour de la Bible<\/a>"],"unlinked":["<span class=\"advgb-post-tax-term\">DAB pour \u00e9tudiants<\/span>","<span class=\"advgb-post-tax-term\">Discussions autour de la Bible<\/span>"]},"tags":{"linked":["<a href=\"https:\/\/www.creusonslabible.fr\/?cat=10\" class=\"advgb-post-tax-term\">Amour<\/a>","<a href=\"https:\/\/www.creusonslabible.fr\/?cat=10\" class=\"advgb-post-tax-term\">dons spirituels<\/a>","<a href=\"https:\/\/www.creusonslabible.fr\/?cat=10\" class=\"advgb-post-tax-term\">\u00e9crit<\/a>"],"unlinked":["<span class=\"advgb-post-tax-term\">Amour<\/span>","<span class=\"advgb-post-tax-term\">dons spirituels<\/span>","<span class=\"advgb-post-tax-term\">\u00e9crit<\/span>"]}},"comment_count":"0","relative_dates":{"created":"Publi\u00e9 4 ans il y a","modified":"Mis \u00e0 jour 1 an il y a"},"absolute_dates":{"created":"Publi\u00e9 le 12 juillet 2022","modified":"Mise \u00e0 jour le 22 janvier 2025"},"absolute_dates_time":{"created":"Publi\u00e9 le 12 juillet 2022 15h58","modified":"Mise \u00e0 jour le 22 janvier 2025 13h27"},"featured_img_caption":"","series_order":"","meta_box":[],"_links":{"self":[{"href":"https:\/\/www.creusonslabible.fr\/index.php?rest_route=\/wp\/v2\/posts\/8281","targetHints":{"allow":["GET"]}}],"collection":[{"href":"https:\/\/www.creusonslabible.fr\/index.php?rest_route=\/wp\/v2\/posts"}],"about":[{"href":"https:\/\/www.creusonslabible.fr\/index.php?rest_route=\/wp\/v2\/types\/post"}],"author":[{"embeddable":true,"href":"https:\/\/www.creusonslabible.fr\/index.php?rest_route=\/wp\/v2\/users\/3"}],"replies":[{"embeddable":true,"href":"https:\/\/www.creusonslabible.fr\/index.php?rest_route=%2Fwp%2Fv2%2Fcomments&post=8281"}],"version-history":[{"count":1,"href":"https:\/\/www.creusonslabible.fr\/index.php?rest_route=\/wp\/v2\/posts\/8281\/revisions"}],"predecessor-version":[{"id":10122,"href":"https:\/\/www.creusonslabible.fr\/index.php?rest_route=\/wp\/v2\/posts\/8281\/revisions\/10122"}],"wp:featuredmedia":[{"embeddable":true,"href":"https:\/\/www.creusonslabible.fr\/index.php?rest_route=\/wp\/v2\/media\/8282"}],"wp:attachment":[{"href":"https:\/\/www.creusonslabible.fr\/index.php?rest_route=%2Fwp%2Fv2%2Fmedia&parent=8281"}],"wp:term":[{"taxonomy":"category","embeddable":true,"href":"https:\/\/www.creusonslabible.fr\/index.php?rest_route=%2Fwp%2Fv2%2Fcategories&post=8281"},{"taxonomy":"post_tag","embeddable":true,"href":"https:\/\/www.creusonslabible.fr\/index.php?rest_route=%2Fwp%2Fv2%2Ftags&post=8281"},{"taxonomy":"video","embeddable":true,"href":"https:\/\/www.creusonslabible.fr\/index.php?rest_route=%2Fwp%2Fv2%2Fvideo&post=8281"},{"taxonomy":"audio","embeddable":true,"href":"https:\/\/www.creusonslabible.fr\/index.php?rest_route=%2Fwp%2Fv2%2Faudio&post=8281"},{"taxonomy":"ecrit","embeddable":true,"href":"https:\/\/www.creusonslabible.fr\/index.php?rest_route=%2Fwp%2Fv2%2Fecrit&post=8281"},{"taxonomy":"mis-en-avant","embeddable":true,"href":"https:\/\/www.creusonslabible.fr\/index.php?rest_route=%2Fwp%2Fv2%2Fmis-en-avant&post=8281"},{"taxonomy":"redacteur","embeddable":true,"href":"https:\/\/www.creusonslabible.fr\/index.php?rest_route=%2Fwp%2Fv2%2Fredacteur&post=8281"},{"taxonomy":"type-darticle","embeddable":true,"href":"https:\/\/www.creusonslabible.fr\/index.php?rest_route=%2Fwp%2Fv2%2Ftype-darticle&post=8281"}],"curies":[{"name":"wp","href":"https:\/\/api.w.org\/{rel}","templated":true}]}}