{"id":8295,"date":"2022-07-18T16:25:00","date_gmt":"2022-07-18T14:25:00","guid":{"rendered":"https:\/\/www.creusonslabible.fr\/?p=8295"},"modified":"2025-01-22T13:27:11","modified_gmt":"2025-01-22T11:27:11","slug":"jacques-2-pas-de-favoritisme","status":"publish","type":"post","link":"https:\/\/www.creusonslabible.fr\/?p=8295","title":{"rendered":"JACQUES 2 : Pas de favoritisme !"},"content":{"rendered":"\n<p>(avant lecture du texte)\u00a0<\/p>\n\n\n\n<h2 class=\"wp-block-heading\"><strong>Accroche<\/strong>\u00a0: <\/h2>\n\n\n\n<p>Quels sont les crit\u00e8res qui vous poussent \u00e0 admirer certaines personnes\u00a0? (honn\u00eatement\u2026)<\/p>\n\n\n\n<blockquote class=\"wp-block-quote is-layout-flow wp-block-quote-is-layout-flow\"><p>Jacques 2.1 Mes fr\u00e8res, ne m\u00ealez pas de partialit\u00e9 \u00e0 la foi de notre Seigneur glorieux, J\u00e9sus-Christ. 2 Supposons en effet qu&rsquo;il entre dans votre assembl\u00e9e un homme avec un anneau d&rsquo;or et des habits resplendissants, et qu&rsquo;il y entre aussi un pauvre avec des habits sales ; 3 si, pleins d&rsquo;attention pour celui qui porte les habits resplendissants, vous lui dites : \u00ab Toi, assieds-toi ici \u00e0 cette place d&rsquo;honneur ! \u00bb tandis que vous dites au pauvre : \u00ab Toi, tiens-toi debout l\u00e0-bas ! \u00bb ou bien : \u00ab Assieds-toi au bas de mon marchepied ! \u00bb, 4 ne faites-vous pas en vous-m\u00eames une discrimination, et n&rsquo;\u00eates-vous pas des juges aux raisonnements mauvais ?<\/p><p>5 Ecoutez, mes fr\u00e8res bien-aim\u00e9s : Dieu n&rsquo;a-t-il pas choisi ceux qui sont pauvres, du point de vue du monde, pour qu&rsquo;ils soient riches de foi et h\u00e9ritiers du royaume qu&rsquo;il a promis \u00e0 ceux qui l&rsquo;aiment ? 6 Et vous, vous avez d\u00e9shonor\u00e9 le pauvre ! Pourtant, ce sont bien les riches qui vous oppriment et qui vous tra\u00eenent devant les tribunaux, n&rsquo;est-ce pas ? 7 N&rsquo;est-ce pas eux qui calomnient le beau nom qui est invoqu\u00e9 sur vous ?<\/p><p>8 Sans doute, si vous accomplissez la loi royale, selon l&rsquo;Ecriture : Tu aimeras ton prochain comme toi-m\u00eame, vous faites bien. 9 Mais si vous montrez de la partialit\u00e9, vous commettez un p\u00e9ch\u00e9, et vous \u00eates convaincus de transgression par la loi. 10 En effet, quiconque observe toute la loi mais tr\u00e9buche sur un seul point devient enti\u00e8rement coupable. 11 Car celui qui a dit : Ne commets pas d&rsquo;adult\u00e8re a dit aussi : Ne commets pas de meurtre. Si donc tu ne commets pas d&rsquo;adult\u00e8re, mais que tu commettes un meurtre, tu deviens transgresseur de la loi.<\/p><p>12 Parlez et agissez comme des gens qui vont \u00eatre jug\u00e9s d&rsquo;apr\u00e8s une loi de libert\u00e9, 13 car le jugement est sans compassion pour qui ne montre pas de compassion. La compassion triomphe du jugement.<\/p><p>14 Mes fr\u00e8res, \u00e0 quoi servirait-il que quelqu&rsquo;un dise avoir de la foi, s&rsquo;il n&rsquo;a pas d&rsquo;oeuvres ? La foi pourrait-elle le sauver ? 15 Si un fr\u00e8re ou une soeur n&rsquo;avaient pas de quoi se v\u00eatir et manquaient de la nourriture de chaque jour, 16 et que l&rsquo;un de vous leur dise : \u00ab Allez en paix, tenez-vous au chaud et mangez \u00e0 votre faim ! \u00bb sans leur donner ce qui est n\u00e9cessaire au corps, \u00e0 quoi cela servirait-il ? 17 Il en est ainsi de la foi : si elle n&rsquo;a pas d&rsquo;oeuvres, elle est morte en elle-m\u00eame.<\/p><p>18 Mais quelqu&rsquo;un dira : Toi, tu as de la foi ; moi, j&rsquo;ai des oeuvres. Montre-moi ta foi en dehors des oeuvres ; moi, par mes oeuvres, je te montrerai la foi. 19 Toi, tu crois que Dieu est un ? Tu fais bien : les d\u00e9mons le croient aussi, et ils tremblent.<\/p><p>20 Veux-tu donc savoir, t\u00eate creuse, que la foi en dehors des oeuvres est st\u00e9rile ? 21 Abraham, notre p\u00e8re, ne fut-il pas justifi\u00e9 en vertu des oeuvres, pour avoir offert son fils Isaac sur l&rsquo;autel ? 22 Tu vois que la foi agissait avec ses oeuvres, et que c&rsquo;est en vertu de ces oeuvres que la foi fut port\u00e9e \u00e0 son accomplissement. 23 C&rsquo;est ainsi que fut accomplie l&rsquo;Ecriture qui dit : Abraham crut Dieu, et cela lui fut compt\u00e9 comme justice, et qu&rsquo;il fut appel\u00e9 ami de Dieu. 24 Vous le voyez, c&rsquo;est en vertu des oeuvres que l&rsquo;\u00eatre humain est justifi\u00e9, et non pas seulement en vertu d&rsquo;une foi. 25 Rahab la prostitu\u00e9e ne fut-elle pas \u00e9galement justifi\u00e9e en vertu des oeuvres, pour avoir accueilli les messagers et les avoir renvoy\u00e9s par un autre chemin ? 26 Tout comme le corps sans esprit est mort, de m\u00eame la foi sans oeuvres est morte.<\/p><\/blockquote>\n\n\n\n<h2 class=\"wp-block-heading\"><strong>Pour l\u2019ensemble du passage<\/strong>&nbsp;:<\/h2>\n\n\n\n<ul class=\"wp-block-list\"><li>Quelles sont les deux principales parties de ce texte&nbsp;? Quel titre leur donner&nbsp;?<\/li><li>Quels th\u00e8mes les relient&nbsp;?&nbsp;<\/li><\/ul>\n\n\n\n<h2 class=\"wp-block-heading\"><strong>v. 1-13&nbsp;: Le favoritisme, c\u2019est mal&nbsp;!<\/strong><\/h2>\n\n\n\n<ul class=\"wp-block-list\"><li>Soulignez les \u00e9l\u00e9ments li\u00e9s au th\u00e8me du tribunal\/jugement.<\/li><\/ul>\n\n\n\n<ul class=\"wp-block-list\"><li>Qu\u2019est-il reproch\u00e9 aux fr\u00e8res&nbsp;?<\/li><li>Qu\u2019est-ce qui les pousserait \u00e0 favoriser les riches&nbsp;?<\/li><li>Pourquoi les riches tra\u00eenent-ils les chr\u00e9tiens devant les tribunaux&nbsp;?&nbsp;<ul><li>En quoi cela rend-il l\u2019accusation de Jacques encore plus grave&nbsp;?&nbsp;<\/li><\/ul><\/li><li>Qu\u2019est-ce que la \u00ab&nbsp;loi royale&nbsp;\u00bb&nbsp;(v.&nbsp;8) et la \u00ab loi de la libert\u00e9&nbsp;\u00bb (v.&nbsp;13)&nbsp;?<ul><li><em>Indices&nbsp;:&nbsp;Jacques fait des allusions au Sermon sur la Montagne, voir Mt 5.3 &amp; 19 (mais aussi&nbsp;: Mt 5.5, 7&nbsp;; 6.14-15&nbsp;; 7.1-2, 15-27)<\/em><\/li><\/ul><\/li><li>Est-ce la m\u00eame chose que la \u00ab&nbsp;loi&nbsp;\u00bb&nbsp;tout court&nbsp;?<\/li><li>Pourquoi le favoritisme est-il une tr\u00e8s grave transgression de la loi de la libert\u00e9&nbsp;?<\/li><\/ul>\n\n\n\n<h2 class=\"wp-block-heading\"><strong>v. 14-26&nbsp;:&nbsp;Le favoritisme, c\u2019est une foi sans les \u0153uvres&nbsp;!<\/strong><\/h2>\n\n\n\n<ul class=\"wp-block-list\"><li>Comment d\u00e9finiriez-vous la&nbsp;foi avec vos propres mots&nbsp;?<\/li><li>Quelle hypocrisie Jacques d\u00e9nonce-t-il&nbsp;?<\/li><li>Sommes-nous sauv\u00e9s par les \u0153uvres&nbsp;?<ul><li>Quelle sorte de foi Jacques critique-t-il&nbsp;?<\/li><li>Peut-on dire que les d\u00e9mons ont la foi&nbsp;?<\/li><\/ul><\/li><li>Comment les exemples d\u2019Abraham &amp; Rahab d\u00e9montrent-ils l\u2019unit\u00e9 entre la foi et les \u0153uvres&nbsp;?<\/li><li>Quelles mises-\u00e0-jour faudrait-il apporter \u00e0 votre d\u00e9finition de la foi&nbsp;?<\/li><\/ul>\n\n\n\n<h2 class=\"wp-block-heading\"><strong>En r\u00e9sum\u00e9&nbsp;:<\/strong><\/h2>\n\n\n\n<ul class=\"wp-block-list\"><li>Qu\u2019est-ce que l\u2019attitude envers les pauvres indique sur la foi des lecteurs de Jacques&nbsp;?<\/li><\/ul>\n\n\n\n<h2 class=\"wp-block-heading\"><strong>Applications&nbsp;:<\/strong><\/h2>\n\n\n\n<ul class=\"wp-block-list\"><li>Revoir les crit\u00e8res du d\u00e9but&nbsp;:&nbsp;comment les \u00e9valuer \u00e0 la lumi\u00e8re de ce qui a \u00e9t\u00e9 discut\u00e9&nbsp;?<\/li><li>Avec quelle attitude devrait-on consid\u00e9rer les personnes qui nous entourent&nbsp;?<\/li><li>Que d\u00e9montrent nos \u0153uvres sur notre foi&nbsp;? Notre foi est-elle cons\u00e9quente&nbsp;? Si ce n&rsquo;est pas le cas, dans quels domaines&nbsp;ne l\u2019est-elle pas ?<\/li><\/ul>\n","protected":false},"excerpt":{"rendered":"<p>(avant lecture du texte)\u00a0 Accroche\u00a0: Quels sont les crit\u00e8res qui vous poussent \u00e0 admirer certaines personnes\u00a0? (honn\u00eatement\u2026) Jacques 2.1 Mes fr\u00e8res, ne m\u00ealez pas de partialit\u00e9 \u00e0 la foi de notre Seigneur glorieux, J\u00e9sus-Christ. 2 Supposons en effet qu&rsquo;il entre dans votre assembl\u00e9e un homme avec un anneau d&rsquo;or et des habits resplendissants, et qu&rsquo;il [&hellip;]<\/p>\n","protected":false},"author":3,"featured_media":7202,"comment_status":"open","ping_status":"closed","sticky":false,"template":"","format":"standard","meta":{"_acf_changed":false,"_eb_attr":"","advgb_blocks_editor_width":"","advgb_blocks_columns_visual_guide":"","footnotes":""},"categories":[10],"tags":[651,603],"video":[],"audio":[],"ecrit":[],"mis-en-avant":[],"redacteur":[],"type-darticle":[],"class_list":["post-8295","post","type-post","status-publish","format-standard","has-post-thumbnail","hentry","category-discussions-autour-de-la-bible","tag-ecrit","tag-pauvres"],"blocksy_meta":[],"acf":[],"featured_image_src":"https:\/\/www.creusonslabible.fr\/wp-content\/uploads\/2020\/01\/kelly-sikkema-4-02wP3zAZ8-unsplash-1.jpg","author_info":{"display_name":"Yoh","author_link":"https:\/\/www.creusonslabible.fr\/?author=3"},"author_meta":{"display_name":"Yoh","author_link":"https:\/\/www.creusonslabible.fr\/?author=3"},"featured_img":"https:\/\/www.creusonslabible.fr\/wp-content\/uploads\/2020\/01\/kelly-sikkema-4-02wP3zAZ8-unsplash-1-300x168.jpg","coauthors":[],"tax_additional":{"categories":{"linked":["<a href=\"https:\/\/www.creusonslabible.fr\/?cat=10\" class=\"advgb-post-tax-term\">Discussions autour de la Bible<\/a>"],"unlinked":["<span class=\"advgb-post-tax-term\">Discussions autour de la Bible<\/span>"]},"tags":{"linked":["<a href=\"https:\/\/www.creusonslabible.fr\/?cat=10\" class=\"advgb-post-tax-term\">\u00e9crit<\/a>","<a href=\"https:\/\/www.creusonslabible.fr\/?cat=10\" class=\"advgb-post-tax-term\">pauvres<\/a>"],"unlinked":["<span class=\"advgb-post-tax-term\">\u00e9crit<\/span>","<span class=\"advgb-post-tax-term\">pauvres<\/span>"]}},"comment_count":"0","relative_dates":{"created":"Publi\u00e9 4 ans il y a","modified":"Mis \u00e0 jour 1 an il y a"},"absolute_dates":{"created":"Publi\u00e9 le 18 juillet 2022","modified":"Mise \u00e0 jour le 22 janvier 2025"},"absolute_dates_time":{"created":"Publi\u00e9 le 18 juillet 2022 16h25","modified":"Mise \u00e0 jour le 22 janvier 2025 13h27"},"featured_img_caption":"","series_order":"","meta_box":[],"_links":{"self":[{"href":"https:\/\/www.creusonslabible.fr\/index.php?rest_route=\/wp\/v2\/posts\/8295","targetHints":{"allow":["GET"]}}],"collection":[{"href":"https:\/\/www.creusonslabible.fr\/index.php?rest_route=\/wp\/v2\/posts"}],"about":[{"href":"https:\/\/www.creusonslabible.fr\/index.php?rest_route=\/wp\/v2\/types\/post"}],"author":[{"embeddable":true,"href":"https:\/\/www.creusonslabible.fr\/index.php?rest_route=\/wp\/v2\/users\/3"}],"replies":[{"embeddable":true,"href":"https:\/\/www.creusonslabible.fr\/index.php?rest_route=%2Fwp%2Fv2%2Fcomments&post=8295"}],"version-history":[{"count":1,"href":"https:\/\/www.creusonslabible.fr\/index.php?rest_route=\/wp\/v2\/posts\/8295\/revisions"}],"predecessor-version":[{"id":10119,"href":"https:\/\/www.creusonslabible.fr\/index.php?rest_route=\/wp\/v2\/posts\/8295\/revisions\/10119"}],"wp:featuredmedia":[{"embeddable":true,"href":"https:\/\/www.creusonslabible.fr\/index.php?rest_route=\/wp\/v2\/media\/7202"}],"wp:attachment":[{"href":"https:\/\/www.creusonslabible.fr\/index.php?rest_route=%2Fwp%2Fv2%2Fmedia&parent=8295"}],"wp:term":[{"taxonomy":"category","embeddable":true,"href":"https:\/\/www.creusonslabible.fr\/index.php?rest_route=%2Fwp%2Fv2%2Fcategories&post=8295"},{"taxonomy":"post_tag","embeddable":true,"href":"https:\/\/www.creusonslabible.fr\/index.php?rest_route=%2Fwp%2Fv2%2Ftags&post=8295"},{"taxonomy":"video","embeddable":true,"href":"https:\/\/www.creusonslabible.fr\/index.php?rest_route=%2Fwp%2Fv2%2Fvideo&post=8295"},{"taxonomy":"audio","embeddable":true,"href":"https:\/\/www.creusonslabible.fr\/index.php?rest_route=%2Fwp%2Fv2%2Faudio&post=8295"},{"taxonomy":"ecrit","embeddable":true,"href":"https:\/\/www.creusonslabible.fr\/index.php?rest_route=%2Fwp%2Fv2%2Fecrit&post=8295"},{"taxonomy":"mis-en-avant","embeddable":true,"href":"https:\/\/www.creusonslabible.fr\/index.php?rest_route=%2Fwp%2Fv2%2Fmis-en-avant&post=8295"},{"taxonomy":"redacteur","embeddable":true,"href":"https:\/\/www.creusonslabible.fr\/index.php?rest_route=%2Fwp%2Fv2%2Fredacteur&post=8295"},{"taxonomy":"type-darticle","embeddable":true,"href":"https:\/\/www.creusonslabible.fr\/index.php?rest_route=%2Fwp%2Fv2%2Ftype-darticle&post=8295"}],"curies":[{"name":"wp","href":"https:\/\/api.w.org\/{rel}","templated":true}]}}