{"id":8311,"date":"2022-07-22T00:35:12","date_gmt":"2022-07-21T22:35:12","guid":{"rendered":"https:\/\/www.creusonslabible.fr\/?p=8311"},"modified":"2025-01-22T13:27:10","modified_gmt":"2025-01-22T11:27:10","slug":"jean-18-1-27-le-reniement-de-pierre","status":"publish","type":"post","link":"https:\/\/www.creusonslabible.fr\/?p=8311","title":{"rendered":"Jean 18.1-27 : le reniement de Pierre"},"content":{"rendered":"\n<p><\/p>\n\n\n\n<p><strong>Question d\u2019intro\u00a0<\/strong>: Pourquoi y a-t-il un coq sur tous les clochers des \u00e9glises catholiques\u00a0? (ceux qui savent ne doivent pas r\u00e9pondre trop vite)<\/p>\n\n\n\n<p><strong>Contexte :<\/strong> J\u00e9sus a dit \u00e0 plusieurs reprises \u00e0 ses disciples qu&rsquo;il allait partir. Il a consacr\u00e9 les chapitres pr\u00e9c\u00e9dents \u00e0 les pr\u00e9parer \u00e0 sa succession, \u00e0 prier son P\u00e8re pour qu&rsquo;ils tiennent bon. Maintenant nous allons voir comment va se passer la fin de l&rsquo;histoire.<\/p>\n\n\n\n<blockquote class=\"wp-block-quote is-layout-flow wp-block-quote-is-layout-flow\"><p><a><strong>18.1\u00a0<\/strong><\/a>Apr\u00e8s avoir dit cela, J\u00e9sus sortit avec ses disciples pour aller de l&rsquo;autre c\u00f4t\u00e9 de l&rsquo;oued C\u00e9dron, o\u00f9 se trouvait un jardin dans lequel il entra, lui et ses disciples.\u00a0<\/p><p><a><strong>2\u00a0<\/strong><\/a>Judas, qui le livrait, connaissait le lieu, parce que J\u00e9sus et ses disciples s&rsquo;y \u00e9taient souvent r\u00e9unis.\u00a0<\/p><p><a><strong>3\u00a0<\/strong><\/a>Judas, donc, qui avait emmen\u00e9 la cohorte et des gardes fournis par les grands pr\u00eatres et par les pharisiens, arrive l\u00e0 avec des torches, des lanternes et des armes.\u00a0<a><strong>4\u00a0<\/strong><\/a>J\u00e9sus, sachant tout ce qui allait lui arriver, s&rsquo;avan\u00e7a et leur dit\u00a0: Qui cherchez-vous\u00a0?\u00a0<a><strong>5\u00a0<\/strong><\/a>Ils lui r\u00e9pondirent\u00a0: J\u00e9sus le Naz\u00f4r\u00e9en. Il leur dit\u00a0: C&rsquo;est moi. Judas, qui le livrait, se tenait avec eux.\u00a0<a><strong>6\u00a0<\/strong><\/a>Lorsqu&rsquo;il leur dit\u00a0: \u00ab\u00a0C&rsquo;est moi\u00a0\u00bb, ils recul\u00e8rent et tomb\u00e8rent par terre.\u00a0<\/p><p><a><strong>7\u00a0<\/strong><\/a>Il leur demanda de nouveau\u00a0: Qui cherchez-vous\u00a0? Et ils dirent\u00a0: J\u00e9sus le Naz\u00f4r\u00e9en.\u00a0<a><strong>8\u00a0<\/strong><\/a>J\u00e9sus r\u00e9pondit\u00a0: Je vous l&rsquo;ai dit, c&rsquo;est moi. Si donc c&rsquo;est moi que vous cherchez, laissez-les s&rsquo;en aller.\u00a0<a><strong>9\u00a0<\/strong><\/a>C&rsquo;\u00e9tait pour que s&rsquo;accomplisse la parole qu&rsquo;il avait dite\u00a0: \u00ab\u00a0Je n&rsquo;ai perdu aucun de ceux que tu m&rsquo;as donn\u00e9s.\u00a0\u00bb\u00a0<\/p><p><a><strong>10\u00a0<\/strong><\/a>Simon Pierre, qui avait une \u00e9p\u00e9e, la tira, frappa l&rsquo;esclave du grand pr\u00eatre et lui trancha l&rsquo;oreille droite. Le nom de l&rsquo;esclave \u00e9tait Malchos.\u00a0<a><strong>11\u00a0<\/strong><\/a>J\u00e9sus dit \u00e0 Pierre\u00a0: Remets ton \u00e9p\u00e9e dans son fourreau. La coupe que le P\u00e8re m&rsquo;a donn\u00e9e, ne la boirai-je pas\u00a0?\u00a0<\/p><\/blockquote>\n\n\n\n<ul class=\"wp-block-list\"><li>[O] J\u00e9sus a-t-il l\u2019air de ma\u00eetriser la situation&nbsp;? Argumentez.<\/li><li>[O\/I] Pourquoi les gardes tombent-ils au v.6&nbsp;?<\/li><li>[O\/I] Pourquoi Pierre r\u00e9agit-il comme cela&nbsp;? Pourquoi a-t-il une \u00e9p\u00e9e&nbsp;?<\/li><li>[O] Pourquoi J\u00e9sus se laisse-t-il faire&nbsp;?<\/li><li>[O] Quel est le r\u00f4le de Juda&nbsp;?<\/li><li>[I] D\u2019apr\u00e8s vous, comment les disciples ont-ils d\u00fb vivre cette non r\u00e9sistance de la part de J\u00e9sus&nbsp;?&nbsp;<\/li><\/ul>\n\n\n\n<blockquote class=\"wp-block-quote is-layout-flow wp-block-quote-is-layout-flow\"><p><a><strong>12\u00a0<\/strong><\/a>La cohorte, le tribun militaire et les gardes des Juifs s&#8217;empar\u00e8rent alors de J\u00e9sus et le li\u00e8rent.\u00a0<a><strong>13\u00a0<\/strong><\/a>Ils le conduisirent d&rsquo;abord \u00e0 Anne\u00a0: c&rsquo;\u00e9tait le beau-p\u00e8re de Ca\u00efphe, qui \u00e9tait grand pr\u00eatre cette ann\u00e9e-l\u00e0,\u00a0<a><strong>14\u00a0<\/strong><\/a>ce Ca\u00efphe qui avait donn\u00e9 aux Juifs le conseil suivant\u00a0: \u00ab\u00a0Il est pr\u00e9f\u00e9rable qu&rsquo;un seul homme meure pour le peuple.\u00a0\u00bb\u00a0<\/p><p><a><strong>15\u00a0<\/strong><\/a>Simon Pierre, ainsi qu&rsquo;un autre disciple, suivait J\u00e9sus. Ce disciple \u00e9tait connu du grand pr\u00eatre, et il entra avec J\u00e9sus dans le palais du grand pr\u00eatre\u00a0;\u00a0<a><strong>16\u00a0<\/strong><\/a>Pierre, lui, se tenait dehors, pr\u00e8s de la porte. L&rsquo;autre disciple, celui qui \u00e9tait connu du grand pr\u00eatre, sortit, parla \u00e0 la gardienne de la porte et fit entrer Pierre.\u00a0<a><strong>17\u00a0<\/strong><\/a>Alors la servante qui gardait la porte dit \u00e0 Pierre\u00a0: N&rsquo;es-tu pas, toi aussi, l&rsquo;un des disciples de cet homme\u00a0? Il dit\u00a0: Je ne le suis pas.\u00a0<a><strong>18\u00a0<\/strong><\/a>Les esclaves et les gardes se tenaient l\u00e0\u00a0; ils avaient fait un feu de braises, car il faisait froid, et ils se chauffaient. Pierre aussi se tenait avec eux et se chauffait.\u00a0<\/p><\/blockquote>\n\n\n\n<ul class=\"wp-block-list\"><li>[O\/I] Pourquoi&nbsp;le beau-p\u00e8re du Grand-pr\u00eatre (qui avait lui-m\u00eame \u00e9t\u00e9 GP) veut-il voir J\u00e9sus&nbsp;?&nbsp;<\/li><li>[O\/I] Pourquoi attacher J\u00e9sus&nbsp;?<\/li><li>[O\/I] Pourquoi Pierre et l\u2019autre disciple (tr\u00e8s probablement Jean) suivent-il J\u00e9sus&nbsp;?<\/li><li>[O\/I] Pourquoi Pierre n\u2019ose-t-il pas dire qui il est&nbsp;?<\/li><\/ul>\n\n\n\n<blockquote class=\"wp-block-quote is-layout-flow wp-block-quote-is-layout-flow\"><p><a><strong>19\u00a0<\/strong><\/a>Le grand pr\u00eatre interrogea J\u00e9sus sur ses disciples et sur son enseignement.\u00a0<a><strong>20\u00a0<\/strong><\/a>J\u00e9sus lui r\u00e9pondit\u00a0: Moi, j&rsquo;ai parl\u00e9 ouvertement au monde\u00a0; j&rsquo;ai toujours enseign\u00e9 dans la synagogue et dans le temple, l\u00e0 o\u00f9 tous les Juifs se rassemblent, et je n&rsquo;ai rien dit en secret.\u00a0<a><strong>21\u00a0<\/strong><\/a>Pourquoi m&rsquo;interroges-tu\u00a0? Ce dont j&rsquo;ai parl\u00e9, demande-le \u00e0 ceux qui m&rsquo;ont entendu\u00a0; ils savent bien, eux, ce que, moi, j&rsquo;ai dit\u00a0!\u00a0<a><strong>22\u00a0<\/strong><\/a>A ces mots, un des gardes qui \u00e9taient l\u00e0 donna une gifle \u00e0 J\u00e9sus, en disant\u00a0: Est-ce ainsi que tu r\u00e9ponds au grand pr\u00eatre\u00a0?\u00a0<a><strong>23\u00a0<\/strong><\/a>J\u00e9sus lui r\u00e9pondit\u00a0: Si j&rsquo;ai mal parl\u00e9, prouve-le\u00a0; et si j&rsquo;ai bien parl\u00e9, pourquoi me bats-tu\u00a0?\u00a0<a><strong>24\u00a0<\/strong><\/a>Alors Anne l&rsquo;envoya, li\u00e9, \u00e0 Ca\u00efphe, le grand pr\u00eatre.\u00a0<\/p><p><a><strong>25\u00a0<\/strong><\/a>Simon Pierre se tenait l\u00e0 et se chauffait. On lui dit\u00a0: N&rsquo;es-tu pas, toi aussi, l&rsquo;un de ses disciples\u00a0? Il le nia en disant\u00a0: Je ne le suis pas.\u00a0<a><strong>26\u00a0<\/strong><\/a>Un des esclaves du grand pr\u00eatre, qui \u00e9tait parent de celui \u00e0 qui Pierre avait tranch\u00e9 l&rsquo;oreille, dit\u00a0: Ne t&rsquo;ai-je pas vu, moi, dans le jardin, avec lui\u00a0?\u00a0<a><strong>27\u00a0<\/strong><\/a>Pierre le nia encore. Et aussit\u00f4t un coq chanta.<\/p><\/blockquote>\n\n\n\n<ul class=\"wp-block-list\"><li>[O] Pourquoi J\u00e9sus refuse-t-il de r\u00e9pondre au GP&nbsp;?<\/li><li>[O\/I] D\u2019apr\u00e8s vous, J\u00e9sus est-il courageux ou perd-il une occasion de pr\u00eacher&nbsp;? Argumentez.<\/li><li>[O\/I] Pourquoi assiste-t-on ici \u00e0 une inversion des r\u00f4les et m\u00eame \u00e0 une sc\u00e8ne blasph\u00e9matoire&nbsp;?&nbsp;<em>Normalement c\u2019est le GP qui doit rendre des compte \u00e0 Dieu et pas le contraire&nbsp;!&nbsp;<\/em><em>Le r\u00f4le du GP est d\u2019assurer le culte \u00e0 Dieu.&nbsp;<\/em><em>Ici, celui qui est le Fils de Dieu se fait non seulement interroger par lui mais se fait aussi gifler par un de ses gardes&nbsp;! C\u2019est un blasph\u00e8me.<\/em><\/li><li>[O\/I] Pourquoi J\u00e9sus ne se d\u00e9fend-il pas&nbsp;?<\/li><li>[O\/I] Avec qui Pierre se r\u00e9chauffe-t-il&nbsp;?&nbsp;<em>Avec les esclaves et gardes (18)<\/em><\/li><li>[O\/I] Quels parall\u00e8les peut-on faire entre J\u00e9sus et Pierre au m\u00eame moment&nbsp;?<\/li><\/ul>\n\n\n\n<figure class=\"wp-block-table is-style-regular\"><table><tbody><tr><td>J\u00e9sus<\/td><td>Pierre<\/td><\/tr><tr><td>Est interrog\u00e9<\/td><td>Est interrog\u00e9<\/td><\/tr><tr><td>Refuse de r\u00e9pondre par courage<\/td><td>Refuse de r\u00e9pondre par l\u00e2chet\u00e9<\/td><\/tr><tr><td>Se fait gifler par un garde<\/td><td>Renie J\u00e9sus face \u00e0 un garde<\/td><\/tr><tr><td>S\u2019en remet aux t\u00e9moins qui l\u2019ont entendu (21)<\/td><td>Nie face \u00e0 un t\u00e9moin de son acte courageux (26)<\/td><\/tr><\/tbody><\/table><\/figure>\n\n\n\n<ul class=\"wp-block-list\"><li>[I] Pourquoi cette mention du coq&nbsp;?&nbsp;<em>Voir J<\/em><em>ea<\/em><em>n 13.36-38&nbsp;:&nbsp;<\/em><\/li><\/ul>\n\n\n\n<blockquote class=\"wp-block-quote is-layout-flow wp-block-quote-is-layout-flow\"><p>36 Simon Pierre lui dit : Seigneur, o\u00f9 vas-tu ? J\u00e9sus lui r\u00e9pondit : L\u00e0 o\u00f9 je vais, tu ne peux pas me suivre maintenant ; tu me suivras plus tard. 37 Seigneur, lui dit Pierre, pourquoi ne puis-je pas te suivre maintenant ? Je suis pr\u00eat \u00e0 me d\u00e9faire de ma vie pour toi. 38 J\u00e9sus r\u00e9pondit : Tu es pr\u00eat \u00e0 te d\u00e9faire de ta vie pour moi ! Amen, amen, je te le dis, un coq n&rsquo;aura pas chant\u00e9 que tu m&rsquo;auras reni\u00e9 par trois fois.<\/p><\/blockquote>\n\n\n\n<ul class=\"wp-block-list\"><li>[I] Au final qui se d\u00e9fait de sa vie pour l\u2019autre&nbsp;?<\/li><li>[I] Qu\u2019est-ce qui explique un tel contraste entre un Pierre qui \u00e9tait pr\u00eat \u00e0 se battre pour J\u00e9sus et celui qui renie J\u00e9sus 3 fois&nbsp;?<\/li><\/ul>\n\n\n\n<h2 class=\"wp-block-heading\"><strong>Application<\/strong><\/h2>\n\n\n\n<ul class=\"wp-block-list\"><li>Il faut comprendre Pierre\u00a0: la strat\u00e9gie de Dieu n\u2019est vraiment pas facile \u00e0 accepter\u00a0! La croix de J\u00e9sus comme moyen de victoire, c\u2019est pas tr\u00e8s conventionnel\u00a0! Et vous, que pensez-vous de cette strat\u00e9gie\u00a0?\u00a0<\/li><li>Dans certaines conditions, on est pr\u00eat \u00e0 faire de grandes choses\u2026 et puis il suffit de quelques changement et le doute s\u2019installe et on se d\u00e9file. Face \u00e0 une situation d\u00e9routante et dangereuse, comment avez-vous tendance \u00e0 r\u00e9agir\u00a0? D\u00e9termin\u00e9s comme J\u00e9sus ou d\u00e9gonfl\u00e9s comme Pierre\u00a0?<\/li><li>Comment le Saint Esprit vous aident-il \u00e0 rester fid\u00e8les ?<\/li><\/ul>\n","protected":false},"excerpt":{"rendered":"<p>Question d\u2019intro\u00a0: Pourquoi y a-t-il un coq sur tous les clochers des \u00e9glises catholiques\u00a0? (ceux qui savent ne doivent pas r\u00e9pondre trop vite) Contexte : J\u00e9sus a dit \u00e0 plusieurs reprises \u00e0 ses disciples qu&rsquo;il allait partir. Il a consacr\u00e9 les chapitres pr\u00e9c\u00e9dents \u00e0 les pr\u00e9parer \u00e0 sa succession, \u00e0 prier son P\u00e8re pour qu&rsquo;ils [&hellip;]<\/p>\n","protected":false},"author":3,"featured_media":8312,"comment_status":"open","ping_status":"closed","sticky":false,"template":"","format":"standard","meta":{"_acf_changed":false,"_eb_attr":"","advgb_blocks_editor_width":"","advgb_blocks_columns_visual_guide":"","footnotes":""},"categories":[18,10],"tags":[651,133,469],"video":[],"audio":[],"ecrit":[],"mis-en-avant":[],"redacteur":[],"type-darticle":[],"class_list":["post-8311","post","type-post","status-publish","format-standard","has-post-thumbnail","hentry","category-dab-pour-etudiants","category-discussions-autour-de-la-bible","tag-ecrit","tag-pierre","tag-reniement"],"blocksy_meta":[],"acf":[],"featured_image_src":"https:\/\/www.creusonslabible.fr\/wp-content\/uploads\/2022\/07\/caleb-woods-VZILDYoqn_U-unsplash-e1658442868621-1.jpg","author_info":{"display_name":"Yoh","author_link":"https:\/\/www.creusonslabible.fr\/?author=3"},"author_meta":{"display_name":"Yoh","author_link":"https:\/\/www.creusonslabible.fr\/?author=3"},"featured_img":"https:\/\/www.creusonslabible.fr\/wp-content\/uploads\/2022\/07\/caleb-woods-VZILDYoqn_U-unsplash-e1658442868621-1-300x150.jpg","coauthors":[],"tax_additional":{"categories":{"linked":["<a href=\"https:\/\/www.creusonslabible.fr\/?cat=18\" class=\"advgb-post-tax-term\">DAB pour \u00e9tudiants<\/a>","<a href=\"https:\/\/www.creusonslabible.fr\/?cat=10\" class=\"advgb-post-tax-term\">Discussions autour de la Bible<\/a>"],"unlinked":["<span class=\"advgb-post-tax-term\">DAB pour \u00e9tudiants<\/span>","<span class=\"advgb-post-tax-term\">Discussions autour de la Bible<\/span>"]},"tags":{"linked":["<a href=\"https:\/\/www.creusonslabible.fr\/?cat=10\" class=\"advgb-post-tax-term\">\u00e9crit<\/a>","<a href=\"https:\/\/www.creusonslabible.fr\/?cat=10\" class=\"advgb-post-tax-term\">Pierre<\/a>","<a href=\"https:\/\/www.creusonslabible.fr\/?cat=10\" class=\"advgb-post-tax-term\">reniement<\/a>"],"unlinked":["<span class=\"advgb-post-tax-term\">\u00e9crit<\/span>","<span class=\"advgb-post-tax-term\">Pierre<\/span>","<span class=\"advgb-post-tax-term\">reniement<\/span>"]}},"comment_count":"0","relative_dates":{"created":"Publi\u00e9 4 ans il y a","modified":"Mis \u00e0 jour 1 an il y a"},"absolute_dates":{"created":"Publi\u00e9 le 22 juillet 2022","modified":"Mise \u00e0 jour le 22 janvier 2025"},"absolute_dates_time":{"created":"Publi\u00e9 le 22 juillet 2022 0h35","modified":"Mise \u00e0 jour le 22 janvier 2025 13h27"},"featured_img_caption":"","series_order":"","meta_box":[],"_links":{"self":[{"href":"https:\/\/www.creusonslabible.fr\/index.php?rest_route=\/wp\/v2\/posts\/8311","targetHints":{"allow":["GET"]}}],"collection":[{"href":"https:\/\/www.creusonslabible.fr\/index.php?rest_route=\/wp\/v2\/posts"}],"about":[{"href":"https:\/\/www.creusonslabible.fr\/index.php?rest_route=\/wp\/v2\/types\/post"}],"author":[{"embeddable":true,"href":"https:\/\/www.creusonslabible.fr\/index.php?rest_route=\/wp\/v2\/users\/3"}],"replies":[{"embeddable":true,"href":"https:\/\/www.creusonslabible.fr\/index.php?rest_route=%2Fwp%2Fv2%2Fcomments&post=8311"}],"version-history":[{"count":1,"href":"https:\/\/www.creusonslabible.fr\/index.php?rest_route=\/wp\/v2\/posts\/8311\/revisions"}],"predecessor-version":[{"id":10117,"href":"https:\/\/www.creusonslabible.fr\/index.php?rest_route=\/wp\/v2\/posts\/8311\/revisions\/10117"}],"wp:featuredmedia":[{"embeddable":true,"href":"https:\/\/www.creusonslabible.fr\/index.php?rest_route=\/wp\/v2\/media\/8312"}],"wp:attachment":[{"href":"https:\/\/www.creusonslabible.fr\/index.php?rest_route=%2Fwp%2Fv2%2Fmedia&parent=8311"}],"wp:term":[{"taxonomy":"category","embeddable":true,"href":"https:\/\/www.creusonslabible.fr\/index.php?rest_route=%2Fwp%2Fv2%2Fcategories&post=8311"},{"taxonomy":"post_tag","embeddable":true,"href":"https:\/\/www.creusonslabible.fr\/index.php?rest_route=%2Fwp%2Fv2%2Ftags&post=8311"},{"taxonomy":"video","embeddable":true,"href":"https:\/\/www.creusonslabible.fr\/index.php?rest_route=%2Fwp%2Fv2%2Fvideo&post=8311"},{"taxonomy":"audio","embeddable":true,"href":"https:\/\/www.creusonslabible.fr\/index.php?rest_route=%2Fwp%2Fv2%2Faudio&post=8311"},{"taxonomy":"ecrit","embeddable":true,"href":"https:\/\/www.creusonslabible.fr\/index.php?rest_route=%2Fwp%2Fv2%2Fecrit&post=8311"},{"taxonomy":"mis-en-avant","embeddable":true,"href":"https:\/\/www.creusonslabible.fr\/index.php?rest_route=%2Fwp%2Fv2%2Fmis-en-avant&post=8311"},{"taxonomy":"redacteur","embeddable":true,"href":"https:\/\/www.creusonslabible.fr\/index.php?rest_route=%2Fwp%2Fv2%2Fredacteur&post=8311"},{"taxonomy":"type-darticle","embeddable":true,"href":"https:\/\/www.creusonslabible.fr\/index.php?rest_route=%2Fwp%2Fv2%2Ftype-darticle&post=8311"}],"curies":[{"name":"wp","href":"https:\/\/api.w.org\/{rel}","templated":true}]}}