{"id":8447,"date":"2022-10-13T09:56:00","date_gmt":"2022-10-13T07:56:00","guid":{"rendered":"https:\/\/www.creusonslabible.fr\/?p=8447"},"modified":"2024-04-24T15:39:58","modified_gmt":"2024-04-24T13:39:58","slug":"un-bebe-tres-puissant-esaie-8-16-9-6","status":"publish","type":"post","link":"https:\/\/www.creusonslabible.fr\/?p=8447","title":{"rendered":"Un b\u00e9b\u00e9 tr\u00e8s puissant : \u00c9sa\u00efe 8.16-9.6"},"content":{"rendered":"\n<div class=\"wp-block-essential-blocks-wrapper\"><div class=\"eb-parent-wrapper eb-parent-eb-wrapper-sue0ku0 \"><div class=\"eb-wrapper-outer eb-wrapper-sue0ku0\"><div class=\"eb-wrapper-inner\"><div class=\"eb-wrapper-inner-blocks eb-wrapper-align-center\">\n<div class=\"wp-block-columns is-layout-flex wp-container-core-columns-is-layout-28f84493 wp-block-columns-is-layout-flex\">\n<div class=\"wp-block-column is-layout-flow wp-block-column-is-layout-flow\">\n<p><strong>\u00c9sa\u00efe&nbsp;8.<\/strong><a><strong>16&nbsp;<\/strong><\/a>Conserve ce t\u00e9moignage,&nbsp;<br \/>scelle cette loi parmi mes disciples.<\/p>\n\n\n\n<p><a><strong>17&nbsp;<\/strong><\/a>J&rsquo;attends le SEIGNEUR,&nbsp;<br \/>qui se d\u00e9tourne de la maison de Jacob&nbsp;;&nbsp;<br \/>j&rsquo;ai mis en lui mon esp\u00e9rance.<\/p>\n\n\n\n<p><a><strong>18&nbsp;<\/strong><\/a>Moi-m\u00eame et les enfants que le SEIGNEUR m&rsquo;a donn\u00e9s,&nbsp;<br \/>nous sommes des signes et des pr\u00e9sages en Isra\u00ebl&nbsp;<br \/>de la part du SEIGNEUR (YHWH) des Arm\u00e9es&nbsp;<br \/>qui demeure au mont Sion.<\/p>\n\n\n\n<p><a><strong>19&nbsp;<\/strong><\/a>Si l&rsquo;on vous dit&nbsp;:&nbsp;<br \/>Consultez les spirites et les m\u00e9diums,&nbsp;<br \/>qui chuchotent et murmurent&nbsp;!&nbsp;<br \/>Un peuple ne consulte-t-il pas ses dieux&nbsp;?&nbsp;<br \/>Ne s&rsquo;adresse-t-on pas aux morts pour les vivants&nbsp;?<\/p>\n\n\n\n<p><a><strong>20&nbsp;<\/strong><\/a>A la loi et au t\u00e9moignage&nbsp;!&nbsp;<br \/>Si on ne parle pas ainsi,&nbsp;<br \/>c&rsquo;est qu&rsquo;il n&rsquo;y aura pas d&rsquo;aurore pour le peuple.<\/p>\n\n\n\n<p><a><strong>21&nbsp;<\/strong><\/a>Il traversera le pays accabl\u00e9 et affam\u00e9&nbsp;;&nbsp;<br \/>et, quand il aura faim,&nbsp;<br \/>il s&rsquo;irritera,&nbsp;<br \/>maudira son roi et son Dieu,&nbsp;<br \/>il se tournera vers le haut.<\/p>\n\n\n\n<p><a><strong>22&nbsp;<\/strong><\/a>Puis il regardera vers la terre&nbsp;:&nbsp;<br \/>ce sera la d\u00e9tresse, l&rsquo;obscurit\u00e9 et de sombres angoisses&nbsp;;&nbsp;<br \/>il sera repouss\u00e9 dans d&rsquo;\u00e9paisses t\u00e9n\u00e8bres.<\/p>\n\n\n\n<p><a><strong>23&nbsp;<\/strong><\/a>Mais les t\u00e9n\u00e8bres ne r\u00e9gneront pas toujours&nbsp;<br \/>sur la terre o\u00f9 il y a maintenant des angoisses.&nbsp;<br \/>Si le pass\u00e9 a r\u00e9duit \u00e0 peu de chose&nbsp;<br \/>le pays de Zabulon et le pays de Nephtali,&nbsp;<br \/>l&rsquo;avenir donnera de la gloire&nbsp;<br \/>\u00e0 la route de la mer, \u00e0 l&rsquo;autre c\u00f4t\u00e9 du Jourdain,&nbsp;<br \/>au territoire des nations.<\/p>\n<\/div>\n\n\n\n<div class=\"wp-block-column is-layout-flow wp-block-column-is-layout-flow\">\n<p><a><strong>9.1<\/strong><\/a>Le peuple qui marche dans les t\u00e9n\u00e8bres&nbsp;<br \/>a vu une grande lumi\u00e8re&nbsp;;&nbsp;<br \/>sur ceux qui habitent le pays de l&rsquo;ombre de mort&nbsp;<br \/>une lumi\u00e8re a brill\u00e9.<\/p>\n\n\n\n<p><a><strong>2&nbsp;<\/strong><\/a>Tu as rendu la nation nombreuse,&nbsp;<br \/>tu l&rsquo;a combl\u00e9e de joie.&nbsp;<br \/>Ils se r\u00e9jouissent devant toi de la joie des moissons,&nbsp;<br \/>de l&rsquo;all\u00e9gresse qui r\u00e8gne au partage du butin.<\/p>\n\n\n\n<p><a><strong>3&nbsp;<\/strong><\/a>Car le joug qui pesait sur elle,&nbsp;<br \/>la trique qui frappait son dos,&nbsp;<br \/>le b\u00e2ton de son oppresseur,&nbsp;<br \/>tu les a bris\u00e9s comme au jour de Madi\u00e2n.<\/p>\n\n\n\n<p><a><strong>4&nbsp;<\/strong><\/a>Toutes les bottes qui pi\u00e9tinaient dans la bataille&nbsp;<br \/>et tous les manteaux roul\u00e9s dans le sang&nbsp;<br \/>seront livr\u00e9s aux flammes,&nbsp;<br \/>pour \u00eatre d\u00e9vor\u00e9s par le feu.<\/p>\n\n\n\n<p><a><strong>5&nbsp;<\/strong><\/a>Car un enfant nous est n\u00e9,&nbsp;<br \/>un fils nous a \u00e9t\u00e9 donn\u00e9.&nbsp;<br \/>Il a la souverainet\u00e9 sur son \u00e9paule&nbsp;;&nbsp;<br \/>on l&rsquo;appelle du nom de Conseiller \u00e9tonnant,&nbsp;<br \/>Dieu-H\u00e9ros, P\u00e8re \u00e9ternel,&nbsp;<br \/>Prince de paix.<\/p>\n\n\n\n<p><a><strong>6&nbsp;<\/strong><\/a>Etendre la souverainet\u00e9,&nbsp;<br \/>accorder une paix sans fin au tr\u00f4ne de David et \u00e0 son royaume,&nbsp;<br \/>l&rsquo;affermir et le soutenir par l&rsquo;\u00e9quit\u00e9 et par la justice,&nbsp;<br \/>d\u00e8s maintenant et pour toujours&nbsp;:&nbsp;<br \/>voil\u00e0 ce que fera la passion jalouse du SEIGNEUR (YHWH) des Arm\u00e9es.<\/p>\n<\/div>\n<\/div>\n<\/div><\/div><\/div><\/div><\/div>\n\n\n\n<h2 class=\"wp-block-heading\">Question d&rsquo;intro<\/h2>\n\n\n\n<p>Quels sont les principaux motifs d\u2019inqui\u00e9tudes pour nous aujourd\u2019hui&nbsp;? \u00c0 quoi sont-ils dus&nbsp;?<\/p>\n\n\n\n<h2 class=\"wp-block-heading\">Contexte<\/h2>\n\n\n\n<p>\u00c9sa\u00efe est un proph\u00e8te c\u2019est \u00e0 dire surtout un porte-parole de Dieu aupr\u00e8s de son peuple mais aussi quelqu\u2019un qui peut pr\u00e9dire des \u00e9v\u00e9nements futurs. Avant notre passage, \u00c9sa\u00efe a annonc\u00e9 que la puissante arm\u00e9e assyrienne (Irak actuel) envahirait d\u2019abord la Syrie et Isra\u00ebl et enfin le royaume de Juda sans lequel il habite (pour un <a rel=\"noreferrer noopener\" href=\"https:\/\/www.creusonslabible.fr\/?p=7304\/#tentations\" target=\"_blank\">r\u00e9sum\u00e9 avec des cartes c\u2019est ici<\/a>). Bref, le pr\u00e9sent est inqui\u00e9tant et l\u2019avenir est bien noir \u00e0 cause de l\u2019infid\u00e9lit\u00e9 du peuple.&nbsp;<\/p>\n\n\n\n<p>Lire le passage<\/p>\n\n\n\n<h2 class=\"wp-block-heading\"><strong>Vv.16-22&nbsp;: Tenir ferme<\/strong><\/h2>\n\n\n\n<ul class=\"wp-block-list\">\n<li>D\u2019apr\u00e8s le v.16, quelle est la fonction de notre texte&nbsp;?&nbsp;<em>C\u2019est une&nbsp;<\/em><em>promess<\/em><em>e pour l\u2019avenir (scell\u00e9e pour \u00eatre d\u00e9voil\u00e9e plus tard)<\/em><\/li>\n\n\n\n<li>Dans ce message \u00e0 ouvrir plus tard, qu\u2019est-ce qui est n\u00e9gatif, positif&nbsp;?<\/li>\n\n\n\n<li>Quelle est la fonction d\u2019\u00c9sa\u00efe et de ses disciples d\u2019apr\u00e8s les vv.17-22&nbsp;?&nbsp;<em>\u00catre des panneaux indicateurs (18) qui s\u2019attendent \u00e0 Dieu (17) et qui rappellent sa loi (20)<\/em><\/li>\n\n\n\n<li>Que dit la loi de Mo\u00efse des pratiques du v.19&nbsp;?&nbsp;<em>Elles sont interdites&nbsp;! (L\u00e9vitiques 19.31)<\/em><\/li>\n\n\n\n<li>Que veut dire le v.20&nbsp;?&nbsp;<em>Qu\u2019il faut se r\u00e9f\u00e9rer \u00e0 la loi de Dieu et \u00e0 son Alliance sinon \u00e7a va mal se passer&nbsp;!<\/em><\/li>\n\n\n\n<li>Pourquoi la situation des vv.21-22&nbsp;?&nbsp;<em>Parce que le peuple s\u2019est d\u00e9tourn\u00e9 de Dieu et de sa loi<\/em><\/li>\n<\/ul>\n\n\n\n<h2 class=\"wp-block-heading\"><strong>Vv.8.23-9.6&nbsp;: Espoir<\/strong><\/h2>\n\n\n\n<ul class=\"wp-block-list\">\n<li>D\u2019o\u00f9 vient l\u2019espoir pour le peuple&nbsp;?&nbsp;<em>De Dieu (2, 3, 6) et d\u2019un enfant (5-6)<\/em><\/li>\n\n\n\n<li>Comment la situation du peuple va-t-elle changer&nbsp;? Rep\u00e9rez les oppositions.<\/li>\n<\/ul>\n\n\n\n<figure class=\"wp-block-table is-style-regular\"><table><tbody><tr><td><strong>\u00c0 l\u2019\u00e9poque d\u2019\u00c9sa\u00efe<\/strong><\/td><td><strong>Plus tard<\/strong><\/td><\/tr><tr><td>T\u00e9n\u00e8bres (20,22,22,23,9.1,9.1)<\/td><td>Lumi\u00e8re (23, 9.1,9.1)<\/td><\/tr><tr><td>Affam\u00e9s (21)<\/td><td>Abondance (9.2)<\/td><\/tr><tr><td>Angoiss\u00e9s (21,22,23)<\/td><td>Joyeux (9.2)<\/td><\/tr><tr><td>Peu de chose (23)<\/td><td>Nombreux (9.2)<\/td><\/tr><tr><td>Oppression arm\u00e9e (3-4)<\/td><td>Lib\u00e9ration et paix (3-4)<\/td><\/tr><\/tbody><\/table><\/figure>\n\n\n\n<ul class=\"wp-block-list\">\n<li>Quelles sont les caract\u00e9ristiques de l\u2019enfant qui va na\u00eetre&nbsp;? Quel est le rapport entre ses titres (5) et ses actions (6)&nbsp;?<\/li>\n<\/ul>\n\n\n\n<figure class=\"wp-block-table is-style-regular\"><table><tbody><tr><td><strong>Titres<\/strong><\/td><td><strong>Actions<\/strong><\/td><\/tr><tr><td>Conseiller merveilleux<\/td><td>\u00c9tendre la souverainet\u00e9<\/td><\/tr><tr><td>Dieu H\u00e9ros (ou fort)<\/td><td>Accorder une paix \u00e9ternelle<\/td><\/tr><tr><td>P\u00e8re \u00e9ternel<\/td><td>Affermir son tr\u00f4ne par le droit et la justice<\/td><\/tr><tr><td>Prince de paix<\/td><td><\/td><\/tr><\/tbody><\/table><\/figure>\n\n\n\n<ul class=\"wp-block-list\">\n<li>\u00c0 l\u2019\u00e9poque d\u2019\u00c9sa\u00efe, il y avait d\u00e9j\u00e0 un descendant de David sur le tr\u00f4ne. Qu\u2019est-ce qui va \u00eatre diff\u00e9rent avec ce b\u00e9b\u00e9&nbsp;?<\/li>\n\n\n\n<li>Plus de guerre (4), l\u2019\u00e9quit\u00e9 et la justice pour toujours (6), l\u2019abondance (2) avec ce b\u00e9b\u00e9 envoy\u00e9 par Dieu&nbsp;: D\u2019apr\u00e8s vous c\u2019est de l\u2019ordre du r\u00e9el ou du r\u00eave&nbsp;? Pourquoi&nbsp;?<\/li>\n<\/ul>\n\n\n\n<h2 class=\"wp-block-heading\"><strong>Est-ce J\u00e9sus&nbsp;?<\/strong><\/h2>\n\n\n\n<ul class=\"wp-block-list\">\n<li>Au Ier si\u00e8cle, \u00e0 Nazareth en plein coeur du territoire d\u00e9crit en 8.23, un ange appara\u00eet \u00e0 une vierge. Il lui dit&nbsp;:&nbsp;<\/li>\n<\/ul>\n\n\n\n<blockquote class=\"wp-block-quote is-layout-flow wp-block-quote-is-layout-flow\">\n<p>\u00ab&nbsp;N&rsquo;aie pas peur, Marie ; car tu as trouv\u00e9 gr\u00e2ce aupr\u00e8s de Dieu.<\/p>\n\n\n\n<p>31 Tu vas \u00eatre enceinte ; tu mettras au monde un fils&nbsp;<\/p>\n\n\n\n<p>et tu l&rsquo;appelleras du nom de J\u00e9sus.<\/p>\n\n\n\n<p>32 Il sera grand et sera appel\u00e9 Fils du Tr\u00e8s-Haut,&nbsp;<\/p>\n\n\n\n<p>et le Seigneur Dieu lui donnera le tr\u00f4ne de David, son p\u00e8re.<\/p>\n\n\n\n<p>33 Il r\u00e9gnera pour toujours sur la maison de Jacob ;&nbsp;<\/p>\n\n\n\n<p>son r\u00e8gne n&rsquo;aura pas de fin.&nbsp;\u00bb (Luc 1.30-33)<\/p>\n<\/blockquote>\n\n\n\n<p>Trouvez-vous des points communs avec le texte d\u2019\u00c9sa\u00efe? Pourquoi&nbsp;?<\/p>\n\n\n\n<ul class=\"wp-block-list\">\n<li>Voici comment Matthieu l\u2019\u00e9vang\u00e9liste commente le d\u00e9but du minist\u00e8re de J\u00e9sus&nbsp;:&nbsp;<\/li>\n<\/ul>\n\n\n\n<blockquote class=\"wp-block-quote is-layout-flow wp-block-quote-is-layout-flow\">\n<p>\u00ab&nbsp;4.12 Quand J\u00e9sus apprit que Jean (le baptiste) avait \u00e9t\u00e9 emprisonn\u00e9, il regagna la Galil\u00e9e, 13 mais il ne resta pas \u00e0 Nazareth. Il alla s&rsquo;\u00e9tablir \u00e0 Caperna\u00fcm, une ville situ\u00e9e au bord du lac, aux confins des territoires de Zabulon et de Nephtali. 14 Ainsi s&rsquo;accomplit cette parole du proph\u00e8te \u00c9sa\u00efe qui avait annonc\u00e9 :<\/p>\n\n\n\n<p>15 \u00c9coute, \u00f4 toi, terre de Zabulon | et toi, terre de Nephtali,&nbsp;<\/p>\n\n\n\n<p>contr\u00e9e voisine de la mer, | situ\u00e9e au-del\u00e0 du Jourdain,&nbsp;<\/p>\n\n\n\n<p>\u00f4 toi, Galil\u00e9e des nations pa\u00efennes :<\/p>\n\n\n\n<p>16 Le peuple qui vivait dans les t\u00e9n\u00e8bres&nbsp;<\/p>\n\n\n\n<p>a vu briller une grande lumi\u00e8re,&nbsp;<\/p>\n\n\n\n<p>et sur ceux qui habitaient dans le pays&nbsp;<\/p>\n\n\n\n<p>sur lequel planait l&rsquo;ombre de la mort,&nbsp;<\/p>\n\n\n\n<p>une lumi\u00e8re s&rsquo;est lev\u00e9e.<\/p>\n\n\n\n<p>17 \u00c0 partir de ce moment, J\u00e9sus commen\u00e7a \u00e0 pr\u00eacher en public en disant :<\/p>\n\n\n\n<p>\u2013&nbsp;Changez, car le r\u00e8gne des cieux est proche.<\/p>\n<\/blockquote>\n\n\n\n<p>Comme Matthieu, voyez-vous un accomplissement du passage d\u2019\u00c9sa\u00efe dans la vie de J\u00e9sus&nbsp;?<\/p>\n\n\n\n<ul class=\"wp-block-list\">\n<li>Finalement, comment J\u00e9sus a-t-il accompli les promesses de notre passage&nbsp;?&nbsp;<em>L\u2019accomplissement est en 2 \u00e9tapes&nbsp;: la premi\u00e8re est une lib\u00e9ration, une joie, une paix spirituelle parce que J\u00e9sus nous lib\u00e8re avant tout du P\u00e9ch\u00e9 et nous donne libre-acc\u00e8s au P\u00e8re. La seconde \u00e9tape aura lieu lors du retour de J\u00e9sus qui instaurera un Royaume de Paix du une nouvelle terre o\u00f9 la justice habitera.&nbsp;<\/em><\/li>\n<\/ul>\n\n\n\n<p><strong>Application<\/strong><\/p>\n\n\n\n<ul class=\"wp-block-list\">\n<li>Dans notre monde o\u00f9 l\u2019avenir est plut\u00f4t sombre, comment les chr\u00e9tiens peuvent-ils \u00eatre des proph\u00e8tes de l\u2019esp\u00e9rance&nbsp;?<\/li>\n\n\n\n<li>Quels sont les autres esp\u00e9rances propos\u00e9es autour de vous ? Comparez-les \u00e0 celle propos\u00e9e par J\u00e9sus.<\/li>\n<\/ul>\n","protected":false},"excerpt":{"rendered":"<p>Question d&rsquo;intro Quels sont les principaux motifs d\u2019inqui\u00e9tudes pour nous aujourd\u2019hui&nbsp;? \u00c0 quoi sont-ils dus&nbsp;? Contexte \u00c9sa\u00efe est un proph\u00e8te c\u2019est \u00e0 dire surtout un porte-parole de Dieu aupr\u00e8s de son peuple mais aussi quelqu\u2019un qui peut pr\u00e9dire des \u00e9v\u00e9nements futurs. Avant notre passage, \u00c9sa\u00efe a annonc\u00e9 que la puissante arm\u00e9e assyrienne (Irak actuel) envahirait [&hellip;]<\/p>\n","protected":false},"author":3,"featured_media":8469,"comment_status":"open","ping_status":"closed","sticky":false,"template":"","format":"standard","meta":{"_acf_changed":false,"_eb_attr":"","advgb_blocks_editor_width":"","advgb_blocks_columns_visual_guide":"","footnotes":""},"categories":[10],"tags":[651],"video":[],"audio":[],"ecrit":[],"mis-en-avant":[],"redacteur":[],"type-darticle":[],"class_list":["post-8447","post","type-post","status-publish","format-standard","has-post-thumbnail","hentry","category-discussions-autour-de-la-bible","tag-ecrit"],"blocksy_meta":[],"acf":[],"featured_image_src":"https:\/\/www.creusonslabible.fr\/wp-content\/uploads\/2022\/10\/ben-white-lVCHfXn3VME-unsplash-scaled-e1665475398972-1.jpg","author_info":{"display_name":"Yoh","author_link":"https:\/\/www.creusonslabible.fr\/?author=3"},"author_meta":{"display_name":"Yoh","author_link":"https:\/\/www.creusonslabible.fr\/?author=3"},"featured_img":"https:\/\/www.creusonslabible.fr\/wp-content\/uploads\/2022\/10\/ben-white-lVCHfXn3VME-unsplash-scaled-e1665475398972-1-300x133.jpg","coauthors":[],"tax_additional":{"categories":{"linked":["<a href=\"https:\/\/www.creusonslabible.fr\/?cat=10\" class=\"advgb-post-tax-term\">Discussions autour de la Bible<\/a>"],"unlinked":["<span class=\"advgb-post-tax-term\">Discussions autour de la Bible<\/span>"]},"tags":{"linked":["<a href=\"https:\/\/www.creusonslabible.fr\/?cat=10\" class=\"advgb-post-tax-term\">\u00e9crit<\/a>"],"unlinked":["<span class=\"advgb-post-tax-term\">\u00e9crit<\/span>"]}},"comment_count":"0","relative_dates":{"created":"Publi\u00e9 4 ans il y a","modified":"Mis \u00e0 jour 2 ans il y a"},"absolute_dates":{"created":"Publi\u00e9 le 13 octobre 2022","modified":"Mise \u00e0 jour le 24 avril 2024"},"absolute_dates_time":{"created":"Publi\u00e9 le 13 octobre 2022 9h56","modified":"Mise \u00e0 jour le 24 avril 2024 15h39"},"featured_img_caption":"","series_order":"","meta_box":[],"_links":{"self":[{"href":"https:\/\/www.creusonslabible.fr\/index.php?rest_route=\/wp\/v2\/posts\/8447","targetHints":{"allow":["GET"]}}],"collection":[{"href":"https:\/\/www.creusonslabible.fr\/index.php?rest_route=\/wp\/v2\/posts"}],"about":[{"href":"https:\/\/www.creusonslabible.fr\/index.php?rest_route=\/wp\/v2\/types\/post"}],"author":[{"embeddable":true,"href":"https:\/\/www.creusonslabible.fr\/index.php?rest_route=\/wp\/v2\/users\/3"}],"replies":[{"embeddable":true,"href":"https:\/\/www.creusonslabible.fr\/index.php?rest_route=%2Fwp%2Fv2%2Fcomments&post=8447"}],"version-history":[{"count":1,"href":"https:\/\/www.creusonslabible.fr\/index.php?rest_route=\/wp\/v2\/posts\/8447\/revisions"}],"predecessor-version":[{"id":9568,"href":"https:\/\/www.creusonslabible.fr\/index.php?rest_route=\/wp\/v2\/posts\/8447\/revisions\/9568"}],"wp:featuredmedia":[{"embeddable":true,"href":"https:\/\/www.creusonslabible.fr\/index.php?rest_route=\/wp\/v2\/media\/8469"}],"wp:attachment":[{"href":"https:\/\/www.creusonslabible.fr\/index.php?rest_route=%2Fwp%2Fv2%2Fmedia&parent=8447"}],"wp:term":[{"taxonomy":"category","embeddable":true,"href":"https:\/\/www.creusonslabible.fr\/index.php?rest_route=%2Fwp%2Fv2%2Fcategories&post=8447"},{"taxonomy":"post_tag","embeddable":true,"href":"https:\/\/www.creusonslabible.fr\/index.php?rest_route=%2Fwp%2Fv2%2Ftags&post=8447"},{"taxonomy":"video","embeddable":true,"href":"https:\/\/www.creusonslabible.fr\/index.php?rest_route=%2Fwp%2Fv2%2Fvideo&post=8447"},{"taxonomy":"audio","embeddable":true,"href":"https:\/\/www.creusonslabible.fr\/index.php?rest_route=%2Fwp%2Fv2%2Faudio&post=8447"},{"taxonomy":"ecrit","embeddable":true,"href":"https:\/\/www.creusonslabible.fr\/index.php?rest_route=%2Fwp%2Fv2%2Fecrit&post=8447"},{"taxonomy":"mis-en-avant","embeddable":true,"href":"https:\/\/www.creusonslabible.fr\/index.php?rest_route=%2Fwp%2Fv2%2Fmis-en-avant&post=8447"},{"taxonomy":"redacteur","embeddable":true,"href":"https:\/\/www.creusonslabible.fr\/index.php?rest_route=%2Fwp%2Fv2%2Fredacteur&post=8447"},{"taxonomy":"type-darticle","embeddable":true,"href":"https:\/\/www.creusonslabible.fr\/index.php?rest_route=%2Fwp%2Fv2%2Ftype-darticle&post=8447"}],"curies":[{"name":"wp","href":"https:\/\/api.w.org\/{rel}","templated":true}]}}