{"id":8620,"date":"2023-09-05T12:00:25","date_gmt":"2023-09-05T10:00:25","guid":{"rendered":"https:\/\/www.creusonslabible.fr\/?p=8620"},"modified":"2024-04-24T15:39:53","modified_gmt":"2024-04-24T13:39:53","slug":"une-breve-histoire-de-lapologetique","status":"publish","type":"post","link":"https:\/\/www.creusonslabible.fr\/?p=8620","title":{"rendered":"Une br\u00e8ve histoire de l&rsquo;apolog\u00e9tique"},"content":{"rendered":"\n<p>Par Yannick Imbert, professeur d&rsquo;Apolog\u00e9tique \u00e0 la Fac de Th\u00e9ologie Jean Calvin<\/p>\n\n\n\n<p>L&rsquo;Eglise a toujours reconnu l&rsquo;appel \u00e0 t\u00e9moigner de sa foi dans un monde en constante \u00e9volution. Les disciples de J\u00e9sus-Christ ont r\u00e9pondu \u00e0 cette vocation d&rsquo;\u00eatre t\u00e9moins en r\u00e9pondant aux d\u00e9fis d&rsquo;une soci\u00e9t\u00e9 toujours \u00e9loign\u00e9e de Dieu&nbsp;: elle a \u00e9t\u00e9 une Eglise apolog\u00e9tique, pr\u00e9sentant et d\u00e9fendant la foi chr\u00e9tienne. Alors que nous entrons dans la deuxi\u00e8me d\u00e9cennie de ce jeune 21e si\u00e8cle, il est encourageant de nous tourner vers les apolog\u00e8tes qui nous ont pr\u00e9c\u00e9d\u00e9s.&nbsp;<\/p>\n\n\n\n<p><strong>Lors des premiers si\u00e8cles, <\/strong>l&rsquo;apolog\u00e9tique d\u00e9velopp\u00e9e par les P\u00e8res apologistes \u00e9tait en particulier concern\u00e9e par trois choses. La premi\u00e8re \u00e9tait l&rsquo;accusation selon laquelle leur foi faisait d&rsquo;eux de mauvais citoyens, existant dans l&rsquo;ombre et dans le secret. Face \u00e0 cela Tertullien ne peut que s&rsquo;exclamer, remarquant un peu sarcastiquement que les chr\u00e9tiens sont partout\u00a0: dans les march\u00e9s, sur les places publiques&#8230; partout\u00a0! La deuxi\u00e8me dimension apolog\u00e9tique \u00e9tait une d\u00e9fense de la rationalit\u00e9 de la foi. Loin d&rsquo;\u00eatre oppos\u00e9e \u00e0 la raison humaine, la foi chr\u00e9tienne t\u00e9moignait d&rsquo;un Dieu qui \u00e9tait un Dieu de raison, qui avait cr\u00e9\u00e9 l&rsquo;homme raisonnable et qui appelait l&rsquo;homme \u00e0 reconna\u00eetre la rationalit\u00e9 de son existence. La troisi\u00e8me dimension apolog\u00e9tique \u00e9tait la nature diff\u00e9rente de la vie chr\u00e9tienne, en particulier par son attitude envers les malades, les plus pauvres, et les nouveaux-n\u00e9s abandonn\u00e9s et promis \u00e0 une mort certaine. Dans cette premi\u00e8re p\u00e9riode, l&rsquo;Eglise justifie par son apolog\u00e9tique la l\u00e9gitimit\u00e9 et la v\u00e9rit\u00e9 de la foi face \u00e0 un monde qui regardait avec suspicion la nouvelle foi.\u00a0<\/p>\n\n\n\n<p><strong>La p\u00e9riode m\u00e9di\u00e9vale<\/strong> d\u00e9ploie une apolog\u00e9tique bien diff\u00e9rente. L&rsquo;Eglise n&rsquo;est plus \u00e9mergente, mais fait partie de la soci\u00e9t\u00e9 elle-m\u00eame. Elle en est m\u00eame l&rsquo;un des liens les plus forts. La soci\u00e9t\u00e9 m\u00e9di\u00e9vale est parfois m\u00eame qualifi\u00e9e de \u00ab\u00a0chr\u00e9tienne\u00a0\u00bb. Quelle forme d&rsquo;apolog\u00e9tique l&rsquo;Eglise a-t-elle bien pu alors pr\u00e9senter\u00a0? Nous ne pouvons comprendre cela qu&rsquo;en nous d\u00e9barrassant du clich\u00e9 qui ferait de la soci\u00e9t\u00e9 m\u00e9di\u00e9vale une soci\u00e9t\u00e9 chr\u00e9tienne au sens le plus fort du terme. Bien s\u00fbr, l&rsquo;Eglise y jouait un r\u00f4le structurant, et souvent b\u00e9n\u00e9fique. Cependant l&rsquo;interaction entre pouvoirs spirituels et temporels \u00e9tait complexe. Certains groupes chr\u00e9tiens, en particulier monastique, servirent de force r\u00e9formatrice, appelant \u00e0 constamment r\u00e9former l&rsquo;Eglise. Cela aussi \u00e9tait une forme de pr\u00e9sentation et de d\u00e9fense de la foi chr\u00e9tienne, contre la tendance naturelle \u00e0 laisser notre vie chr\u00e9tienne perdre en fid\u00e9lit\u00e9. C&rsquo;est aussi envers des enseignements qui s&rsquo;\u00e9cartaient de la foi de l&rsquo;Eglise que l&rsquo;apolog\u00e9tique fut dirig\u00e9e. Pour r\u00e9pondre \u00e0 ce nouveau d\u00e9fi apolog\u00e9tique provenant de l&rsquo;int\u00e9rieur m\u00eame de l&rsquo;Eglise, une approche syst\u00e9matique \u00e9tait n\u00e9cessaire. L&rsquo;enseignement organis\u00e9 de la foi prit une place de plus en plus pr\u00e9pond\u00e9rante et donna naissance aux grandes \u0153uvres que nous connaissons, comme la\u00a0<em>Somme th\u00e9ologique<\/em>\u00a0de Thomas d&rsquo;Aquin ou sa\u00a0<em>Somme contre les gentils<\/em>, cens\u00e9e \u00eatre une aide apolog\u00e9tique contre l&rsquo;enseignement musulman.\u00a0<\/p>\n\n\n\n<p><strong>La transition des 18e et 19e si\u00e8cles<\/strong> introduit l&rsquo;Eglise au monde moderne. L&rsquo;Eglise dut faire face, l\u00e0 aussi, \u00e0 de nouveaux d\u00e9fis. Le premier fut le r\u00f4le de plus en plus d\u00e9terminant donn\u00e9 \u00e0 la raison humaine. Il ne s&rsquo;agissait pas, pour l&rsquo;apolog\u00e9tique, d&rsquo;affirmer que la foi n&rsquo;\u00e9tait pas contre la raison, mais de montrer que la raison humaine ne pouvait pr\u00e9tendre ni \u00e0 l&rsquo;absolu, ni \u00e0 s&rsquo;\u00e9riger en juge de la r\u00e9v\u00e9lation divine. Cette d\u00e9fense de la foi contre le rationalisme a d\u00fb aussi faire face \u00e0 d&rsquo;autres philosophies qui essayaient elles aussi de r\u00e9pondre \u00e0 un rationalisme de plus en plus commun. Le romantisme fut l&rsquo;une d&rsquo;entre elles. La r\u00e9ponse apolog\u00e9tique fut alors de r\u00e9-affirmer que, bien que la foi soit v\u00e9cue personnellement, le fondement de cette derni\u00e8re n&rsquo;\u00e9tait pas individuelle et subjective. Le sentiment personnel \u00e9tait ancr\u00e9 dans l&rsquo;objectivit\u00e9 de l&rsquo;Ecriture, Parole de Dieu.\u00a0<\/p>\n\n\n\n<p><strong>Depuis le milieu du 20e si\u00e8cle,<\/strong> l&rsquo;Eglise tente de r\u00e9pondre au monde postmoderne. Les questions auxquelles nous sommes confront\u00e9s sont sensibles. L&rsquo;individualisation de la foi a eu un impact n\u00e9gatif sur la foi chr\u00e9tienne. Cela a contribu\u00e9 \u00e0 faire de la foi chr\u00e9tienne quelque chose qui rel\u00e8ve uniquement d&rsquo;un choix personnel s\u00e9lectionn\u00e9 sur un menu religieux en constante diversification. La foi n&rsquo;est qu&rsquo;une option parmi d&rsquo;autres. Les deux derni\u00e8res d\u00e9cennies ont elles aussi pr\u00e9sent\u00e9 de nouveaux d\u00e9fis. Le r\u00f4le et la place publique des chr\u00e9tiens dans une soci\u00e9t\u00e9 post-chr\u00e9tienne, et religieusement pluraliste, est sans doute l&rsquo;un des enjeux majeurs. Le r\u00f4le de la communaut\u00e9 chr\u00e9tienne a r\u00e9cemment trouv\u00e9 une importance renouvel\u00e9e. Bien comprise et v\u00e9cue, la communaut\u00e9 qu&rsquo;est l&rsquo;Eglise doit devenir le meilleur argument apolog\u00e9tique. Le peuple de Dieu, celui du Ressuscit\u00e9, est une communaut\u00e9 alternative.<\/p>\n\n\n\n<p><strong>Le monde postmoderne<\/strong> a aussi perdu la possibilit\u00e9 de dire ce qu&rsquo;est un \u00eatre humain. Il n&rsquo;y a en effet plus de nature humaine qui nous soit commune \u00e0 tous. L&rsquo;identit\u00e9 humaine est elle aussi un choix personnel. Nous d\u00e9cidons de notre genre, de ce qui est bon pour nous, et de la nature que prendra notre corps, sans relation avec le reste du monde dans lequel nous vivons. Sans d\u00e9finition possible de ce qu&rsquo;est l&rsquo;humain, th\u00e9ories du genre, transhumanisme, et autres mouvements culturels, ne font que dissoudre la dignit\u00e9 que Dieu a donn\u00e9e \u00e0 l&rsquo;\u00eatre humain. Face \u00e0 cette humanit\u00e9 en d\u00e9rive, la communaut\u00e9 de Christ est une fois de plus la plus grande r\u00e9ponse apolog\u00e9tique. C&rsquo;est en effet le lieu de la vraie humanit\u00e9, celle de ceux qui ont \u00e9t\u00e9 restaur\u00e9s \u00e0 l&rsquo;image de Christ, le premier d&rsquo;un nouveau peuple.\u00a0<\/p>\n\n\n\n<p>Quelle d\u00e9monstration de la foi l&rsquo;Eglise proposera-t-elle&nbsp;? La personne unique de Christ, et l&rsquo;\u00e9thique du peuple de Dieu sont appel\u00e9s \u00e0 redevenir des points principaux de notre apolog\u00e9tique. Avancer sur ce chemin demande un appui entier et ferme sur l&rsquo;Ecriture, r\u00e8gle de notre vie et de notre foi.&nbsp;<\/p>\n","protected":false},"excerpt":{"rendered":"<p>Par Yannick Imbert, professeur d&rsquo;Apolog\u00e9tique \u00e0 la Fac de Th\u00e9ologie Jean Calvin L&rsquo;Eglise a toujours reconnu l&rsquo;appel \u00e0 t\u00e9moigner de sa foi dans un monde en constante \u00e9volution. Les disciples de J\u00e9sus-Christ ont r\u00e9pondu \u00e0 cette vocation d&rsquo;\u00eatre t\u00e9moins en r\u00e9pondant aux d\u00e9fis d&rsquo;une soci\u00e9t\u00e9 toujours \u00e9loign\u00e9e de Dieu&nbsp;: elle a \u00e9t\u00e9 une Eglise apolog\u00e9tique, [&hellip;]<\/p>\n","protected":false},"author":3,"featured_media":8621,"comment_status":"open","ping_status":"closed","sticky":false,"template":"","format":"standard","meta":{"_acf_changed":false,"_eb_attr":"","advgb_blocks_editor_width":"","advgb_blocks_columns_visual_guide":"","footnotes":""},"categories":[26],"tags":[635,651],"video":[],"audio":[],"ecrit":[],"mis-en-avant":[],"redacteur":[],"type-darticle":[],"class_list":["post-8620","post","type-post","status-publish","format-standard","has-post-thumbnail","hentry","category-histoire-de-l-eglise","tag-apologetique","tag-ecrit"],"blocksy_meta":[],"acf":[],"featured_image_src":"https:\/\/www.creusonslabible.fr\/wp-content\/uploads\/2023\/01\/fish-gc569d9dc3_640-e1674812639313-1.jpg","author_info":{"display_name":"Yoh","author_link":"https:\/\/www.creusonslabible.fr\/?author=3"},"author_meta":{"display_name":"Yoh","author_link":"https:\/\/www.creusonslabible.fr\/?author=3"},"featured_img":"https:\/\/www.creusonslabible.fr\/wp-content\/uploads\/2023\/01\/fish-gc569d9dc3_640-e1674812639313-1-300x144.jpg","coauthors":[],"tax_additional":{"categories":{"linked":["<a href=\"https:\/\/www.creusonslabible.fr\/?cat=26\" class=\"advgb-post-tax-term\">Histoire de l&#039;\u00c9glise<\/a>"],"unlinked":["<span class=\"advgb-post-tax-term\">Histoire de l&#039;\u00c9glise<\/span>"]},"tags":{"linked":["<a href=\"https:\/\/www.creusonslabible.fr\/?cat=26\" class=\"advgb-post-tax-term\">Apolog\u00e9tique<\/a>","<a href=\"https:\/\/www.creusonslabible.fr\/?cat=26\" class=\"advgb-post-tax-term\">\u00e9crit<\/a>"],"unlinked":["<span class=\"advgb-post-tax-term\">Apolog\u00e9tique<\/span>","<span class=\"advgb-post-tax-term\">\u00e9crit<\/span>"]}},"comment_count":"0","relative_dates":{"created":"Publi\u00e9 3 ans il y a","modified":"Mis \u00e0 jour 2 ans il y a"},"absolute_dates":{"created":"Publi\u00e9 le 5 septembre 2023","modified":"Mise \u00e0 jour le 24 avril 2024"},"absolute_dates_time":{"created":"Publi\u00e9 le 5 septembre 2023 12h00","modified":"Mise \u00e0 jour le 24 avril 2024 15h39"},"featured_img_caption":"","series_order":"","meta_box":[],"_links":{"self":[{"href":"https:\/\/www.creusonslabible.fr\/index.php?rest_route=\/wp\/v2\/posts\/8620","targetHints":{"allow":["GET"]}}],"collection":[{"href":"https:\/\/www.creusonslabible.fr\/index.php?rest_route=\/wp\/v2\/posts"}],"about":[{"href":"https:\/\/www.creusonslabible.fr\/index.php?rest_route=\/wp\/v2\/types\/post"}],"author":[{"embeddable":true,"href":"https:\/\/www.creusonslabible.fr\/index.php?rest_route=\/wp\/v2\/users\/3"}],"replies":[{"embeddable":true,"href":"https:\/\/www.creusonslabible.fr\/index.php?rest_route=%2Fwp%2Fv2%2Fcomments&post=8620"}],"version-history":[{"count":1,"href":"https:\/\/www.creusonslabible.fr\/index.php?rest_route=\/wp\/v2\/posts\/8620\/revisions"}],"predecessor-version":[{"id":9544,"href":"https:\/\/www.creusonslabible.fr\/index.php?rest_route=\/wp\/v2\/posts\/8620\/revisions\/9544"}],"wp:featuredmedia":[{"embeddable":true,"href":"https:\/\/www.creusonslabible.fr\/index.php?rest_route=\/wp\/v2\/media\/8621"}],"wp:attachment":[{"href":"https:\/\/www.creusonslabible.fr\/index.php?rest_route=%2Fwp%2Fv2%2Fmedia&parent=8620"}],"wp:term":[{"taxonomy":"category","embeddable":true,"href":"https:\/\/www.creusonslabible.fr\/index.php?rest_route=%2Fwp%2Fv2%2Fcategories&post=8620"},{"taxonomy":"post_tag","embeddable":true,"href":"https:\/\/www.creusonslabible.fr\/index.php?rest_route=%2Fwp%2Fv2%2Ftags&post=8620"},{"taxonomy":"video","embeddable":true,"href":"https:\/\/www.creusonslabible.fr\/index.php?rest_route=%2Fwp%2Fv2%2Fvideo&post=8620"},{"taxonomy":"audio","embeddable":true,"href":"https:\/\/www.creusonslabible.fr\/index.php?rest_route=%2Fwp%2Fv2%2Faudio&post=8620"},{"taxonomy":"ecrit","embeddable":true,"href":"https:\/\/www.creusonslabible.fr\/index.php?rest_route=%2Fwp%2Fv2%2Fecrit&post=8620"},{"taxonomy":"mis-en-avant","embeddable":true,"href":"https:\/\/www.creusonslabible.fr\/index.php?rest_route=%2Fwp%2Fv2%2Fmis-en-avant&post=8620"},{"taxonomy":"redacteur","embeddable":true,"href":"https:\/\/www.creusonslabible.fr\/index.php?rest_route=%2Fwp%2Fv2%2Fredacteur&post=8620"},{"taxonomy":"type-darticle","embeddable":true,"href":"https:\/\/www.creusonslabible.fr\/index.php?rest_route=%2Fwp%2Fv2%2Ftype-darticle&post=8620"}],"curies":[{"name":"wp","href":"https:\/\/api.w.org\/{rel}","templated":true}]}}