{"id":8623,"date":"2023-04-22T11:00:48","date_gmt":"2023-04-22T09:00:48","guid":{"rendered":"https:\/\/www.creusonslabible.fr\/?p=8623"},"modified":"2024-04-24T15:39:54","modified_gmt":"2024-04-24T13:39:54","slug":"apologetique-definition-et-methodologie","status":"publish","type":"post","link":"https:\/\/www.creusonslabible.fr\/?p=8623","title":{"rendered":"Apolog\u00e9tique : d\u00e9finition et m\u00e9thodologie"},"content":{"rendered":"\n<p>Par L\u00e9a Rychen, r\u00e9dactrice en chef du m\u00e9dia imagoDei.<\/p>\n\n\n\n<p>Comment vous sentez-vous \u00e9quip\u00e9s pour partager l\u2019\u00c9vangile&nbsp;? Vous savez, ce merveilleux message de salut et de pardon, que Dieu nous adresse au travers de toute la Bible et qui trouve son apog\u00e9e dans la vie et l\u2019\u0153uvre de J\u00e9sus-Christ. Est-ce qu\u2019il r\u00e9sonne dans vos vies, dans vos discussions et dans vos prises de position, devant votre bol de c\u00e9r\u00e9ales le matin, dans vos choix professionnels et sentimentaux, ou encore avant de rentrer dans l\u2019isoloir pour voter&nbsp;? Si tel est le cas, votre entourage vous posera n\u00e9cessairement des questions. Et ces questions vous am\u00e8neront \u00e0 expliquer votre foi dans le Dieu r\u00e9v\u00e9l\u00e9 en J\u00e9sus-Christ, et comment cette foi influence vos pens\u00e9es, vos paroles et vos actes. Et l\u00e0, pr\u00e9cis\u00e9ment l\u00e0, vous ferez de l\u2019<em>apolog\u00e9tique<\/em>.<\/p>\n\n\n\n<p>L\u2019<em>apolog\u00e9tique<\/em>, c\u2019est la d\u00e9fense raisonn\u00e9e de la foi. Ce terme nous vient du grec&nbsp;<em>apologia&nbsp;<\/em>\u2013&nbsp;<em>apo<\/em>&nbsp;signifiant \u00ab&nbsp;pour&nbsp;\u00bb,&nbsp;<em>logia<\/em>\u00ab&nbsp;parole&nbsp;\u00bb.&nbsp;Faire de l\u2019apolog\u00e9tique, c\u2019est donc \u00ab&nbsp;parler en faveur de&nbsp;\u00bb&nbsp;: en l\u2019occurrence, de la foi chr\u00e9tienne. C\u2019est un terme emprunt\u00e9 au langage juridique romain, et que l\u2019on retrouve sous la plume de l\u2019ap\u00f4tre Pierre dans le verset suivant&nbsp;:<\/p>\n\n\n\n<p><a><\/a>\u00ab Reconnaissez dans vos c\u0153urs Christ comme Seigneur, et soyez toujours pr\u00eats \u00e0 donner une d\u00e9fense devant quiconque vous demande raison de l\u2019esp\u00e9rance qui est en vous, mais faites-le avec douceur et respect, en ayant une bonne conscience. \u00bb&nbsp;<strong>1 Pierre 3:15 et 16<\/strong><\/p>\n\n\n\n<p>Le mot traduit en fran\u00e7ais par \u00ab&nbsp;d\u00e9fense&nbsp;\u00bb \u00e9tait, dans le texte original,&nbsp;<em>apologia<\/em>. Pierre y \u00e9crit \u00e0 des chr\u00e9tiens qui connaissent des probl\u00e8mes \u00e0 cause de leur foi. Ils vivent dans un monde qui ne comprend pas leurs choix et leurs croyances, un monde dans lequel la foi chr\u00e9tienne semble \u00e9trange et suspecte. (\u00c7a vous rappelle quelque chose&nbsp;?) C\u2019est dans ce contexte que Pierre enjoint ses lecteurs et lectrices \u00e0 faire de l\u2019apolog\u00e9tique.&nbsp;<\/p>\n\n\n\n<p>Et concr\u00e8tement, \u00e7a veut dire quoi&nbsp;? Il s\u2019agit tout d\u2019abord de reconna\u00eetre dans son c\u0153ur Christ comme Seigneur, puis de vivre toute sa vie en fonction de sa seigneurie (devant le bol de c\u00e9r\u00e9ales le matin, dans les choix professionnels et sentimentaux, dans l\u2019isoloir, etc.). Ensuite, une fois que toute notre vie est transform\u00e9e et que cela devient visible, il faut se tenir pr\u00eat\u00b7e \u00e0 expliquer aux gens autour qu\u2019il y a une raison qui nous fait penser, parler, et agir diff\u00e9remment, et que cette raison est Christ.&nbsp;<\/p>\n\n\n\n<p>Vous noterez que Pierre sugg\u00e8re qu\u2019il y a bien une&nbsp;<em>raison<\/em>&nbsp;derri\u00e8re notre foi. C\u2019est donc bien plus qu\u2019une histoire de foi aveugle, de ressenti, ou de hasard&nbsp;! Le mot employ\u00e9 par l\u2019ap\u00f4tre,&nbsp;<em>logos<\/em>, concerne la rationalit\u00e9. Cela signifie que la foi peut s\u2019expliquer, avec des explications&nbsp;: qu\u2019elles soient scientifiques, historiques, philosophiques, ou encore personnelles. Il y a r\u00e9ellement des raisons de placer sa confiance en J\u00e9sus (d\u2019o\u00f9 la d\u00e9finition \u00ab&nbsp;d\u00e9fense&nbsp;<em>raisonn\u00e9e<\/em>&nbsp;de la foi&nbsp;\u00bb). Mais quelles sont ces raisons&nbsp;?<\/p>\n\n\n\n<p>C\u2019est l\u00e0 qu\u2019il est int\u00e9ressant de creuser un peu les approches th\u00e9oriques de l\u2019apolog\u00e9tique, qui offrent diff\u00e9rents types d\u2019arguments en faveur de Dieu et de la foi chr\u00e9tienne. (Je ne vous en donnerai ici que quelques exemples, mais les plus curieux se feront un plaisir d\u2019\u00e9tudier la litt\u00e9rature&nbsp;!)<\/p>\n\n\n\n<p><strong>Apolog\u00e9tique classique.&nbsp;<\/strong>Cette approche consiste \u00e0 d\u00e9montrer l\u2019existence de Dieu par la raison, notamment les arguments philosophiques, logiques et scientifiques. Une fois que l\u2019on a \u00e9tabli la rationalit\u00e9 de l\u2019existence de Dieu, on montre que seul le Dieu de la Bible correspond aux crit\u00e8res d\u2019une telle rationalit\u00e9. (Quelques auteurs&nbsp;: Saint Augustin, Thomas d\u2019Aquin, William Lane Craig ou encore, plus proche de nous, Alexis Masson.)<\/p>\n\n\n\n<p><strong>Apolog\u00e9tique pragmatique ou empiriste<\/strong>. Cette approche consiste \u00e0 \u00e9tudier des preuves, surtout historiques autour de la vie, la mort et la r\u00e9surrection de J\u00e9sus. On cherche \u00e0 d\u00e9montrer l\u2019historicit\u00e9 et la plausibilit\u00e9 du christianisme dans ses affirmations fondamentales en faisant concourir diverses sciences et disciplines, telles que l\u2019histoire. (Quelques auteurs&nbsp;: C. S. Lewis, Gary Habermas, Lee Strobel,&nbsp;<em>J\u00e9sus, l\u2019enqu\u00eate<\/em>.)<\/p>\n\n\n\n<p><strong>Apolog\u00e9tique pr\u00e9suppositionnaliste<\/strong>. Cette approche consiste \u00e0 \u00e9tudier les pr\u00e9suppos\u00e9s qui sous-tendent toute croyance pour faire appara\u00eetre les contradictions de toutes les visions du monde ou religions autres que le christianisme. Il s\u2019agit ensuite de montrer que seule la vision biblique du monde est coh\u00e9rente. (Quelques auteurs&nbsp;: Cornelius Van Til, John Frame, Yannick Imbert.)<\/p>\n\n\n\n<p><strong>Apolog\u00e9tique culturelle.&nbsp;<\/strong>Cette approche consiste \u00e0 montrer que la foi chr\u00e9tienne est pertinente et attrayante \u00e0 travers tout ce qui fait partie de notre culture&nbsp;: \u0153uvres d\u2019art, publicit\u00e9s, messages politiques, tendances culturelles, etc. Le but est de cr\u00e9er des ponts avec la culture environnante pour montrer comment Dieu vient r\u00e9pondre \u00e0 ses aspirations, ses besoins, ses questionnements de fa\u00e7on unique. C\u2019est notamment ce que s\u2019attache \u00e0 faire le m\u00e9dia imagoDei.<\/p>\n\n\n\n<p>Au fil de la discussion, et selon les app\u00e9tences et connaissances des interlocuteurs, l\u2019une ou l\u2019autre cat\u00e9gorie appara\u00eetra comme plus opportune. Peut-\u00eatre avez-vous d\u00e9j\u00e0 votre favorite&nbsp;! Quoi qu\u2019il en soit, l\u2019apolog\u00e9tique ne doit jamais devenir ni une bataille d\u2019arguments, ni un expos\u00e9 philosophico-th\u00e9ologique. Selon le principe de 1 Pierre 3:15 et 16, l\u2019objectif est bien de vivre la foi chr\u00e9tienne dans tous les domaines de nos vies, pour ensuite susciter des conversations, et de profiter de ces conversations pour partager l\u2019\u00c9vangile.<\/p>\n\n\n\n<p><strong>Pour aller plus loin&nbsp;:<\/strong><\/p>\n\n\n\n<p><em>Une foi, des arguments&nbsp;: Apolog\u00e9tique pour tous.<\/em>&nbsp;Dir. \u00e9ditorial\u202f: Lydia Jaeger &#8211; Alain Nisus, La Maison de la Bible, 2021.<\/p>\n\n\n\n<p>Le m\u00e9dia imagoDei.fr<\/p>\n\n\n\n<p>Le podcast&nbsp;<em>Sagesse et Mojito<\/em><\/p>\n\n\n\n<p><strong>L\u00e9a Rychen<\/strong><\/p>\n\n\n\n<p>Cr\u00e9atrice de contenus, elle aime \u00e9crire et r\u00e9fl\u00e9chir aux interactions entre la culture et la foi. Ses articles, chroniques radio, conf\u00e9rences ou podcasts pr\u00e9sentent diff\u00e9rents aspects de l\u2019<em>apolog\u00e9tique<\/em>&nbsp;: la d\u00e9fense raisonn\u00e9e de la foi chr\u00e9tienne.<\/p>\n","protected":false},"excerpt":{"rendered":"<p>Par L\u00e9a Rychen, r\u00e9dactrice en chef du m\u00e9dia imagoDei. Comment vous sentez-vous \u00e9quip\u00e9s pour partager l\u2019\u00c9vangile&nbsp;? Vous savez, ce merveilleux message de salut et de pardon, que Dieu nous adresse au travers de toute la Bible et qui trouve son apog\u00e9e dans la vie et l\u2019\u0153uvre de J\u00e9sus-Christ. Est-ce qu\u2019il r\u00e9sonne dans vos vies, dans [&hellip;]<\/p>\n","protected":false},"author":3,"featured_media":8621,"comment_status":"open","ping_status":"closed","sticky":false,"template":"","format":"standard","meta":{"_acf_changed":false,"_eb_attr":"","advgb_blocks_editor_width":"","advgb_blocks_columns_visual_guide":"","footnotes":""},"categories":[180,29],"tags":[635,651],"video":[],"audio":[],"ecrit":[],"mis-en-avant":[],"redacteur":[],"type-darticle":[],"class_list":["post-8623","post","type-post","status-publish","format-standard","has-post-thumbnail","hentry","category-levangelisation","category-le-chretien-dans-la-societe","tag-apologetique","tag-ecrit"],"blocksy_meta":[],"acf":[],"featured_image_src":"https:\/\/www.creusonslabible.fr\/wp-content\/uploads\/2023\/01\/fish-gc569d9dc3_640-e1674812639313-1.jpg","author_info":{"display_name":"Yoh","author_link":"https:\/\/www.creusonslabible.fr\/?author=3"},"author_meta":{"display_name":"Yoh","author_link":"https:\/\/www.creusonslabible.fr\/?author=3"},"featured_img":"https:\/\/www.creusonslabible.fr\/wp-content\/uploads\/2023\/01\/fish-gc569d9dc3_640-e1674812639313-1-300x144.jpg","coauthors":[],"tax_additional":{"categories":{"linked":["<a href=\"https:\/\/www.creusonslabible.fr\/?cat=180\" class=\"advgb-post-tax-term\">L&#039;\u00c9vang\u00e9lisation<\/a>","<a href=\"https:\/\/www.creusonslabible.fr\/?cat=29\" class=\"advgb-post-tax-term\">Le chr\u00e9tien dans la soci\u00e9t\u00e9<\/a>"],"unlinked":["<span class=\"advgb-post-tax-term\">L&#039;\u00c9vang\u00e9lisation<\/span>","<span class=\"advgb-post-tax-term\">Le chr\u00e9tien dans la soci\u00e9t\u00e9<\/span>"]},"tags":{"linked":["<a href=\"https:\/\/www.creusonslabible.fr\/?cat=29\" class=\"advgb-post-tax-term\">Apolog\u00e9tique<\/a>","<a href=\"https:\/\/www.creusonslabible.fr\/?cat=29\" class=\"advgb-post-tax-term\">\u00e9crit<\/a>"],"unlinked":["<span class=\"advgb-post-tax-term\">Apolog\u00e9tique<\/span>","<span class=\"advgb-post-tax-term\">\u00e9crit<\/span>"]}},"comment_count":"1","relative_dates":{"created":"Publi\u00e9 3 ans il y a","modified":"Mis \u00e0 jour 2 ans il y a"},"absolute_dates":{"created":"Publi\u00e9 le 22 avril 2023","modified":"Mise \u00e0 jour le 24 avril 2024"},"absolute_dates_time":{"created":"Publi\u00e9 le 22 avril 2023 11h00","modified":"Mise \u00e0 jour le 24 avril 2024 15h39"},"featured_img_caption":"","series_order":"","meta_box":[],"_links":{"self":[{"href":"https:\/\/www.creusonslabible.fr\/index.php?rest_route=\/wp\/v2\/posts\/8623","targetHints":{"allow":["GET"]}}],"collection":[{"href":"https:\/\/www.creusonslabible.fr\/index.php?rest_route=\/wp\/v2\/posts"}],"about":[{"href":"https:\/\/www.creusonslabible.fr\/index.php?rest_route=\/wp\/v2\/types\/post"}],"author":[{"embeddable":true,"href":"https:\/\/www.creusonslabible.fr\/index.php?rest_route=\/wp\/v2\/users\/3"}],"replies":[{"embeddable":true,"href":"https:\/\/www.creusonslabible.fr\/index.php?rest_route=%2Fwp%2Fv2%2Fcomments&post=8623"}],"version-history":[{"count":1,"href":"https:\/\/www.creusonslabible.fr\/index.php?rest_route=\/wp\/v2\/posts\/8623\/revisions"}],"predecessor-version":[{"id":9547,"href":"https:\/\/www.creusonslabible.fr\/index.php?rest_route=\/wp\/v2\/posts\/8623\/revisions\/9547"}],"wp:featuredmedia":[{"embeddable":true,"href":"https:\/\/www.creusonslabible.fr\/index.php?rest_route=\/wp\/v2\/media\/8621"}],"wp:attachment":[{"href":"https:\/\/www.creusonslabible.fr\/index.php?rest_route=%2Fwp%2Fv2%2Fmedia&parent=8623"}],"wp:term":[{"taxonomy":"category","embeddable":true,"href":"https:\/\/www.creusonslabible.fr\/index.php?rest_route=%2Fwp%2Fv2%2Fcategories&post=8623"},{"taxonomy":"post_tag","embeddable":true,"href":"https:\/\/www.creusonslabible.fr\/index.php?rest_route=%2Fwp%2Fv2%2Ftags&post=8623"},{"taxonomy":"video","embeddable":true,"href":"https:\/\/www.creusonslabible.fr\/index.php?rest_route=%2Fwp%2Fv2%2Fvideo&post=8623"},{"taxonomy":"audio","embeddable":true,"href":"https:\/\/www.creusonslabible.fr\/index.php?rest_route=%2Fwp%2Fv2%2Faudio&post=8623"},{"taxonomy":"ecrit","embeddable":true,"href":"https:\/\/www.creusonslabible.fr\/index.php?rest_route=%2Fwp%2Fv2%2Fecrit&post=8623"},{"taxonomy":"mis-en-avant","embeddable":true,"href":"https:\/\/www.creusonslabible.fr\/index.php?rest_route=%2Fwp%2Fv2%2Fmis-en-avant&post=8623"},{"taxonomy":"redacteur","embeddable":true,"href":"https:\/\/www.creusonslabible.fr\/index.php?rest_route=%2Fwp%2Fv2%2Fredacteur&post=8623"},{"taxonomy":"type-darticle","embeddable":true,"href":"https:\/\/www.creusonslabible.fr\/index.php?rest_route=%2Fwp%2Fv2%2Ftype-darticle&post=8623"}],"curies":[{"name":"wp","href":"https:\/\/api.w.org\/{rel}","templated":true}]}}