{"id":8625,"date":"2023-09-12T11:52:00","date_gmt":"2023-09-12T09:52:00","guid":{"rendered":"https:\/\/www.creusonslabible.fr\/?p=8625"},"modified":"2024-04-24T15:39:53","modified_gmt":"2024-04-24T13:39:53","slug":"presenter-levangile-a-lelite-de-son-temps","status":"publish","type":"post","link":"https:\/\/www.creusonslabible.fr\/?p=8625","title":{"rendered":"<strong>Pr\u00e9senter l\u2019\u00e9vangile \u00e0 l\u2019\u00e9lite de son temps<\/strong>"},"content":{"rendered":"\n<p>Par Mica\u00ebl Razzano, pasteur et ancien Secr\u00e9taire G\u00e9n\u00e9ral des GBU<\/p>\n\n\n\n<p>De passage \u00e0 Ath\u00e8nes, Paul d\u00e9cide d\u2019\u00e9vang\u00e9liser sur la place publique. Le discours qu\u2019il y prononce et que Luc nous rapporte en Actes 17.16-34, marque une \u00e9tape d\u00e9cisive dans l&rsquo;avanc\u00e9e de la foi chr\u00e9tienne. C\u2019est en effet le premier grand choc entre la culture jud\u00e9o-chr\u00e9tienne \u00e9mergente et la culture gr\u00e9co-romaine. Au premier si\u00e8cle, Ath\u00e8nes est la capitale culturelle qui par sa philosophie rayonne dans tout l\u2019empire. L\u2019Ar\u00e9opage o\u00f9 Paul est invit\u00e9 \u00e0 s\u2019exprimer est un endroit anim\u00e9 et prestigieux o\u00f9 circule l\u2019information. C\u2019est une occasion en or pour annoncer l\u2019\u00e9vangile aux \u00e9lites intellectuelles de l\u2019\u00e9poque&nbsp;notamment les \u00e9picuriens et les sto\u00efciens (18). Mais c\u2019est aussi un d\u00e9fi de taille&nbsp;! Comment Paul va-t-il s\u2019y prendre pour s\u2019adresser \u00e0 un auditoire pa\u00efen qui ignore tout du Dieu de la Bible, de la notion d\u2019alliance, de l\u2019attente du Messie ? Quels seront ses points d\u2019ancrage pour transmettre l\u2019\u00e9vangile&nbsp;?<\/p>\n\n\n\n<h2 class=\"wp-block-heading advgb-dyn-a83536bb\"><strong>A la rencontre<\/strong><\/h2>\n\n\n\n<p>Malgr\u00e9 l&rsquo;exasp\u00e9ration qui s\u2019empare de lui \u00e0 la vue de cette ville pleine d&rsquo;idoles (17), Paul ne cherche pas \u00e0 diaboliser la culture ath\u00e9nienne. Il va m\u00eame y prendre appui pour d\u00e9montrer la foi chr\u00e9tienne.&nbsp;Se r\u00e9f\u00e9rant \u00e0 un autel portant l\u2019inscription \u00ab&nbsp;\u00e0 un dieu inconnu&nbsp;\u00bb<a><sup>1<\/sup><\/a>, Paul d\u00e9clare&nbsp;: \u00abce que vous v\u00e9n\u00e9rez sans le conna\u00eetre, c\u2019est ce que je vous annonce\u00bb (23).&nbsp;Mais tout&nbsp;en puisant dans le patrimoine culturel de ses interlocuteurs, il se garde bien d\u2019identifier purement et simplement l\u2019\u00e9vangile qu\u2019il proclame avec le dieu inconnu de cet autel<a><sup>2<\/sup><\/a>. Il \u00e9vite ainsi le syncr\u00e9tisme si r\u00e9pandu dans le monde gr\u00e9co-romain.<\/p>\n\n\n\n<p>Puis Paul jette des ponts avec la philosophie grecque. Il se rapproche d\u2019abord des \u00e9picuriens pour qui Dieu n\u2019a pas besoin des hommes (25), puis des sto\u00efciens en pr\u00e9sentant Dieu comme celui qui d\u00e9termine l\u2019histoire (26). En citant des penseurs grecs (28), il \u00e9tablit d\u2019autres points d\u2019ancrage avec la culture de son temps<a><sup>3<\/sup><\/a>. Mais ces r\u00e9f\u00e9rences ont surtout pour objectif d\u2019attirer l\u2019attention sur les contradictions internes \u00e0 la philosophie pa\u00efenne, comme l&rsquo;incons\u00e9quence des pratiques idol\u00e2tres (v. 28-29).<\/p>\n\n\n\n<h2 class=\"wp-block-heading advgb-dyn-b40b69ae\"><strong>Chemin de cr\u00eate<\/strong><\/h2>\n\n\n\n<p>Tout en prenant appui sur le contexte philosophico-religieux de son temps, Paul veille donc \u00e0 ne pas accommoder le message de l\u2019\u00e9vangile \u00e0 la philosophie ambiante. On peut faire ici trois remarques :&nbsp;<\/p>\n\n\n\n<ol class=\"wp-block-list\">\n<li>D&rsquo;abord, sa pr\u00e9dication est enracin\u00e9e dans l\u2019Ancien Testament. Paul parle du Dieu cr\u00e9ateur et souverain (24) qui se suffit \u00e0 lui-m\u00eame (25), qui d\u00e9termine le temps, l\u2019espace et donc le sens de l\u2019histoire (26), qui pourvoit \u00e0 tous nos besoins et qui a cr\u00e9\u00e9 l\u2019homme \u00e0 son image comme le sugg\u00e8re le th\u00e8me de la filiation (28-29). On pourrait s&rsquo;\u00e9tonner que Paul n&rsquo;annonce pas d&#8217;embl\u00e9e le Christ mort et ressuscit\u00e9 comme nous l&rsquo;aurions peut-\u00eatre fait nous-m\u00eames. Mais pour que le message de la Croix soit pertinent, il fallait d\u2019abord que les philosophes d\u2019Ath\u00e8nes per\u00e7oivent Dieu comme Cr\u00e9ateur et donc personnel. Face au panth\u00e9isme des sto\u00efciens o\u00f9 Dieu et la nature ne font qu\u2019un, il \u00e9tait indispensable de poser cette notion fondamentale d\u2019un Dieu \u00e0 la fois distinct de sa cr\u00e9ation et en relation avec elle.<\/li>\n\n\n\n<li>Ensuite, Paul oppose un triple refus aux croyances pa\u00efennes : Dieu n\u2019habite pas dans les temples faits de mains d\u2019hommes (24), il n\u2019est pas servi par des mains humaines (25), il n\u2019est pas semblable au m\u00e9tal pr\u00e9cieux qui cherche \u00e0 le repr\u00e9senter (29)<a><sup>4<\/sup><\/a>. Tout en prenant appui sur la culture pa\u00efenne, Paul reste donc tr\u00e8s critique \u00e0 son \u00e9gard. L&rsquo;\u00e9vangile qu&rsquo;il annonce \u00e0 Ath\u00e8nes n&rsquo;est pas \u00e9dulcor\u00e9. C&rsquo;est le m\u00eame \u00e9vangile qu\u2019il proclame partout sans concession aucune.&nbsp;<\/li>\n\n\n\n<li>Enfin, l\u2019ap\u00f4tre Paul questionne la d\u00e9marche des ath\u00e9niens pour atteindre Dieu&nbsp;qu&rsquo;ils cherchent \u00e0 t\u00e2tons (27). Tout en reconnaissant leur soif de v\u00e9rit\u00e9, il d\u00e9nonce la mani\u00e8re dont ils cherchent \u00e0 s\u2019approprier Dieu en se faisant une idole (29). C\u2019est ce qui les conduit \u00e0 une ignorance coupable.<\/li>\n<\/ol>\n\n\n\n<h2 class=\"wp-block-heading advgb-dyn-815426ff\"><strong>Appel audacieux<\/strong><\/h2>\n\n\n\n<p>Au fur et mesure de son expos\u00e9, Paul se montre de plus en plus incisif. Non seulement Dieu s\u2019adresse aux hommes, d\u00e9clare-t-il \u00e0 ceux qui ont du mal \u00e0 appr\u00e9hender un Dieu personnel (30) mais il les appelle \u00e0 la repentance&nbsp;! Quelle audace quand on sait qu&rsquo;on venait chercher \u00e0 l&rsquo;Ar\u00e9opage l&rsquo;accr\u00e9ditation des ath\u00e9niens pour sa divinit\u00e9 ! Paul n&rsquo;h\u00e9site pas non plus \u00e0 aborder le jugement dernier quitte \u00e0 remettre en question la perspective cosmique et circulaire du monde qu\u2019avaient les sto\u00efciens (31). Il ose m\u00eame avancer la preuve de la r\u00e9surrection, inacceptable pour les Grecs mais essentielle pour la foi&nbsp;! Pour le conseil de l&rsquo;Ar\u00e9opage qui jugeait les criminels et qui avait pour devise cette sentence attribu\u00e9e \u00e0 Eschyle&nbsp;: \u00ab&nbsp;lorsqu\u2019un homme est mort et que la terre a bu son sang, il n\u2019est pas de r\u00e9surrection&nbsp;\u00bb, c\u2019\u00e9tait le point de rupture (32). La plupart quittent Paul en se moquant de lui mais certains croient dont Denys l\u2019ar\u00e9opagiste qui selon Eus\u00e8be<a><sup>5<\/sup><\/a>&nbsp;serait devenu \u00e9v\u00eaque d\u2019Ath\u00e8nes. Quand la graine de l\u2019\u00e9vangile tombe dans la bonne terre, elle peut en donner trente, soixante, cent (Mc 4.20)<\/p>\n\n\n\n<p>Aujourd\u2019hui avec la s\u00e9cularisation de notre soci\u00e9t\u00e9, un processus de paganisation s\u2019est d\u00e9velopp\u00e9 entra\u00eenant l\u2019\u00e9mergence d\u2019une spiritualit\u00e9 panth\u00e9iste et syncr\u00e9tiste qui nous rapproche du public de Paul \u00e0 Ath\u00e8nes. Du coup, la strat\u00e9gie de l\u2019ap\u00f4tre s\u2019av\u00e8re d\u2019autant plus pertinente pour partager l\u2019\u00e9vangile avec les \u00e9lites de notre temps :&nbsp;<\/p>\n\n\n\n<ul class=\"wp-block-list\">\n<li>aller sur le terrain culturel et philosophique de ses interlocuteurs pour y exposer l\u2019extraordinaire de l\u2019\u00e9vangile \u00e0 partir d\u2019arguments fond\u00e9s sur la raison tout en \u00e9vitant le rationalisme.<\/li>\n\n\n\n<li>chercher les convergences tout en affirmant ce qui est parfois le plus controvers\u00e9 dans notre esp\u00e9rance.<\/li>\n<\/ul>\n\n\n\n<p><a>1<\/a>&nbsp;Six si\u00e8cles auparavant alors que la peste ravageait Ath\u00e8nes, Epim\u00e9nide, un po\u00e8te d&rsquo;origine cr\u00e9toise, estima qu\u2019un dieu inconnu \u00e9tait m\u00e9content. On \u00e9rigea donc un autel pour offrir \u00e0 ce dieu inconnu un troupeau de moutons noirs puis un autre de moutons blancs: \u00e0 la divinit\u00e9 de choisir ses victimes&nbsp;! (Don Richardson,&nbsp;<em>l\u2019Eternit\u00e9 dans leur c\u0153ur<\/em>, JEM, 1981, pp. 16ss).&nbsp;<\/p>\n\n\n\n<p><a>2<\/a>&nbsp;Pour cela il utilise en grec le neutre (23).<\/p>\n\n\n\n<p><a>3<\/a>&nbsp;Le verset 28 cite Aratos (po\u00e8te sto\u00efcien du 3<sup>\u00e8me<\/sup>&nbsp;si\u00e8cle avant JC)&nbsp;et ferait aussi r\u00e9f\u00e9rence \u00e0 Epim\u00e9nide. Le Dieu immat\u00e9riel (29) s\u2019accorde avec la philosophie grecque.<\/p>\n\n\n\n<p><a>4<\/a>&nbsp;Alain Nisus, \u00ab&nbsp;Discours de Paul aux pa\u00efens et situation contemporaine&nbsp;<em>\u00bb, Eglise ouvre-toi.<\/em>&nbsp;(Dossier S&amp;M, n\u00b08 &#8211; 1996)<\/p>\n\n\n\n<p><a>5<\/a>&nbsp;P\u00e8re de l\u2019Eglise au tournant du 4<sup>\u00e8me<\/sup>&nbsp;si\u00e8cle<\/p>\n","protected":false},"excerpt":{"rendered":"<p>Par Mica\u00ebl Razzano, pasteur et ancien Secr\u00e9taire G\u00e9n\u00e9ral des GBU De passage \u00e0 Ath\u00e8nes, Paul d\u00e9cide d\u2019\u00e9vang\u00e9liser sur la place publique. Le discours qu\u2019il y prononce et que Luc nous rapporte en Actes 17.16-34, marque une \u00e9tape d\u00e9cisive dans l&rsquo;avanc\u00e9e de la foi chr\u00e9tienne. C\u2019est en effet le premier grand choc entre la culture jud\u00e9o-chr\u00e9tienne [&hellip;]<\/p>\n","protected":false},"author":3,"featured_media":8621,"comment_status":"open","ping_status":"closed","sticky":false,"template":"","format":"standard","meta":{"_acf_changed":false,"_eb_attr":"","advgb_blocks_editor_width":"","advgb_blocks_columns_visual_guide":"","footnotes":""},"categories":[29,24],"tags":[636,651,132],"video":[],"audio":[],"ecrit":[],"mis-en-avant":[],"redacteur":[],"type-darticle":[],"class_list":["post-8625","post","type-post","status-publish","format-standard","has-post-thumbnail","hentry","category-le-chretien-dans-la-societe","category-textes-bibliques-commentes","tag-actes-17","tag-ecrit","tag-paul"],"blocksy_meta":[],"acf":[],"featured_image_src":"https:\/\/www.creusonslabible.fr\/wp-content\/uploads\/2023\/01\/fish-gc569d9dc3_640-e1674812639313-1.jpg","author_info":{"display_name":"Yoh","author_link":"https:\/\/www.creusonslabible.fr\/?author=3"},"author_meta":{"display_name":"Yoh","author_link":"https:\/\/www.creusonslabible.fr\/?author=3"},"featured_img":"https:\/\/www.creusonslabible.fr\/wp-content\/uploads\/2023\/01\/fish-gc569d9dc3_640-e1674812639313-1-300x144.jpg","coauthors":[],"tax_additional":{"categories":{"linked":["<a href=\"https:\/\/www.creusonslabible.fr\/?cat=29\" class=\"advgb-post-tax-term\">Le chr\u00e9tien dans la soci\u00e9t\u00e9<\/a>","<a href=\"https:\/\/www.creusonslabible.fr\/?cat=24\" class=\"advgb-post-tax-term\">Textes Bibliques comment\u00e9s<\/a>"],"unlinked":["<span class=\"advgb-post-tax-term\">Le chr\u00e9tien dans la soci\u00e9t\u00e9<\/span>","<span class=\"advgb-post-tax-term\">Textes Bibliques comment\u00e9s<\/span>"]},"tags":{"linked":["<a href=\"https:\/\/www.creusonslabible.fr\/?cat=24\" class=\"advgb-post-tax-term\">actes 17<\/a>","<a href=\"https:\/\/www.creusonslabible.fr\/?cat=24\" class=\"advgb-post-tax-term\">\u00e9crit<\/a>","<a href=\"https:\/\/www.creusonslabible.fr\/?cat=24\" class=\"advgb-post-tax-term\">Paul<\/a>"],"unlinked":["<span class=\"advgb-post-tax-term\">actes 17<\/span>","<span class=\"advgb-post-tax-term\">\u00e9crit<\/span>","<span class=\"advgb-post-tax-term\">Paul<\/span>"]}},"comment_count":"0","relative_dates":{"created":"Publi\u00e9 3 ans il y a","modified":"Mis \u00e0 jour 2 ans il y a"},"absolute_dates":{"created":"Publi\u00e9 le 12 septembre 2023","modified":"Mise \u00e0 jour le 24 avril 2024"},"absolute_dates_time":{"created":"Publi\u00e9 le 12 septembre 2023 11h52","modified":"Mise \u00e0 jour le 24 avril 2024 15h39"},"featured_img_caption":"","series_order":"","meta_box":[],"_links":{"self":[{"href":"https:\/\/www.creusonslabible.fr\/index.php?rest_route=\/wp\/v2\/posts\/8625","targetHints":{"allow":["GET"]}}],"collection":[{"href":"https:\/\/www.creusonslabible.fr\/index.php?rest_route=\/wp\/v2\/posts"}],"about":[{"href":"https:\/\/www.creusonslabible.fr\/index.php?rest_route=\/wp\/v2\/types\/post"}],"author":[{"embeddable":true,"href":"https:\/\/www.creusonslabible.fr\/index.php?rest_route=\/wp\/v2\/users\/3"}],"replies":[{"embeddable":true,"href":"https:\/\/www.creusonslabible.fr\/index.php?rest_route=%2Fwp%2Fv2%2Fcomments&post=8625"}],"version-history":[{"count":1,"href":"https:\/\/www.creusonslabible.fr\/index.php?rest_route=\/wp\/v2\/posts\/8625\/revisions"}],"predecessor-version":[{"id":9543,"href":"https:\/\/www.creusonslabible.fr\/index.php?rest_route=\/wp\/v2\/posts\/8625\/revisions\/9543"}],"wp:featuredmedia":[{"embeddable":true,"href":"https:\/\/www.creusonslabible.fr\/index.php?rest_route=\/wp\/v2\/media\/8621"}],"wp:attachment":[{"href":"https:\/\/www.creusonslabible.fr\/index.php?rest_route=%2Fwp%2Fv2%2Fmedia&parent=8625"}],"wp:term":[{"taxonomy":"category","embeddable":true,"href":"https:\/\/www.creusonslabible.fr\/index.php?rest_route=%2Fwp%2Fv2%2Fcategories&post=8625"},{"taxonomy":"post_tag","embeddable":true,"href":"https:\/\/www.creusonslabible.fr\/index.php?rest_route=%2Fwp%2Fv2%2Ftags&post=8625"},{"taxonomy":"video","embeddable":true,"href":"https:\/\/www.creusonslabible.fr\/index.php?rest_route=%2Fwp%2Fv2%2Fvideo&post=8625"},{"taxonomy":"audio","embeddable":true,"href":"https:\/\/www.creusonslabible.fr\/index.php?rest_route=%2Fwp%2Fv2%2Faudio&post=8625"},{"taxonomy":"ecrit","embeddable":true,"href":"https:\/\/www.creusonslabible.fr\/index.php?rest_route=%2Fwp%2Fv2%2Fecrit&post=8625"},{"taxonomy":"mis-en-avant","embeddable":true,"href":"https:\/\/www.creusonslabible.fr\/index.php?rest_route=%2Fwp%2Fv2%2Fmis-en-avant&post=8625"},{"taxonomy":"redacteur","embeddable":true,"href":"https:\/\/www.creusonslabible.fr\/index.php?rest_route=%2Fwp%2Fv2%2Fredacteur&post=8625"},{"taxonomy":"type-darticle","embeddable":true,"href":"https:\/\/www.creusonslabible.fr\/index.php?rest_route=%2Fwp%2Fv2%2Ftype-darticle&post=8625"}],"curies":[{"name":"wp","href":"https:\/\/api.w.org\/{rel}","templated":true}]}}