{"id":8645,"date":"2023-02-08T16:56:53","date_gmt":"2023-02-08T14:56:53","guid":{"rendered":"https:\/\/www.creusonslabible.fr\/?p=8645"},"modified":"2024-09-17T14:36:14","modified_gmt":"2024-09-17T12:36:14","slug":"ephesiens-1-1-23-le-plan-merveilleux-de-dieu-pour-les-hommes","status":"publish","type":"post","link":"https:\/\/www.creusonslabible.fr\/?p=8645","title":{"rendered":"\u00c9ph\u00e9siens 1.1-23: Le plan merveilleux de Dieu pour les hommes"},"content":{"rendered":"<figure class=\"wp-block-post-featured-image\"><img loading=\"lazy\" decoding=\"async\" width=\"1280\" height=\"852\" src=\"https:\/\/www.creusonslabible.fr\/wp-content\/uploads\/2023\/02\/Eph-DAB-1-1.jpg\" class=\"attachment-post-thumbnail size-post-thumbnail wp-post-image\" alt=\"\" style=\"object-fit:cover;\" srcset=\"https:\/\/www.creusonslabible.fr\/wp-content\/uploads\/2023\/02\/Eph-DAB-1-1.jpg 1280w, https:\/\/www.creusonslabible.fr\/wp-content\/uploads\/2023\/02\/Eph-DAB-1-1-300x200.jpg 300w, https:\/\/www.creusonslabible.fr\/wp-content\/uploads\/2023\/02\/Eph-DAB-1-1-1024x682.jpg 1024w, https:\/\/www.creusonslabible.fr\/wp-content\/uploads\/2023\/02\/Eph-DAB-1-1-768x511.jpg 768w, https:\/\/www.creusonslabible.fr\/wp-content\/uploads\/2023\/02\/Eph-DAB-1-1-1200x800.jpg 1200w\" sizes=\"auto, (max-width: 1280px) 100vw, 1280px\" \/><\/figure>\n\n\n<p><strong>Contexte de la lettre aux \u00c9ph\u00e9siens: <\/strong>C\u2019est une lettre \u00e9crite en prison par Paul aux chr\u00e9tiens de la r\u00e9gion d\u2019\u00c9ph\u00e8se. A priori cette lettre \u00e9tait adress\u00e9e aux gens de cette r\u00e9gion car on a retrouv\u00e9 dans certains manuscrits la mention \u201c\u00c9ph\u00e8se\u201d&nbsp; \u201cSalue ceux qui \u00e0 [\u00c9ph\u00e8se] font partie du&#8230;\u201d et dans d\u2019autres manuscrits&nbsp; \u201c\u00c9ph\u00e8se\u201d est laiss\u00e9 comme un trou pour que celui qui transmet la copie remplisse la ville \u00e0 destination. Cela serait fort probable puisque Paul a pass\u00e9 2 ans \u00e0 \u00c9ph\u00e8se pour enseigner et comme cette ville se trouvait \u00e0 un carrefour de routes commerciales, il se peut que des gens s\u2019y soient retrouv\u00e9s pendant qu\u2019il&nbsp; enseignait&nbsp; et qu\u2019ils soient retourn\u00e9s dans leurs villes et aient form\u00e9 d\u2019autres \u00e9glises.<\/p>\n\n\n\n<p>Le but de cette lettre pour Paul est de pr\u00e9senter le Plan de Dieu pour&nbsp; l&rsquo;humanit\u00e9 et particuli\u00e8rement pour les \u00c9ph\u00e9siens, ainsi que les cons\u00e9quences sur la vie du chr\u00e9tien. Elle se d\u00e9coupe en 2 grandes parties:&nbsp;<\/p>\n\n\n\n<p>1\u00e8re partie du livre : la base th\u00e9ologique du plan de Dieu<\/p>\n\n\n\n<p>2\u00e8me partie du livre : les cons\u00e9quences de ce Plan sur notre vie pratique.<\/p>\n\n\n\n<p>Voici le d\u00e9coupage possible:<\/p>\n\n\n\n<p class=\"has-vivid-red-color has-text-color\"><strong>1. v1-14<\/strong> Ce que Dieu a fait pour nous<\/p>\n\n\n\n<p class=\"has-vivid-green-cyan-color has-text-color\">                     <strong>1.15-23 <\/strong>Pri\u00e8re qu\u2019ils puissent de plus en plus le comprendre<\/p>\n\n\n\n<p class=\"has-vivid-red-color has-text-color\">                                  <strong>2. v1-10 <\/strong>Un cadeau de Dieu<\/p>\n\n\n\n<p class=\"has-vivid-red-color has-text-color\">                                  <strong>2. v11-22 <\/strong>R\u00e9concili\u00e9s ensemble<\/p>\n\n\n\n<p class=\"has-vivid-red-color has-text-color\">                                  <strong>3. 1-13<\/strong> La mission est dans son plan (ce n\u2019est plus un myst\u00e8re)<\/p>\n\n\n\n<p class=\"has-vivid-green-cyan-color has-text-color\">                    <strong>3. v14-21<\/strong> Qu\u2019ils puissent comprendre les dimensions de cet Amour&nbsp;<\/p>\n\n\n\n<p class=\"has-luminous-vivid-orange-color has-text-color\"><strong>4. v1-16 <\/strong>Une nouvelle humanit\u00e9 attach\u00e9e \u00e0 1 seul (Christ)<\/p>\n\n\n\n<p class=\"has-vivid-cyan-blue-color has-text-color\">                   <strong>4. v17- 5.16 <\/strong>Une vie radicale et nouvelle<\/p>\n\n\n\n<p class=\"has-vivid-cyan-blue-color has-text-color\">                   <strong>5. v17- 6. 9 <\/strong>Des exemples relationnels pour t\u00e9moigner du plan (du myst\u00e8re r\u00e9v\u00e9l\u00e9)&nbsp;<\/p>\n\n\n\n<p class=\"has-vivid-cyan-blue-color has-text-color\">                   <strong>6. v10-24 <\/strong>En attendant soyez pr\u00eats et priez<\/p>\n\n\n\n<p><\/p>\n\n\n\n<p class=\"has-large-font-size\"><strong>Lecture du texte&nbsp;<\/strong><\/p>\n\n\n\n<p>Vocabulaire \u00e0 expliquer: gr\u00e2ce v.6, Sacrifice v.7, Messie v.12, \u00c9vangile v.13, Salut v.13, Peuple Saint v.1, Esprit Saint v.13<\/p>\n\n\n\n<p class=\"has-large-font-size\"><strong>Question d&rsquo;observation : Sch\u00e9matiser<\/strong><\/p>\n\n\n\n<p>Relisez le texte. Partagez les membres de votre GBL en petits groupes et r\u00e9partissez les parties du texte suivantes en demandant \u00e0 chaque groupe de faire un sch\u00e9ma ou un dessin illustrant l\u2019extrait qui lui a \u00e9t\u00e9 attribu\u00e9.&nbsp;<\/p>\n\n\n\n<p>Voici les parties \u00e0 r\u00e9partir : v 1-7 &nbsp; | v 8-14&nbsp; | v 15-19&nbsp; | v 20-23<\/p>\n\n\n\n<p class=\"has-large-font-size\"><strong>C\u0153ur du passage:<\/strong><\/p>\n\n\n\n<p class=\"has-medium-font-size\"><strong>A- un Plan merveilleux qui a \u00e9t\u00e9 r\u00e9v\u00e9l\u00e9 et qui m\u00e9rite de s\u2019y replonger <\/strong><strong>&nbsp;<\/strong><\/p>\n\n\n\n<ul class=\"wp-block-list\">\n<li><strong>&nbsp;Quelles sont les caract\u00e9ristiques du plan de Dieu selon le texte?<\/strong> Il est bon v.5, 9, il refl\u00e8te la gr\u00e2ce de Dieu&nbsp; v.7 il a \u00e9t\u00e9 fix\u00e9 d\u2019avance v.9, il \u00e9tait secret mais il a \u00e9t\u00e9 r\u00e9v\u00e9l\u00e9 v.8, il est glorieux et riche v.18<\/li>\n<\/ul>\n\n\n\n<ul class=\"wp-block-list\">\n<li><strong>Quel \u00e9tait le plan de Dieu pour les hommes ? Comment ce plan se r\u00e9alise-t-il ? Quelles en sont les cons\u00e9quences pour les hommes?&nbsp;<em> <\/em><\/strong><em>(approfondir les id\u00e9es d\u2019adoption et d\u2019h\u00e9ritage v.11)<\/em><\/li>\n<\/ul>\n\n\n\n<ol class=\"wp-block-list\">\n<li>Christ s\u2019est offert en sacrifice pour que les hommes obtiennent la d\u00e9livrance, le pardon (v.7) et le salut v.13<\/li>\n\n\n\n<li>Il r\u00e9unit tous les hommes en Christ (v.10)<\/li>\n\n\n\n<li>Dieu les adopte(v.5) et les rend h\u00e9ritiers (v.11)<\/li>\n\n\n\n<li>Dieu leur donne son esprit et les b\u00e9nit (v.3 et V.13)<\/li>\n\n\n\n<li>Dieu leur donne sagesse et intelligence (v.8)<\/li>\n<\/ol>\n\n\n\n<ul class=\"wp-block-list\">\n<li><strong>Si les \u00c9ph\u00e9siens connaissent d\u00e9j\u00e0 Dieu et son plan (v8 et 9) pourquoi Paul prie-t-il pour qu\u2019ils le connaissent et le comprennent au v.17?&nbsp;&nbsp;<\/strong><\/li>\n<\/ul>\n\n\n\n<p class=\"has-medium-font-size\">&nbsp;<strong>B- Le But du plan de Dieu<\/strong><\/p>\n\n\n\n<ul class=\"wp-block-list\">\n<li><strong>Dans quel but, selon le texte, tout cela a \u00e9t\u00e9 accompli et pourquoi?&nbsp;<\/strong>Dans le but que les hommes c\u00e9l\u00e8brent la gloire de Dieu v.6, v.14. Il y avait une intention au d\u00e9part v.11. \u00e0 discuter&nbsp;<\/li>\n<\/ul>\n\n\n\n<ul class=\"wp-block-list\">\n<li><strong>Comment \u00eatre s\u00fbr que ce que Dieu offre aux hommes n\u2019est pas \u00e9ph\u00e9m\u00e8re?&nbsp; Quels sont les \u00e9l\u00e9ments du texte qui nourrissent l\u2019esp\u00e9rance?&nbsp;<\/strong>sceau v.13 (image \u00e0 discuter), h\u00e9ritage v.11, 14 et 18,adoption v.5, ce plan parle d\u2019une gloire \u00e0 venir, ce plan a \u00e9t\u00e9 pr\u00e9vu d\u2019avance \u2026 tout cela montre que c&rsquo;est certain&nbsp;<\/li>\n<\/ul>\n\n\n\n<ul class=\"wp-block-list\">\n<li><strong>Pourquoi est-il important que les personnes comprennent l\u2019esp\u00e9rance \u00e0 laquelle elles ont \u00e9t\u00e9 appel\u00e9es v.18? Pourquoi l\u2019auteur utilise-t-il autant de superlatifs?<\/strong><\/li>\n<\/ul>\n\n\n\n<p class=\"has-medium-font-size\"><strong>C- J\u00e9sus au centre. Le r\u00f4le de J\u00e9sus <\/strong><strong>&nbsp;<\/strong><\/p>\n\n\n\n<ul class=\"wp-block-list\">\n<li><strong>Qu\u2019est-ce qu\u2019on apprend sur le r\u00f4le et la relation de Dieu le P\u00e8re, le Fils et le Saint-Esprit dans ce texte?<\/strong> On apprend que ce n&rsquo;est pas seulement un qui agit mais que tous agissent ensemble.&nbsp;<\/li>\n<\/ul>\n\n\n\n<ul class=\"wp-block-list\">\n<li><strong>Pourquoi d\u00e9crire avec autant d\u2019ardeur et de d\u00e9tails l\u2019\u00e9tat de J\u00e9sus \u00e0 la fin? En quoi cela pr\u00e9cise le plan de Dieu pour nous?<\/strong> J\u00e9sus est au centre de tout cela! C\u2019est un plan qui vise \u00e0 constituer un peuple (image du corps).&nbsp;&nbsp;<\/li>\n<\/ul>\n\n\n\n<p class=\"has-large-font-size\"><strong>Applications:<\/strong><\/p>\n\n\n\n<ul class=\"wp-block-list\">\n<li><strong>En quoi ce message vaut-il la peine d&rsquo;\u00eatre partag\u00e9? Parfois, dans notre soci\u00e9t\u00e9, on vit sans esp\u00e9rance ni sens. Qu\u2019est-ce que ce plan pourrait apporter de plus?&nbsp;<\/strong><\/li>\n<\/ul>\n\n\n\n<ul class=\"wp-block-list\">\n<li><strong>Est-ce que j\u2019ai besoin de me plonger davantage dans ce plan pour m\u2019\u00e9merveiller? Qu&rsquo;est-ce qui m\u2019en emp\u00eache? Quels b\u00e9n\u00e9fices pourrais-je tirer du fait que Christ r\u00e8gne sur ma vie ?<\/strong><\/li>\n<\/ul>\n\n\n\n<p><\/p>\n","protected":false},"excerpt":{"rendered":"<p>Contexte de la lettre aux \u00c9ph\u00e9siens: C\u2019est une lettre \u00e9crite en prison par Paul aux chr\u00e9tiens de la r\u00e9gion d\u2019\u00c9ph\u00e8se. A priori cette lettre \u00e9tait adress\u00e9e aux gens de cette r\u00e9gion car on a retrouv\u00e9 dans certains manuscrits la mention \u201c\u00c9ph\u00e8se\u201d&nbsp; \u201cSalue ceux qui \u00e0 [\u00c9ph\u00e8se] font partie du&#8230;\u201d et dans d\u2019autres manuscrits&nbsp; \u201c\u00c9ph\u00e8se\u201d est [&hellip;]<\/p>\n","protected":false},"author":6,"featured_media":8646,"comment_status":"open","ping_status":"closed","sticky":false,"template":"","format":"standard","meta":{"_acf_changed":false,"_eb_attr":"","advgb_blocks_editor_width":"","advgb_blocks_columns_visual_guide":"","footnotes":""},"categories":[10,105],"tags":[651,591,625],"video":[],"audio":[],"ecrit":[],"mis-en-avant":[],"redacteur":[],"type-darticle":[],"class_list":["post-8645","post","type-post","status-publish","format-standard","has-post-thumbnail","hentry","category-discussions-autour-de-la-bible","category-speciales-groupes-bibliques-lyceens","tag-ecrit","tag-ephesiens-3","tag-plan-de-dieu"],"blocksy_meta":[],"acf":[],"featured_image_src":"https:\/\/www.creusonslabible.fr\/wp-content\/uploads\/2023\/02\/Eph-DAB-1-1.jpg","author_info":{"display_name":"Laetitia","author_link":"https:\/\/www.creusonslabible.fr\/?author=6"},"author_meta":{"display_name":"Laetitia","author_link":"https:\/\/www.creusonslabible.fr\/?author=6"},"featured_img":"https:\/\/www.creusonslabible.fr\/wp-content\/uploads\/2023\/02\/Eph-DAB-1-1-300x200.jpg","coauthors":[],"tax_additional":{"categories":{"linked":["<a href=\"https:\/\/www.creusonslabible.fr\/?cat=10\" class=\"advgb-post-tax-term\">Discussions autour de la Bible<\/a>","<a href=\"https:\/\/www.creusonslabible.fr\/?cat=105\" class=\"advgb-post-tax-term\">Sp\u00e9ciales Groupes Bibliques Lyc\u00e9ens<\/a>"],"unlinked":["<span class=\"advgb-post-tax-term\">Discussions autour de la Bible<\/span>","<span class=\"advgb-post-tax-term\">Sp\u00e9ciales Groupes Bibliques Lyc\u00e9ens<\/span>"]},"tags":{"linked":["<a href=\"https:\/\/www.creusonslabible.fr\/?cat=105\" class=\"advgb-post-tax-term\">\u00e9crit<\/a>","<a href=\"https:\/\/www.creusonslabible.fr\/?cat=105\" class=\"advgb-post-tax-term\">Eph\u00e9siens<\/a>","<a href=\"https:\/\/www.creusonslabible.fr\/?cat=105\" class=\"advgb-post-tax-term\">Plan de Dieu<\/a>"],"unlinked":["<span class=\"advgb-post-tax-term\">\u00e9crit<\/span>","<span class=\"advgb-post-tax-term\">Eph\u00e9siens<\/span>","<span class=\"advgb-post-tax-term\">Plan de Dieu<\/span>"]}},"comment_count":"2","relative_dates":{"created":"Publi\u00e9 3 ans il y a","modified":"Mis \u00e0 jour 2 ans il y a"},"absolute_dates":{"created":"Publi\u00e9 le 8 f\u00e9vrier 2023","modified":"Mise \u00e0 jour le 17 septembre 2024"},"absolute_dates_time":{"created":"Publi\u00e9 le 8 f\u00e9vrier 2023 16h56","modified":"Mise \u00e0 jour le 17 septembre 2024 14h36"},"featured_img_caption":"","series_order":"","meta_box":[],"_links":{"self":[{"href":"https:\/\/www.creusonslabible.fr\/index.php?rest_route=\/wp\/v2\/posts\/8645","targetHints":{"allow":["GET"]}}],"collection":[{"href":"https:\/\/www.creusonslabible.fr\/index.php?rest_route=\/wp\/v2\/posts"}],"about":[{"href":"https:\/\/www.creusonslabible.fr\/index.php?rest_route=\/wp\/v2\/types\/post"}],"author":[{"embeddable":true,"href":"https:\/\/www.creusonslabible.fr\/index.php?rest_route=\/wp\/v2\/users\/6"}],"replies":[{"embeddable":true,"href":"https:\/\/www.creusonslabible.fr\/index.php?rest_route=%2Fwp%2Fv2%2Fcomments&post=8645"}],"version-history":[{"count":2,"href":"https:\/\/www.creusonslabible.fr\/index.php?rest_route=\/wp\/v2\/posts\/8645\/revisions"}],"predecessor-version":[{"id":9846,"href":"https:\/\/www.creusonslabible.fr\/index.php?rest_route=\/wp\/v2\/posts\/8645\/revisions\/9846"}],"wp:featuredmedia":[{"embeddable":true,"href":"https:\/\/www.creusonslabible.fr\/index.php?rest_route=\/wp\/v2\/media\/8646"}],"wp:attachment":[{"href":"https:\/\/www.creusonslabible.fr\/index.php?rest_route=%2Fwp%2Fv2%2Fmedia&parent=8645"}],"wp:term":[{"taxonomy":"category","embeddable":true,"href":"https:\/\/www.creusonslabible.fr\/index.php?rest_route=%2Fwp%2Fv2%2Fcategories&post=8645"},{"taxonomy":"post_tag","embeddable":true,"href":"https:\/\/www.creusonslabible.fr\/index.php?rest_route=%2Fwp%2Fv2%2Ftags&post=8645"},{"taxonomy":"video","embeddable":true,"href":"https:\/\/www.creusonslabible.fr\/index.php?rest_route=%2Fwp%2Fv2%2Fvideo&post=8645"},{"taxonomy":"audio","embeddable":true,"href":"https:\/\/www.creusonslabible.fr\/index.php?rest_route=%2Fwp%2Fv2%2Faudio&post=8645"},{"taxonomy":"ecrit","embeddable":true,"href":"https:\/\/www.creusonslabible.fr\/index.php?rest_route=%2Fwp%2Fv2%2Fecrit&post=8645"},{"taxonomy":"mis-en-avant","embeddable":true,"href":"https:\/\/www.creusonslabible.fr\/index.php?rest_route=%2Fwp%2Fv2%2Fmis-en-avant&post=8645"},{"taxonomy":"redacteur","embeddable":true,"href":"https:\/\/www.creusonslabible.fr\/index.php?rest_route=%2Fwp%2Fv2%2Fredacteur&post=8645"},{"taxonomy":"type-darticle","embeddable":true,"href":"https:\/\/www.creusonslabible.fr\/index.php?rest_route=%2Fwp%2Fv2%2Ftype-darticle&post=8645"}],"curies":[{"name":"wp","href":"https:\/\/api.w.org\/{rel}","templated":true}]}}